{"id":83292,"date":"2025-04-12T15:35:15","date_gmt":"2025-04-12T21:35:15","guid":{"rendered":"https:\/\/diarioavanzada.com.mx\/?p=83292"},"modified":"2025-04-12T15:35:15","modified_gmt":"2025-04-12T21:35:15","slug":"comando-armado-irrumpe-en-oficinas-de-lider-agrario-y-lo-asesina-en-tuxpan-veracruz","status":"publish","type":"post","link":"https:\/\/diarioavanzada.com.mx\/?p=83292","title":{"rendered":"Comando armado irrumpe en oficinas de l\u00edder agrario y lo asesina en Tuxpan, Veracruz"},"content":{"rendered":"\n<p class=\"p1 wp-block-paragraph\">Veracruz, M\u00e9xico, Avanzada (12\/04\/2025).- El dirigente campesino Rub\u00e9n Cruz Sagastume fue asesinado la ma\u00f1ana de este viernes dentro de sus oficinas, ubicadas en la colonia Centro de Tuxpan, a escasos metros de un cuartel militar. De acuerdo con el parte policiaco, un grupo armado irrumpi\u00f3 violentamente en el lugar y abri\u00f3 fuego contra el tambi\u00e9n exs\u00edndico municipal, quien muri\u00f3 en el acto.<\/p>\n\n\n\n<p class=\"p1 wp-block-paragraph\">El ataque ocurri\u00f3 sobre la calle Ni\u00f1o Artillero, entre Vicente Guerrero y Genaro Rodr\u00edguez, en una zona considerada de alta seguridad por su cercan\u00eda con la XIX zona militar. La Fiscal\u00eda General del Estado confirm\u00f3 que abri\u00f3 una carpeta de investigaci\u00f3n y despleg\u00f3 a peritos, fiscales y elementos de la Polic\u00eda Ministerial para esclarecer los hechos. Hasta el momento no hay detenidos ni se ha emitido un pronunciamiento oficial contundente.<\/p>\n\n\n\n<p class=\"p1 wp-block-paragraph\">Cruz Sagastume fue una figura destacada en el \u00e1mbito agrario de Veracruz. Ocup\u00f3 cargos en organizaciones como la Confederaci\u00f3n Nacional Campesina (CNC), la Universidad de Xalapa, la Uni\u00f3n Nacional de Agraristas Universitarios y la Alianza Campesina Veracruzana. En diciembre de 2024, recibi\u00f3 un reconocimiento por su labor en defensa de los derechos del campesinado.<\/p>\n\n\n\n<p class=\"p1 wp-block-paragraph\">Su asesinato gener\u00f3 una fuerte ola de indignaci\u00f3n entre organizaciones civiles, sectores productivos y defensores de derechos humanos. Adem\u00e1s, ocurre en un contexto de creciente violencia contra l\u00edderes sociales en el pa\u00eds, como lo demuestra el reciente homicidio del activista Jos\u00e9 Cruz Mart\u00ednez, tambi\u00e9n en Tuxpan.<\/p>\n\n\n\n<p class=\"p1 wp-block-paragraph\">Cruz Sagastume hab\u00eda encabezado movilizaciones clave en a\u00f1os recientes, como el plant\u00f3n de 2019 frente a la C\u00e1mara de Diputados para exigir mayores recursos al campo y protestas en 2020 por tarifas justas de electricidad en la regi\u00f3n. Su perfil cr\u00edtico frente a decisiones federales lo convirti\u00f3 en una voz inc\u00f3moda, pero necesaria, para los intereses del sector rural.<\/p>\n\n\n\n<p class=\"p1 wp-block-paragraph\">El crimen tambi\u00e9n pone en entredicho la eficacia del operativo de seguridad desplegado por Semana Santa, en una ciudad que se prepara para recibir a miles de turistas. La osad\u00eda de los agresores refleja no solo el grado de impunidad, sino la vulnerabilidad en la que operan muchos l\u00edderes comunitarios.<\/p>\n\n\n\n<p class=\"p1 wp-block-paragraph\">El legado de Cruz Sagastume, marcado por su compromiso con los sectores m\u00e1s vulnerables, obliga a las autoridades a no limitarse a condenas simb\u00f3licas. La exigencia de justicia va acompa\u00f1ada del reclamo por garant\u00edas reales para quienes defienden el territorio, la tierra y los derechos del campo mexicano.<\/p>\n<div class=\"fb-background-color\">\n\t\t\t  <div \n\t\t\t  \tclass = \"fb-comments\" \n\t\t\t  \tdata-href = \"https:\/\/diarioavanzada.com.mx\/?p=83292\"\n\t\t\t  \tdata-numposts = \"10\"\n\t\t\t  \tdata-lazy = \"true\"\n\t\t\t\tdata-colorscheme = \"light\"\n\t\t\t\tdata-order-by = \"social\"\n\t\t\t\tdata-mobile=true>\n\t\t\t  <\/div><\/div>\n\t\t  <style>\n\t\t    .fb-background-color {\n\t\t\t\tbackground:  !important;\n\t\t\t}\n\t\t\t.fb_iframe_widget_fluid_desktop iframe {\n\t\t\t    width: 100% !important;\n\t\t\t}\n\t\t  <\/style>\n\t\t  ","protected":false},"excerpt":{"rendered":"<p>Veracruz, M\u00e9xico, Avanzada (12\/04\/2025).- El dirigente campesino Rub\u00e9n Cruz Sagastume fue asesinado la ma\u00f1ana de este viernes dentro de sus oficinas, ubicadas en la colonia Centro de Tuxpan, a escasos metros de un cuartel militar. De acuerdo con el parte policiaco, un grupo armado irrumpi\u00f3 violentamente en el lugar y abri\u00f3 fuego contra el tambi\u00e9n [&hellip;]<\/p>\n","protected":false},"author":7,"featured_media":83291,"comment_status":"closed","ping_status":"closed","sticky":false,"template":"","format":"standard","meta":{"_coblocks_attr":"","_coblocks_dimensions":"","_coblocks_responsive_height":"","_coblocks_accordion_ie_support":"","_crdt_document":"","advanced_seo_description":"","jetpack_seo_html_title":"","jetpack_seo_noindex":false,"_jetpack_memberships_contains_paid_content":false,"footnotes":""},"categories":[22,7,231],"tags":[],"class_list":["post-83292","post","type-post","status-publish","format-standard","has-post-thumbnail","hentry","category-nacion","category-noticias","category-seguridad"],"jetpack_featured_media_url":"https:\/\/diarioavanzada.com.mx\/wp-content\/uploads\/2025\/04\/img_8311-1.png","jetpack-related-posts":[],"jetpack_sharing_enabled":true,"amp_enabled":true,"_links":{"self":[{"href":"https:\/\/diarioavanzada.com.mx\/index.php?rest_route=\/wp\/v2\/posts\/83292","targetHints":{"allow":["GET"]}}],"collection":[{"href":"https:\/\/diarioavanzada.com.mx\/index.php?rest_route=\/wp\/v2\/posts"}],"about":[{"href":"https:\/\/diarioavanzada.com.mx\/index.php?rest_route=\/wp\/v2\/types\/post"}],"author":[{"embeddable":true,"href":"https:\/\/diarioavanzada.com.mx\/index.php?rest_route=\/wp\/v2\/users\/7"}],"replies":[{"embeddable":true,"href":"https:\/\/diarioavanzada.com.mx\/index.php?rest_route=%2Fwp%2Fv2%2Fcomments&post=83292"}],"version-history":[{"count":1,"href":"https:\/\/diarioavanzada.com.mx\/index.php?rest_route=\/wp\/v2\/posts\/83292\/revisions"}],"predecessor-version":[{"id":83293,"href":"https:\/\/diarioavanzada.com.mx\/index.php?rest_route=\/wp\/v2\/posts\/83292\/revisions\/83293"}],"wp:featuredmedia":[{"embeddable":true,"href":"https:\/\/diarioavanzada.com.mx\/index.php?rest_route=\/wp\/v2\/media\/83291"}],"wp:attachment":[{"href":"https:\/\/diarioavanzada.com.mx\/index.php?rest_route=%2Fwp%2Fv2%2Fmedia&parent=83292"}],"wp:term":[{"taxonomy":"category","embeddable":true,"href":"https:\/\/diarioavanzada.com.mx\/index.php?rest_route=%2Fwp%2Fv2%2Fcategories&post=83292"},{"taxonomy":"post_tag","embeddable":true,"href":"https:\/\/diarioavanzada.com.mx\/index.php?rest_route=%2Fwp%2Fv2%2Ftags&post=83292"}],"curies":[{"name":"wp","href":"https:\/\/api.w.org\/{rel}","templated":true}]}}