{"id":83238,"date":"2025-04-11T18:55:21","date_gmt":"2025-04-12T00:55:21","guid":{"rendered":"https:\/\/diarioavanzada.com.mx\/?p=83238"},"modified":"2025-04-11T18:55:21","modified_gmt":"2025-04-12T00:55:21","slug":"entre-pares-mujeres-que-tejen-redes-en-la-ingenieria","status":"publish","type":"post","link":"https:\/\/diarioavanzada.com.mx\/?p=83238","title":{"rendered":"Entre pares, mujeres que tejen redes en la ingenier\u00eda"},"content":{"rendered":"\n<p class=\"wp-block-paragraph\"><em>La jornada tuvo como prop\u00f3sito principal fortalecer los lazos de colaboraci\u00f3n y compa\u00f1erismo entre futuras ingenieras, fomentando un espacio de di\u00e1logo y apoyo mutuo.<\/em><\/p>\n\n\n\n<p class=\"wp-block-paragraph\">Colima, M\u00e9xico, Comunicado (11\/04\/2025).- En un emotivo encuentro que celebr\u00f3 la identidad, la sororidad y la construcci\u00f3n de redes entre mujeres, alumnas de la Facultad de Ingenier\u00eda Mec\u00e1nica y El\u00e9ctrica (FIME) del campus Coquimatl\u00e1n de la Universidad de Colima, visitaron las instalaciones de la Facultad de Ingenier\u00eda Electromec\u00e1nica, en el campus El Naranjo de Manzanillo.<\/p>\n\n\n\n<p class=\"wp-block-paragraph\">La jornada tuvo como prop\u00f3sito principal fortalecer los lazos de colaboraci\u00f3n y compa\u00f1erismo entre futuras ingenieras, fomentando un espacio de di\u00e1logo y apoyo mutuo. A trav\u00e9s de actividades de integraci\u00f3n, charlas motivacionales y din\u00e1micas grupales, las participantes compartieron experiencias, retos y aspiraciones en un ambiente caracterizado por la empat\u00eda y el trabajo en equipo.<\/p>\n\n\n\n<p class=\"wp-block-paragraph\">Las estudiantes anfitrionas abrieron las puertas de sus espacios acad\u00e9micos, guiando a sus compa\u00f1eras en un recorrido por laboratorios, talleres e instalaciones, y mostrando parte del quehacer estudiantil que caracteriza a la comunidad de ingenier\u00eda en Manzanillo.<\/p>\n\n\n\n<p class=\"wp-block-paragraph\">El evento cont\u00f3 con el acompa\u00f1amiento del Centro de Estudios para la Igualdad y Equidad de G\u00e9nero de la Universidad de Colima, cuyas intervenciones reafirmaron la importancia de crear espacios reflexivos que impulsen el crecimiento personal y colectivo de las mujeres en disciplinas tradicionalmente masculinizadas.<\/p>\n\n\n\n<p class=\"wp-block-paragraph\">La jornada se desarroll\u00f3 con gran \u00e9xito, consolidando un puente entre comunidades estudiantiles que comparten no solo intereses profesionales, sino tambi\u00e9n una visi\u00f3n de equidad y solidaridad.<\/p>\n\n\n\n<p class=\"wp-block-paragraph\">Como parte de la continuidad de esta iniciativa, ser\u00e1 ahora la FIME del campus Coquimatl\u00e1n quien reciba a las estudiantes de Manzanillo, en un segundo encuentro que dar\u00e1 seguimiento a este esfuerzo por tejer redes entre pares y construir una ingenier\u00eda m\u00e1s inclusiva.<\/p>\n\n\n\n<figure class=\"wp-block-image size-large\"><img loading=\"lazy\" decoding=\"async\" width=\"1024\" height=\"576\" src=\"https:\/\/diarioavanzada.com.mx\/wp-content\/uploads\/2025\/04\/Entre-pares-mujeres-que-tejen-redes-en-la-ingenieria_b-1024x576.jpg\" alt=\"\" class=\"wp-image-83241\" srcset=\"https:\/\/diarioavanzada.com.mx\/wp-content\/uploads\/2025\/04\/Entre-pares-mujeres-que-tejen-redes-en-la-ingenieria_b-1024x576.jpg 1024w, https:\/\/diarioavanzada.com.mx\/wp-content\/uploads\/2025\/04\/Entre-pares-mujeres-que-tejen-redes-en-la-ingenieria_b-300x169.jpg 300w, https:\/\/diarioavanzada.com.mx\/wp-content\/uploads\/2025\/04\/Entre-pares-mujeres-que-tejen-redes-en-la-ingenieria_b-768x432.jpg 768w, https:\/\/diarioavanzada.com.mx\/wp-content\/uploads\/2025\/04\/Entre-pares-mujeres-que-tejen-redes-en-la-ingenieria_b-1200x675.jpg 1200w, https:\/\/diarioavanzada.com.mx\/wp-content\/uploads\/2025\/04\/Entre-pares-mujeres-que-tejen-redes-en-la-ingenieria_b.jpg 1333w\" sizes=\"auto, (max-width: 1024px) 100vw, 1024px\" \/><\/figure>\n\n\n\n<figure class=\"wp-block-image size-large\"><img loading=\"lazy\" decoding=\"async\" width=\"1024\" height=\"576\" src=\"https:\/\/diarioavanzada.com.mx\/wp-content\/uploads\/2025\/04\/Entre-pares-mujeres-que-tejen-redes-en-la-ingenieria-1024x576.jpg\" alt=\"\" class=\"wp-image-83242\" srcset=\"https:\/\/diarioavanzada.com.mx\/wp-content\/uploads\/2025\/04\/Entre-pares-mujeres-que-tejen-redes-en-la-ingenieria-1024x576.jpg 1024w, https:\/\/diarioavanzada.com.mx\/wp-content\/uploads\/2025\/04\/Entre-pares-mujeres-que-tejen-redes-en-la-ingenieria-300x169.jpg 300w, https:\/\/diarioavanzada.com.mx\/wp-content\/uploads\/2025\/04\/Entre-pares-mujeres-que-tejen-redes-en-la-ingenieria-768x432.jpg 768w, https:\/\/diarioavanzada.com.mx\/wp-content\/uploads\/2025\/04\/Entre-pares-mujeres-que-tejen-redes-en-la-ingenieria-1200x675.jpg 1200w, https:\/\/diarioavanzada.com.mx\/wp-content\/uploads\/2025\/04\/Entre-pares-mujeres-que-tejen-redes-en-la-ingenieria.jpg 1333w\" sizes=\"auto, (max-width: 1024px) 100vw, 1024px\" \/><\/figure>\n\n\n\n<figure class=\"wp-block-image size-large\"><img loading=\"lazy\" decoding=\"async\" width=\"1024\" height=\"768\" src=\"https:\/\/diarioavanzada.com.mx\/wp-content\/uploads\/2025\/04\/Entre-pares-mujeres-que-tejen-redes-en-la-ingenieria_c-1024x768.jpg\" alt=\"\" class=\"wp-image-83244\" srcset=\"https:\/\/diarioavanzada.com.mx\/wp-content\/uploads\/2025\/04\/Entre-pares-mujeres-que-tejen-redes-en-la-ingenieria_c-1024x768.jpg 1024w, https:\/\/diarioavanzada.com.mx\/wp-content\/uploads\/2025\/04\/Entre-pares-mujeres-que-tejen-redes-en-la-ingenieria_c-300x225.jpg 300w, https:\/\/diarioavanzada.com.mx\/wp-content\/uploads\/2025\/04\/Entre-pares-mujeres-que-tejen-redes-en-la-ingenieria_c-768x576.jpg 768w, https:\/\/diarioavanzada.com.mx\/wp-content\/uploads\/2025\/04\/Entre-pares-mujeres-que-tejen-redes-en-la-ingenieria_c-800x600.jpg?crop=1 800w, https:\/\/diarioavanzada.com.mx\/wp-content\/uploads\/2025\/04\/Entre-pares-mujeres-que-tejen-redes-en-la-ingenieria_c-600x450.jpg?crop=1 600w, https:\/\/diarioavanzada.com.mx\/wp-content\/uploads\/2025\/04\/Entre-pares-mujeres-que-tejen-redes-en-la-ingenieria_c-400x300.jpg?crop=1 400w, https:\/\/diarioavanzada.com.mx\/wp-content\/uploads\/2025\/04\/Entre-pares-mujeres-que-tejen-redes-en-la-ingenieria_c-200x150.jpg?crop=1 200w, https:\/\/diarioavanzada.com.mx\/wp-content\/uploads\/2025\/04\/Entre-pares-mujeres-que-tejen-redes-en-la-ingenieria_c.jpg 1154w\" sizes=\"auto, (max-width: 1024px) 100vw, 1024px\" \/><\/figure>\n\n\n\n<figure class=\"wp-block-image size-large\"><img loading=\"lazy\" decoding=\"async\" width=\"1024\" height=\"576\" src=\"https:\/\/diarioavanzada.com.mx\/wp-content\/uploads\/2025\/04\/Entre-pares-mujeres-que-tejen-redes-en-la-ingenieria_d-1024x576.jpg\" alt=\"\" class=\"wp-image-83245\" srcset=\"https:\/\/diarioavanzada.com.mx\/wp-content\/uploads\/2025\/04\/Entre-pares-mujeres-que-tejen-redes-en-la-ingenieria_d-1024x576.jpg 1024w, https:\/\/diarioavanzada.com.mx\/wp-content\/uploads\/2025\/04\/Entre-pares-mujeres-que-tejen-redes-en-la-ingenieria_d-300x169.jpg 300w, https:\/\/diarioavanzada.com.mx\/wp-content\/uploads\/2025\/04\/Entre-pares-mujeres-que-tejen-redes-en-la-ingenieria_d-768x432.jpg 768w, https:\/\/diarioavanzada.com.mx\/wp-content\/uploads\/2025\/04\/Entre-pares-mujeres-que-tejen-redes-en-la-ingenieria_d-1200x675.jpg 1200w, https:\/\/diarioavanzada.com.mx\/wp-content\/uploads\/2025\/04\/Entre-pares-mujeres-que-tejen-redes-en-la-ingenieria_d.jpg 1333w\" sizes=\"auto, (max-width: 1024px) 100vw, 1024px\" \/><\/figure>\n\n\n\n<figure class=\"wp-block-image size-large\"><img loading=\"lazy\" decoding=\"async\" width=\"1024\" height=\"576\" src=\"https:\/\/diarioavanzada.com.mx\/wp-content\/uploads\/2025\/04\/Entre-pares-mujeres-que-tejen-redes-en-la-ingenieria_e-1024x576.jpg\" alt=\"\" class=\"wp-image-83247\" srcset=\"https:\/\/diarioavanzada.com.mx\/wp-content\/uploads\/2025\/04\/Entre-pares-mujeres-que-tejen-redes-en-la-ingenieria_e-1024x576.jpg 1024w, https:\/\/diarioavanzada.com.mx\/wp-content\/uploads\/2025\/04\/Entre-pares-mujeres-que-tejen-redes-en-la-ingenieria_e-300x169.jpg 300w, https:\/\/diarioavanzada.com.mx\/wp-content\/uploads\/2025\/04\/Entre-pares-mujeres-que-tejen-redes-en-la-ingenieria_e-768x432.jpg 768w, https:\/\/diarioavanzada.com.mx\/wp-content\/uploads\/2025\/04\/Entre-pares-mujeres-que-tejen-redes-en-la-ingenieria_e-1200x675.jpg 1200w, https:\/\/diarioavanzada.com.mx\/wp-content\/uploads\/2025\/04\/Entre-pares-mujeres-que-tejen-redes-en-la-ingenieria_e.jpg 1333w\" sizes=\"auto, (max-width: 1024px) 100vw, 1024px\" \/><\/figure>\n<div class=\"fb-background-color\">\n\t\t\t  <div \n\t\t\t  \tclass = \"fb-comments\" \n\t\t\t  \tdata-href = \"https:\/\/diarioavanzada.com.mx\/?p=83238\"\n\t\t\t  \tdata-numposts = \"10\"\n\t\t\t  \tdata-lazy = \"true\"\n\t\t\t\tdata-colorscheme = \"light\"\n\t\t\t\tdata-order-by = \"social\"\n\t\t\t\tdata-mobile=true>\n\t\t\t  <\/div><\/div>\n\t\t  <style>\n\t\t    .fb-background-color {\n\t\t\t\tbackground:  !important;\n\t\t\t}\n\t\t\t.fb_iframe_widget_fluid_desktop iframe {\n\t\t\t    width: 100% !important;\n\t\t\t}\n\t\t  <\/style>\n\t\t  ","protected":false},"excerpt":{"rendered":"<p>La jornada tuvo como prop\u00f3sito principal fortalecer los lazos de colaboraci\u00f3n y compa\u00f1erismo entre futuras ingenieras, fomentando un espacio de di\u00e1logo y apoyo mutuo. Colima, M\u00e9xico, Comunicado (11\/04\/2025).- En un emotivo encuentro que celebr\u00f3 la identidad, la sororidad y la construcci\u00f3n de redes entre mujeres, alumnas de la Facultad de Ingenier\u00eda Mec\u00e1nica y El\u00e9ctrica (FIME) [&hellip;]<\/p>\n","protected":false},"author":7,"featured_media":83250,"comment_status":"closed","ping_status":"closed","sticky":false,"template":"","format":"standard","meta":{"_coblocks_attr":"","_coblocks_dimensions":"","_coblocks_responsive_height":"","_coblocks_accordion_ie_support":"","_crdt_document":"","advanced_seo_description":"","jetpack_seo_html_title":"","jetpack_seo_noindex":false,"_jetpack_memberships_contains_paid_content":false,"footnotes":""},"categories":[19,209,7],"tags":[],"class_list":["post-83238","post","type-post","status-publish","format-standard","has-post-thumbnail","hentry","category-colima","category-importantes","category-noticias"],"jetpack_featured_media_url":"https:\/\/diarioavanzada.com.mx\/wp-content\/uploads\/2025\/04\/b8bac323-51c0-41aa-854f-04391dcdcac0-1.jpg","jetpack-related-posts":[],"jetpack_sharing_enabled":true,"amp_enabled":true,"_links":{"self":[{"href":"https:\/\/diarioavanzada.com.mx\/index.php?rest_route=\/wp\/v2\/posts\/83238","targetHints":{"allow":["GET"]}}],"collection":[{"href":"https:\/\/diarioavanzada.com.mx\/index.php?rest_route=\/wp\/v2\/posts"}],"about":[{"href":"https:\/\/diarioavanzada.com.mx\/index.php?rest_route=\/wp\/v2\/types\/post"}],"author":[{"embeddable":true,"href":"https:\/\/diarioavanzada.com.mx\/index.php?rest_route=\/wp\/v2\/users\/7"}],"replies":[{"embeddable":true,"href":"https:\/\/diarioavanzada.com.mx\/index.php?rest_route=%2Fwp%2Fv2%2Fcomments&post=83238"}],"version-history":[{"count":4,"href":"https:\/\/diarioavanzada.com.mx\/index.php?rest_route=\/wp\/v2\/posts\/83238\/revisions"}],"predecessor-version":[{"id":83248,"href":"https:\/\/diarioavanzada.com.mx\/index.php?rest_route=\/wp\/v2\/posts\/83238\/revisions\/83248"}],"wp:featuredmedia":[{"embeddable":true,"href":"https:\/\/diarioavanzada.com.mx\/index.php?rest_route=\/wp\/v2\/media\/83250"}],"wp:attachment":[{"href":"https:\/\/diarioavanzada.com.mx\/index.php?rest_route=%2Fwp%2Fv2%2Fmedia&parent=83238"}],"wp:term":[{"taxonomy":"category","embeddable":true,"href":"https:\/\/diarioavanzada.com.mx\/index.php?rest_route=%2Fwp%2Fv2%2Fcategories&post=83238"},{"taxonomy":"post_tag","embeddable":true,"href":"https:\/\/diarioavanzada.com.mx\/index.php?rest_route=%2Fwp%2Fv2%2Ftags&post=83238"}],"curies":[{"name":"wp","href":"https:\/\/api.w.org\/{rel}","templated":true}]}}