{"id":8084,"date":"2019-10-15T11:18:25","date_gmt":"2019-10-15T16:18:25","guid":{"rendered":"https:\/\/diarioavanzada.com.mx\/?p=8084"},"modified":"2019-10-15T11:21:37","modified_gmt":"2019-10-15T16:21:37","slug":"en-crisis-bajan-las-ventas-de-la-industria-automotriz-en-colima","status":"publish","type":"post","link":"https:\/\/diarioavanzada.com.mx\/?p=8084","title":{"rendered":"En crisis, bajan las ventas de la industria automotriz en Colima"},"content":{"rendered":"\n<p class=\"wp-block-paragraph\">Colima, M\u00e9xico, Avanzada (15\/10\/2019).- En Colima, no s\u00f3lo los constructores y restauranteros se encuentran en crisis: tambi\u00e9n los comerciantes, especialmente los relacionados con la industria automotriz.<\/p>\n\n\n\n<p class=\"wp-block-paragraph\">En entrevista con diversos medios de comunicaci\u00f3n,\u00a0el presidente de la CANACO, Javier Siordia Alcaraz acept\u00f3 que en Colima desde hace a\u00f1o y medio la industria automotriz reporta\u00a0que sus ventas van a la baja.<\/p>\n\n\n\n<p class=\"wp-block-paragraph\">Indic\u00f3 que en la venta de autom\u00f3viles en la entidad, en los \u00faltimos 18 meses los saldos que se reportan son negativos en comparaci\u00f3n con a\u00f1os anteriores, lo que est\u00e1 afectando las finanzas de los comerciantes, pero tambi\u00e9n&nbsp; las fuentes de empleo.<\/p>\n\n\n\n<p class=\"wp-block-paragraph\">Siordia Alcaraz mencion\u00f3 que en el resto de las actividades, los comerciantes han expuesto que en los \u00faltimos seis meses de este a\u00f1o, la crisis se agudiz\u00f3 en comparaci\u00f3n con a\u00f1os anteriores.<\/p>\n\n\n\n<p class=\"wp-block-paragraph\">\u201cEl panorama es complicado y no nos gusta, porque justo est\u00e1 sucediendo lo que no esperamos en materia econ\u00f3mica\u201d, afirm\u00f3, para despu\u00e9s sentenciar que la mayor\u00eda de los comercios registran p\u00e9rdidas o ventas a la baja en la entidad.<\/p>\n\n\n\n<p class=\"wp-block-paragraph\">La semana pasada, el presidente de la CANIRAC report\u00f3 una situaci\u00f3n complicada en la econom\u00eda y dijo que por lo menos 12 restaurantes cerraron en el \u00faltimo a\u00f1o. Advirti\u00f3 sobre la perdida de fuentes empleos y la preocupaci\u00f3n de que la situaci\u00f3n econ\u00f3mica no mejore.<\/p>\n\n\n\n<p class=\"wp-block-paragraph\">Por su parte, el presidente de la CMIC refiri\u00f3 que el 30 por ciento de los afiliados est\u00e1n en riesgo de la quiebra por la escases de obra p\u00fablica.<\/p>\n<div class=\"fb-background-color\">\n\t\t\t  <div \n\t\t\t  \tclass = \"fb-comments\" \n\t\t\t  \tdata-href = \"https:\/\/diarioavanzada.com.mx\/?p=8084\"\n\t\t\t  \tdata-numposts = \"10\"\n\t\t\t  \tdata-lazy = \"true\"\n\t\t\t\tdata-colorscheme = \"light\"\n\t\t\t\tdata-order-by = \"social\"\n\t\t\t\tdata-mobile=true>\n\t\t\t  <\/div><\/div>\n\t\t  <style>\n\t\t    .fb-background-color {\n\t\t\t\tbackground:  !important;\n\t\t\t}\n\t\t\t.fb_iframe_widget_fluid_desktop iframe {\n\t\t\t    width: 100% !important;\n\t\t\t}\n\t\t  <\/style>\n\t\t  ","protected":false},"excerpt":{"rendered":"<p>Colima, M\u00e9xico, Avanzada (15\/10\/2019).- En Colima, no s\u00f3lo los constructores y restauranteros se encuentran en crisis: tambi\u00e9n los comerciantes, especialmente los relacionados con la industria automotriz. En entrevista con diversos medios de comunicaci\u00f3n,\u00a0el presidente de la CANACO, Javier Siordia Alcaraz acept\u00f3 que en Colima desde hace a\u00f1o y medio la industria automotriz reporta\u00a0que sus ventas [&hellip;]<\/p>\n","protected":false},"author":5,"featured_media":8085,"comment_status":"closed","ping_status":"closed","sticky":false,"template":"","format":"standard","meta":{"_coblocks_attr":"","_coblocks_dimensions":"","_coblocks_responsive_height":"","_coblocks_accordion_ie_support":"","_crdt_document":"","advanced_seo_description":"","jetpack_seo_html_title":"","jetpack_seo_noindex":false,"_jetpack_memberships_contains_paid_content":false,"footnotes":""},"categories":[19],"tags":[210],"class_list":["post-8084","post","type-post","status-publish","format-standard","has-post-thumbnail","hentry","category-colima","tag-portada"],"jetpack_featured_media_url":"https:\/\/diarioavanzada.com.mx\/wp-content\/uploads\/2019\/10\/1F11D715-86D6-46B4-8CFA-8876CC2705FC.jpeg","jetpack-related-posts":[],"jetpack_sharing_enabled":true,"amp_enabled":true,"_links":{"self":[{"href":"https:\/\/diarioavanzada.com.mx\/index.php?rest_route=\/wp\/v2\/posts\/8084","targetHints":{"allow":["GET"]}}],"collection":[{"href":"https:\/\/diarioavanzada.com.mx\/index.php?rest_route=\/wp\/v2\/posts"}],"about":[{"href":"https:\/\/diarioavanzada.com.mx\/index.php?rest_route=\/wp\/v2\/types\/post"}],"author":[{"embeddable":true,"href":"https:\/\/diarioavanzada.com.mx\/index.php?rest_route=\/wp\/v2\/users\/5"}],"replies":[{"embeddable":true,"href":"https:\/\/diarioavanzada.com.mx\/index.php?rest_route=%2Fwp%2Fv2%2Fcomments&post=8084"}],"version-history":[{"count":0,"href":"https:\/\/diarioavanzada.com.mx\/index.php?rest_route=\/wp\/v2\/posts\/8084\/revisions"}],"wp:featuredmedia":[{"embeddable":true,"href":"https:\/\/diarioavanzada.com.mx\/index.php?rest_route=\/wp\/v2\/media\/8085"}],"wp:attachment":[{"href":"https:\/\/diarioavanzada.com.mx\/index.php?rest_route=%2Fwp%2Fv2%2Fmedia&parent=8084"}],"wp:term":[{"taxonomy":"category","embeddable":true,"href":"https:\/\/diarioavanzada.com.mx\/index.php?rest_route=%2Fwp%2Fv2%2Fcategories&post=8084"},{"taxonomy":"post_tag","embeddable":true,"href":"https:\/\/diarioavanzada.com.mx\/index.php?rest_route=%2Fwp%2Fv2%2Ftags&post=8084"}],"curies":[{"name":"wp","href":"https:\/\/api.w.org\/{rel}","templated":true}]}}