{"id":80573,"date":"2025-03-20T16:07:41","date_gmt":"2025-03-20T22:07:41","guid":{"rendered":"https:\/\/diarioavanzada.com.mx\/?p=80573"},"modified":"2025-03-20T16:11:19","modified_gmt":"2025-03-20T22:11:19","slug":"ejecutan-a-regidor-de-ocuilan-frente-a-la-presidencia-municipal","status":"publish","type":"post","link":"https:\/\/diarioavanzada.com.mx\/?p=80573","title":{"rendered":"Ejecutan a regidor de Ocuilan frente a la presidencia municipal"},"content":{"rendered":"\n<p class=\"p1 wp-block-paragraph\">Estado de M\u00e9xico, Avanzada (20\/03\/2025).- La violencia cobr\u00f3 una nueva v\u00edctima en el Estado de M\u00e9xico. Este jueves, el primer regidor de Ocuilan y militante de Movimiento Ciudadano, Alejo Cedillo, fue asesinado a tiros frente a la presidencia municipal. Durante el ataque, un colaborador suyo, identificado como Luis L\u00f3pez, result\u00f3 herido y tuvo que ser trasladado a un hospital de la regi\u00f3n para recibir atenci\u00f3n m\u00e9dica.<\/p>\n\n\n\n<p class=\"p1 wp-block-paragraph\">Los hechos ocurrieron en las inmediaciones del ayuntamiento, cuando sujetos armados dispararon contra la fachada del edificio y atacaron directamente a Cedillo. A pesar de la r\u00e1pida movilizaci\u00f3n de servicios de emergencia, el regidor perdi\u00f3 la vida en el lugar.<\/p>\n\n\n\n<p class=\"p1 wp-block-paragraph\">El asesinato gener\u00f3 una fuerte reacci\u00f3n en Movimiento Ciudadano, partido al que pertenec\u00eda la v\u00edctima. A trav\u00e9s de un comunicado, la dirigencia estatal conden\u00f3 el crimen y demand\u00f3 a las autoridades estatales y federales esclarecer el caso.<\/p>\n\n\n\n<p class=\"p1 wp-block-paragraph\">\u201cMovimiento Ciudadano exige justicia no solo por nuestro compa\u00f1ero Alejo Cedillo, sino por todos los militantes y ciudadanos que han sido v\u00edctimas de la creciente violencia en el Estado de M\u00e9xico. No podemos permitir que la impunidad siga reinando y que el miedo se normalice en nuestras comunidades\u201d, se\u00f1al\u00f3 el partido.<\/p>\n\n\n\n<p class=\"p1 wp-block-paragraph\">El partido naranja tambi\u00e9n anunci\u00f3 que recurrir\u00e1 a todas las instancias legales para que se investigue el asesinato y se castigue a los responsables. Asimismo, expres\u00f3 su solidaridad con la familia del regidor y con quienes perdieron a un ser querido en hechos violentos.<\/p>\n\n\n\n<p class=\"p1 wp-block-paragraph\">Hasta el momento, las autoridades no han revelado detalles sobre las posibles l\u00edneas de investigaci\u00f3n ni informaron sobre avances en la b\u00fasqueda de los responsables. Sin embargo, este crimen se suma a una serie de hechos violentos que han golpeado al Estado de M\u00e9xico en los \u00faltimos meses, generando preocupaci\u00f3n entre la poblaci\u00f3n y los sectores pol\u00edticos.<\/p>\n\n\n\n<p class=\"p1 wp-block-paragraph\">Mientras tanto, amigos y allegados a Alejo Cedillo exigen justicia y denuncian la creciente inseguridad que afecta a la regi\u00f3n.<\/p>\n\n\n\n<figure class=\"wp-block-image size-large\"><img loading=\"lazy\" decoding=\"async\" width=\"526\" height=\"694\" src=\"https:\/\/diarioavanzada.com.mx\/wp-content\/uploads\/2025\/03\/img_1349-1.jpg\" alt=\"\" class=\"wp-image-80571\" srcset=\"https:\/\/diarioavanzada.com.mx\/wp-content\/uploads\/2025\/03\/img_1349-1.jpg 526w, https:\/\/diarioavanzada.com.mx\/wp-content\/uploads\/2025\/03\/img_1349-1-227x300.jpg 227w\" sizes=\"auto, (max-width: 526px) 100vw, 526px\" \/><\/figure>\n<div class=\"fb-background-color\">\n\t\t\t  <div \n\t\t\t  \tclass = \"fb-comments\" \n\t\t\t  \tdata-href = \"https:\/\/diarioavanzada.com.mx\/?p=80573\"\n\t\t\t  \tdata-numposts = \"10\"\n\t\t\t  \tdata-lazy = \"true\"\n\t\t\t\tdata-colorscheme = \"light\"\n\t\t\t\tdata-order-by = \"social\"\n\t\t\t\tdata-mobile=true>\n\t\t\t  <\/div><\/div>\n\t\t  <style>\n\t\t    .fb-background-color {\n\t\t\t\tbackground:  !important;\n\t\t\t}\n\t\t\t.fb_iframe_widget_fluid_desktop iframe {\n\t\t\t    width: 100% !important;\n\t\t\t}\n\t\t  <\/style>\n\t\t  ","protected":false},"excerpt":{"rendered":"<p>Estado de M\u00e9xico, Avanzada (20\/03\/2025).- La violencia cobr\u00f3 una nueva v\u00edctima en el Estado de M\u00e9xico. Este jueves, el primer regidor de Ocuilan y militante de Movimiento Ciudadano, Alejo Cedillo, fue asesinado a tiros frente a la presidencia municipal. Durante el ataque, un colaborador suyo, identificado como Luis L\u00f3pez, result\u00f3 herido y tuvo que ser [&hellip;]<\/p>\n","protected":false},"author":7,"featured_media":80590,"comment_status":"closed","ping_status":"closed","sticky":false,"template":"","format":"standard","meta":{"_coblocks_attr":"","_coblocks_dimensions":"","_coblocks_responsive_height":"","_coblocks_accordion_ie_support":"","_crdt_document":"","advanced_seo_description":"","jetpack_seo_html_title":"","jetpack_seo_noindex":false,"_jetpack_memberships_contains_paid_content":false,"footnotes":""},"categories":[22,7,231],"tags":[],"class_list":["post-80573","post","type-post","status-publish","format-standard","has-post-thumbnail","hentry","category-nacion","category-noticias","category-seguridad"],"jetpack_featured_media_url":"https:\/\/diarioavanzada.com.mx\/wp-content\/uploads\/2025\/03\/img_1614-1.png","jetpack-related-posts":[],"jetpack_sharing_enabled":true,"amp_enabled":true,"_links":{"self":[{"href":"https:\/\/diarioavanzada.com.mx\/index.php?rest_route=\/wp\/v2\/posts\/80573","targetHints":{"allow":["GET"]}}],"collection":[{"href":"https:\/\/diarioavanzada.com.mx\/index.php?rest_route=\/wp\/v2\/posts"}],"about":[{"href":"https:\/\/diarioavanzada.com.mx\/index.php?rest_route=\/wp\/v2\/types\/post"}],"author":[{"embeddable":true,"href":"https:\/\/diarioavanzada.com.mx\/index.php?rest_route=\/wp\/v2\/users\/7"}],"replies":[{"embeddable":true,"href":"https:\/\/diarioavanzada.com.mx\/index.php?rest_route=%2Fwp%2Fv2%2Fcomments&post=80573"}],"version-history":[{"count":3,"href":"https:\/\/diarioavanzada.com.mx\/index.php?rest_route=\/wp\/v2\/posts\/80573\/revisions"}],"predecessor-version":[{"id":80592,"href":"https:\/\/diarioavanzada.com.mx\/index.php?rest_route=\/wp\/v2\/posts\/80573\/revisions\/80592"}],"wp:featuredmedia":[{"embeddable":true,"href":"https:\/\/diarioavanzada.com.mx\/index.php?rest_route=\/wp\/v2\/media\/80590"}],"wp:attachment":[{"href":"https:\/\/diarioavanzada.com.mx\/index.php?rest_route=%2Fwp%2Fv2%2Fmedia&parent=80573"}],"wp:term":[{"taxonomy":"category","embeddable":true,"href":"https:\/\/diarioavanzada.com.mx\/index.php?rest_route=%2Fwp%2Fv2%2Fcategories&post=80573"},{"taxonomy":"post_tag","embeddable":true,"href":"https:\/\/diarioavanzada.com.mx\/index.php?rest_route=%2Fwp%2Fv2%2Ftags&post=80573"}],"curies":[{"name":"wp","href":"https:\/\/api.w.org\/{rel}","templated":true}]}}