{"id":79034,"date":"2025-03-09T09:21:26","date_gmt":"2025-03-09T15:21:26","guid":{"rendered":"https:\/\/diarioavanzada.com.mx\/?p=79034"},"modified":"2025-03-09T09:21:26","modified_gmt":"2025-03-09T15:21:26","slug":"violencia-en-sinaloa-33-menores-han-perdido-la-vida-en-seis-meses-de-narcoguerra","status":"publish","type":"post","link":"https:\/\/diarioavanzada.com.mx\/?p=79034","title":{"rendered":"Violencia en Sinaloa: 33 menores han perdido la vida en seis meses de narcoguerra"},"content":{"rendered":"\n<p class=\"p1 wp-block-paragraph\">Sinaloa, M\u00e9xico, Avanzada (09\/03\/2025).- La violencia no da tregua en Sinaloa. A casi seis meses de iniciada la lucha entre las facciones del C\u00e1rtel de Sinaloa, \u201cLa Mayiza\u201d y \u201cLa Chapiza\u201d, el saldo sigue en aumento, dejando hasta ahora 33 ni\u00f1as, ni\u00f1os y adolescentes asesinados, seg\u00fan datos recientes de las autoridades estatales.<\/p>\n\n\n\n<p class=\"p1 wp-block-paragraph\">Uno de los casos m\u00e1s recientes es el de Regina, una joven de 14 a\u00f1os que fue v\u00edctima de una bala perdida mientras cenaba con su familia en Villa Ju\u00e1rez, Navolato. El 27 de febrero, un enfrentamiento entre grupos armados en la colonia Primera Ampliaci\u00f3n termin\u00f3 con el asesinato de dos hombres y dej\u00f3 a otros dos heridos. Regina, quien no ten\u00eda relaci\u00f3n con el ataque, result\u00f3 herida y fue trasladada al Hospital Pedi\u00e1trico de Culiac\u00e1n, donde falleci\u00f3.<\/p>\n\n\n\n<p class=\"p1 wp-block-paragraph\">La violencia sigue cobrando v\u00edctimas inocentes, lo que mantiene en alerta y preocupaci\u00f3n a la poblaci\u00f3n sinaloense, que exige mayor seguridad y acciones contundentes para frenar la crisis de violencia en el estado.<\/p>\n<div class=\"fb-background-color\">\n\t\t\t  <div \n\t\t\t  \tclass = \"fb-comments\" \n\t\t\t  \tdata-href = \"https:\/\/diarioavanzada.com.mx\/?p=79034\"\n\t\t\t  \tdata-numposts = \"10\"\n\t\t\t  \tdata-lazy = \"true\"\n\t\t\t\tdata-colorscheme = \"light\"\n\t\t\t\tdata-order-by = \"social\"\n\t\t\t\tdata-mobile=true>\n\t\t\t  <\/div><\/div>\n\t\t  <style>\n\t\t    .fb-background-color {\n\t\t\t\tbackground:  !important;\n\t\t\t}\n\t\t\t.fb_iframe_widget_fluid_desktop iframe {\n\t\t\t    width: 100% !important;\n\t\t\t}\n\t\t  <\/style>\n\t\t  ","protected":false},"excerpt":{"rendered":"<p>Sinaloa, M\u00e9xico, Avanzada (09\/03\/2025).- La violencia no da tregua en Sinaloa. A casi seis meses de iniciada la lucha entre las facciones del C\u00e1rtel de Sinaloa, \u201cLa Mayiza\u201d y \u201cLa Chapiza\u201d, el saldo sigue en aumento, dejando hasta ahora 33 ni\u00f1as, ni\u00f1os y adolescentes asesinados, seg\u00fan datos recientes de las autoridades estatales. Uno de los [&hellip;]<\/p>\n","protected":false},"author":7,"featured_media":79033,"comment_status":"closed","ping_status":"closed","sticky":false,"template":"","format":"standard","meta":{"_coblocks_attr":"","_coblocks_dimensions":"","_coblocks_responsive_height":"","_coblocks_accordion_ie_support":"","_crdt_document":"","advanced_seo_description":"","jetpack_seo_html_title":"","jetpack_seo_noindex":false,"_jetpack_memberships_contains_paid_content":false,"footnotes":""},"categories":[22,7,231],"tags":[],"class_list":["post-79034","post","type-post","status-publish","format-standard","has-post-thumbnail","hentry","category-nacion","category-noticias","category-seguridad"],"jetpack_featured_media_url":"https:\/\/diarioavanzada.com.mx\/wp-content\/uploads\/2025\/03\/eea6a73a-e56e-429c-8130-3edfddcff2a7-1.jpg","jetpack-related-posts":[],"jetpack_sharing_enabled":true,"amp_enabled":true,"_links":{"self":[{"href":"https:\/\/diarioavanzada.com.mx\/index.php?rest_route=\/wp\/v2\/posts\/79034","targetHints":{"allow":["GET"]}}],"collection":[{"href":"https:\/\/diarioavanzada.com.mx\/index.php?rest_route=\/wp\/v2\/posts"}],"about":[{"href":"https:\/\/diarioavanzada.com.mx\/index.php?rest_route=\/wp\/v2\/types\/post"}],"author":[{"embeddable":true,"href":"https:\/\/diarioavanzada.com.mx\/index.php?rest_route=\/wp\/v2\/users\/7"}],"replies":[{"embeddable":true,"href":"https:\/\/diarioavanzada.com.mx\/index.php?rest_route=%2Fwp%2Fv2%2Fcomments&post=79034"}],"version-history":[{"count":1,"href":"https:\/\/diarioavanzada.com.mx\/index.php?rest_route=\/wp\/v2\/posts\/79034\/revisions"}],"predecessor-version":[{"id":79120,"href":"https:\/\/diarioavanzada.com.mx\/index.php?rest_route=\/wp\/v2\/posts\/79034\/revisions\/79120"}],"wp:featuredmedia":[{"embeddable":true,"href":"https:\/\/diarioavanzada.com.mx\/index.php?rest_route=\/wp\/v2\/media\/79033"}],"wp:attachment":[{"href":"https:\/\/diarioavanzada.com.mx\/index.php?rest_route=%2Fwp%2Fv2%2Fmedia&parent=79034"}],"wp:term":[{"taxonomy":"category","embeddable":true,"href":"https:\/\/diarioavanzada.com.mx\/index.php?rest_route=%2Fwp%2Fv2%2Fcategories&post=79034"},{"taxonomy":"post_tag","embeddable":true,"href":"https:\/\/diarioavanzada.com.mx\/index.php?rest_route=%2Fwp%2Fv2%2Ftags&post=79034"}],"curies":[{"name":"wp","href":"https:\/\/api.w.org\/{rel}","templated":true}]}}