{"id":77481,"date":"2025-02-25T17:56:27","date_gmt":"2025-02-25T23:56:27","guid":{"rendered":"https:\/\/diarioavanzada.com.mx\/?p=77481"},"modified":"2025-02-25T17:56:27","modified_gmt":"2025-02-25T23:56:27","slug":"no-podemos-vivir-ni-trabajar-asi-comerciantes-de-culiacan-exigen-soluciones-ante-la-violencia","status":"publish","type":"post","link":"https:\/\/diarioavanzada.com.mx\/?p=77481","title":{"rendered":"\u201cNo podemos vivir ni trabajar as\u00ed\u201d: comerciantes de Culiac\u00e1n exigen soluciones ante la violencia"},"content":{"rendered":"\n<p class=\"p1 wp-block-paragraph\">Sinaloa, M\u00e9xico, Avanzada (25\/02\/2025).- La violencia en Culiac\u00e1n alcanz\u00f3 niveles insostenibles para el sector comercial. Extorsiones, amenazas y enfrentamientos constantes generan p\u00e9rdidas millonarias y una crisis que parece no tener fin. As\u00ed lo denunci\u00f3 \u00d3scar S\u00e1nchez, presidente de la Uni\u00f3n de Comerciantes de Culiac\u00e1n, en entrevista con Azucena Uresti, donde advirti\u00f3 que la situaci\u00f3n es tan grave que est\u00e1n considerando pedirle al secretario de Seguridad federal, Omar Garc\u00eda Harfuch, que deje de visitar la entidad.<\/p>\n\n\n\n<p class=\"p1 wp-block-paragraph\">\u201cLa llegada de Garc\u00eda Harfuch solo nos provoca m\u00e1s problemas\u2026 parece que viene a lanzarle una piedra al avispero. Si no vemos una mejor\u00eda, le vamos a pedir que ya no venga a Sinaloa\u201d, declar\u00f3 S\u00e1nchez con preocupaci\u00f3n.<\/p>\n\n\n\n<p class=\"p1 wp-block-paragraph\">El l\u00edder empresarial explic\u00f3 que los comerciantes est\u00e1n atrapados entre dos fuegos: mientras algunos grupos criminales exigen la instalaci\u00f3n de c\u00e1maras de seguridad, otros obligan a quitarlas, dejando a los empresarios en una situaci\u00f3n de vulnerabilidad extrema.<\/p>\n\n\n\n<p class=\"p1 wp-block-paragraph\">\u201cYa no podemos vivir ni trabajar de esta forma. Hemos tenido que dar un paso atr\u00e1s en nuestras actividades por la crisis de violencia\u201d, lament\u00f3.<\/p>\n\n\n\n<p class=\"p1 wp-block-paragraph\">Las p\u00e9rdidas econ\u00f3micas son devastadoras. Seg\u00fan S\u00e1nchez, solo en Culiac\u00e1n los negocios registraron p\u00e9rdidas por m\u00e1s de 20 mil millones de pesos, y el impacto sigue creciendo. A pesar de la incertidumbre, los comerciantes buscan restablecer los horarios de trabajo y reactivar la econom\u00eda local, aunque la realidad no es alentadora.<\/p>\n\n\n\n<p class=\"p1 wp-block-paragraph\">\u201cQueremos mucho a Culiac\u00e1n, pero lamentablemente las cosas no se est\u00e1n dando\u201d, se\u00f1al\u00f3.<\/p>\n\n\n\n<p class=\"p1 wp-block-paragraph\">Ante esta crisis, el sector empresarial est\u00e1 a la espera de una reuni\u00f3n con el gobernador de Sinaloa, Rub\u00e9n Rocha Moya, con la esperanza de encontrar una soluci\u00f3n que les permita operar sin miedo. Sin embargo, mientras la violencia siga marcando el d\u00eda a d\u00eda, la posibilidad de trabajar en paz parece cada vez m\u00e1s lejana.<\/p>\n<div class=\"fb-background-color\">\n\t\t\t  <div \n\t\t\t  \tclass = \"fb-comments\" \n\t\t\t  \tdata-href = \"https:\/\/diarioavanzada.com.mx\/?p=77481\"\n\t\t\t  \tdata-numposts = \"10\"\n\t\t\t  \tdata-lazy = \"true\"\n\t\t\t\tdata-colorscheme = \"light\"\n\t\t\t\tdata-order-by = \"social\"\n\t\t\t\tdata-mobile=true>\n\t\t\t  <\/div><\/div>\n\t\t  <style>\n\t\t    .fb-background-color {\n\t\t\t\tbackground:  !important;\n\t\t\t}\n\t\t\t.fb_iframe_widget_fluid_desktop iframe {\n\t\t\t    width: 100% !important;\n\t\t\t}\n\t\t  <\/style>\n\t\t  ","protected":false},"excerpt":{"rendered":"<p>Sinaloa, M\u00e9xico, Avanzada (25\/02\/2025).- La violencia en Culiac\u00e1n alcanz\u00f3 niveles insostenibles para el sector comercial. Extorsiones, amenazas y enfrentamientos constantes generan p\u00e9rdidas millonarias y una crisis que parece no tener fin. As\u00ed lo denunci\u00f3 \u00d3scar S\u00e1nchez, presidente de la Uni\u00f3n de Comerciantes de Culiac\u00e1n, en entrevista con Azucena Uresti, donde advirti\u00f3 que la situaci\u00f3n es [&hellip;]<\/p>\n","protected":false},"author":7,"featured_media":77480,"comment_status":"closed","ping_status":"closed","sticky":false,"template":"","format":"standard","meta":{"_coblocks_attr":"","_coblocks_dimensions":"","_coblocks_responsive_height":"","_coblocks_accordion_ie_support":"","_crdt_document":"","advanced_seo_description":"","jetpack_seo_html_title":"","jetpack_seo_noindex":false,"_jetpack_memberships_contains_paid_content":false,"footnotes":""},"categories":[22,7,231],"tags":[],"class_list":["post-77481","post","type-post","status-publish","format-standard","has-post-thumbnail","hentry","category-nacion","category-noticias","category-seguridad"],"jetpack_featured_media_url":"https:\/\/diarioavanzada.com.mx\/wp-content\/uploads\/2025\/02\/img_0560-1.jpg","jetpack-related-posts":[],"jetpack_sharing_enabled":true,"amp_enabled":true,"_links":{"self":[{"href":"https:\/\/diarioavanzada.com.mx\/index.php?rest_route=\/wp\/v2\/posts\/77481","targetHints":{"allow":["GET"]}}],"collection":[{"href":"https:\/\/diarioavanzada.com.mx\/index.php?rest_route=\/wp\/v2\/posts"}],"about":[{"href":"https:\/\/diarioavanzada.com.mx\/index.php?rest_route=\/wp\/v2\/types\/post"}],"author":[{"embeddable":true,"href":"https:\/\/diarioavanzada.com.mx\/index.php?rest_route=\/wp\/v2\/users\/7"}],"replies":[{"embeddable":true,"href":"https:\/\/diarioavanzada.com.mx\/index.php?rest_route=%2Fwp%2Fv2%2Fcomments&post=77481"}],"version-history":[{"count":1,"href":"https:\/\/diarioavanzada.com.mx\/index.php?rest_route=\/wp\/v2\/posts\/77481\/revisions"}],"predecessor-version":[{"id":77503,"href":"https:\/\/diarioavanzada.com.mx\/index.php?rest_route=\/wp\/v2\/posts\/77481\/revisions\/77503"}],"wp:featuredmedia":[{"embeddable":true,"href":"https:\/\/diarioavanzada.com.mx\/index.php?rest_route=\/wp\/v2\/media\/77480"}],"wp:attachment":[{"href":"https:\/\/diarioavanzada.com.mx\/index.php?rest_route=%2Fwp%2Fv2%2Fmedia&parent=77481"}],"wp:term":[{"taxonomy":"category","embeddable":true,"href":"https:\/\/diarioavanzada.com.mx\/index.php?rest_route=%2Fwp%2Fv2%2Fcategories&post=77481"},{"taxonomy":"post_tag","embeddable":true,"href":"https:\/\/diarioavanzada.com.mx\/index.php?rest_route=%2Fwp%2Fv2%2Ftags&post=77481"}],"curies":[{"name":"wp","href":"https:\/\/api.w.org\/{rel}","templated":true}]}}