{"id":77469,"date":"2025-02-25T11:14:54","date_gmt":"2025-02-25T17:14:54","guid":{"rendered":"https:\/\/diarioavanzada.com.mx\/?p=77469"},"modified":"2025-02-25T11:24:00","modified_gmt":"2025-02-25T17:24:00","slug":"rescatan-a-diez-personas-secuestradas-en-zacatecas-cuatro-eran-menores","status":"publish","type":"post","link":"https:\/\/diarioavanzada.com.mx\/?p=77469","title":{"rendered":"Rescatan a diez personas secuestradas en Zacatecas,  cuatro eran menores"},"content":{"rendered":"\n<p class=\"p1 wp-block-paragraph\">La Fiscal\u00eda General de Justicia del Estado (FGJE) identifico a las v\u00edctimas como:<\/p>\n\n\n\n<ul class=\"wp-block-list ul1\">\n<li>Araceli Jim\u00e9nez Casas, de 12 a\u00f1os<\/li>\n\n\n\n<li>Alejandro de Jes\u00fas Hern\u00e1ndez Mata, de 15 a\u00f1os<\/li>\n\n\n\n<li>Paola Jazm\u00edn Camarillo Rojas, de 16 a\u00f1os<\/li>\n\n\n\n<li>Flor Adela Casas Ceniceros, de 17 a\u00f1os<\/li>\n\n\n\n<li>Valeria Yamiet Rodr\u00edguez Due\u00f1as, de 19<\/li>\n<\/ul>\n\n\n\n<p class=\"p1 wp-block-paragraph\">     a\u00f1os<\/p>\n\n\n\n<ul class=\"wp-block-list ul1\">\n<li>Maximiliano Delgado Morales, de 20 a\u00f1os<\/li>\n\n\n\n<li>Daniel Hern\u00e1ndez Biachi, de 20 a\u00f1os<\/li>\n\n\n\n<li>Patricio Abraham Rodr\u00edguez Sandoval, de 22 a\u00f1os<\/li>\n\n\n\n<li>Martha P\u00e9rez Valdez, de 35 a\u00f1os<\/li>\n\n\n\n<li>Luis Gayt\u00e1n Brise\u00f1o, de 55 a\u00f1os<\/li>\n<\/ul>\n\n\n\n<p class=\"p1 wp-block-paragraph\">Zacatecas, M\u00e9xico, Avanzada (25\/02\/2025).- En un operativo encabezado por la Guardia Nacional, diez personas fueron rescatadas en Fresnillo tras haber sido privadas de su libertad en distintos puntos del estado. Entre las v\u00edctimas se encontraban seis adultos y cuatro menores de edad, una de ellas en estado de gestaci\u00f3n.<\/p>\n\n\n\n<p class=\"p1 wp-block-paragraph\">Las v\u00edctimas, originarias de varios municipios como Fresnillo, Villanueva, Calera de V\u00edctor Rosales y Jim\u00e9nez del Te\u00fal, as\u00ed como del estado de Aguascalientes, fueron localizadas en un campamento clandestino en los l\u00edmites entre Fresnillo y Sa\u00edn Alto. Algunas de ellas contaban con fichas de b\u00fasqueda activas desde diciembre de 2024, seg\u00fan inform\u00f3 la Fiscal\u00eda General de Justicia del Estado.<\/p>\n\n\n\n<p class=\"p1 wp-block-paragraph\">El rescate se llev\u00f3 a cabo alrededor de las 17:45 horas del lunes, cuando agentes de la GN realizaban recorridos de vigilancia y detectaron la presencia del campamento, presuntamente utilizado por un grupo delictivo. Al inspeccionar el lugar, encontraron a las diez personas en condiciones de cautiverio.<\/p>\n\n\n\n<p class=\"p1 wp-block-paragraph\">Las v\u00edctimas relataron que fueron interceptadas en diversas localidades y carreteras del estado, incluyendo comunidades como Plateros y R\u00edo Florido. Tras su rescate, fueron puestas bajo resguardo de las autoridades y se activ\u00f3 un protocolo de atenci\u00f3n con un equipo multidisciplinario compuesto por peritos en medicina y psicolog\u00eda. Asimismo, la Polic\u00eda de Investigaci\u00f3n (PDI) y las fiscal\u00edas especializadas en Personas Desaparecidas, Delitos de Alto Impacto y Derechos Humanos trabajan en el esclarecimiento del caso.<\/p>\n\n\n\n<p class=\"p1 wp-block-paragraph\">Como parte del operativo, el campamento fue destruido y se despleg\u00f3 un dispositivo de seguridad en la zona para ubicar a los responsables. Las autoridades contin\u00faan con las investigaciones para determinar las circunstancias exactas en las que estas personas fueron privadas de su libertad y para dar con los responsables de estos hechos.<\/p>\n\n\n\n<figure class=\"wp-block-image size-large\"><img loading=\"lazy\" decoding=\"async\" width=\"720\" height=\"493\" src=\"https:\/\/diarioavanzada.com.mx\/wp-content\/uploads\/2025\/02\/img_7675-1.jpg\" alt=\"\" class=\"wp-image-77466\" srcset=\"https:\/\/diarioavanzada.com.mx\/wp-content\/uploads\/2025\/02\/img_7675-1.jpg 720w, https:\/\/diarioavanzada.com.mx\/wp-content\/uploads\/2025\/02\/img_7675-1-300x205.jpg 300w\" sizes=\"auto, (max-width: 720px) 100vw, 720px\" \/><\/figure>\n\n\n\n<figure class=\"wp-block-image size-large\"><img loading=\"lazy\" decoding=\"async\" width=\"720\" height=\"509\" src=\"https:\/\/diarioavanzada.com.mx\/wp-content\/uploads\/2025\/02\/img_7677-1.jpg\" alt=\"\" class=\"wp-image-77467\" srcset=\"https:\/\/diarioavanzada.com.mx\/wp-content\/uploads\/2025\/02\/img_7677-1.jpg 720w, https:\/\/diarioavanzada.com.mx\/wp-content\/uploads\/2025\/02\/img_7677-1-300x212.jpg 300w\" sizes=\"auto, (max-width: 720px) 100vw, 720px\" \/><\/figure>\n<div class=\"fb-background-color\">\n\t\t\t  <div \n\t\t\t  \tclass = \"fb-comments\" \n\t\t\t  \tdata-href = \"https:\/\/diarioavanzada.com.mx\/?p=77469\"\n\t\t\t  \tdata-numposts = \"10\"\n\t\t\t  \tdata-lazy = \"true\"\n\t\t\t\tdata-colorscheme = \"light\"\n\t\t\t\tdata-order-by = \"social\"\n\t\t\t\tdata-mobile=true>\n\t\t\t  <\/div><\/div>\n\t\t  <style>\n\t\t    .fb-background-color {\n\t\t\t\tbackground:  !important;\n\t\t\t}\n\t\t\t.fb_iframe_widget_fluid_desktop iframe {\n\t\t\t    width: 100% !important;\n\t\t\t}\n\t\t  <\/style>\n\t\t  ","protected":false},"excerpt":{"rendered":"<p>La Fiscal\u00eda General de Justicia del Estado (FGJE) identifico a las v\u00edctimas como: a\u00f1os Zacatecas, M\u00e9xico, Avanzada (25\/02\/2025).- En un operativo encabezado por la Guardia Nacional, diez personas fueron rescatadas en Fresnillo tras haber sido privadas de su libertad en distintos puntos del estado. Entre las v\u00edctimas se encontraban seis adultos y cuatro menores de [&hellip;]<\/p>\n","protected":false},"author":7,"featured_media":77468,"comment_status":"closed","ping_status":"closed","sticky":false,"template":"","format":"standard","meta":{"_coblocks_attr":"","_coblocks_dimensions":"","_coblocks_responsive_height":"","_coblocks_accordion_ie_support":"","_crdt_document":"","advanced_seo_description":"","jetpack_seo_html_title":"","jetpack_seo_noindex":false,"_jetpack_memberships_contains_paid_content":false,"footnotes":""},"categories":[22,7],"tags":[],"class_list":["post-77469","post","type-post","status-publish","format-standard","has-post-thumbnail","hentry","category-nacion","category-noticias"],"jetpack_featured_media_url":"https:\/\/diarioavanzada.com.mx\/wp-content\/uploads\/2025\/02\/img_7676-1.jpg","jetpack-related-posts":[],"jetpack_sharing_enabled":true,"amp_enabled":true,"_links":{"self":[{"href":"https:\/\/diarioavanzada.com.mx\/index.php?rest_route=\/wp\/v2\/posts\/77469","targetHints":{"allow":["GET"]}}],"collection":[{"href":"https:\/\/diarioavanzada.com.mx\/index.php?rest_route=\/wp\/v2\/posts"}],"about":[{"href":"https:\/\/diarioavanzada.com.mx\/index.php?rest_route=\/wp\/v2\/types\/post"}],"author":[{"embeddable":true,"href":"https:\/\/diarioavanzada.com.mx\/index.php?rest_route=\/wp\/v2\/users\/7"}],"replies":[{"embeddable":true,"href":"https:\/\/diarioavanzada.com.mx\/index.php?rest_route=%2Fwp%2Fv2%2Fcomments&post=77469"}],"version-history":[{"count":4,"href":"https:\/\/diarioavanzada.com.mx\/index.php?rest_route=\/wp\/v2\/posts\/77469\/revisions"}],"predecessor-version":[{"id":77473,"href":"https:\/\/diarioavanzada.com.mx\/index.php?rest_route=\/wp\/v2\/posts\/77469\/revisions\/77473"}],"wp:featuredmedia":[{"embeddable":true,"href":"https:\/\/diarioavanzada.com.mx\/index.php?rest_route=\/wp\/v2\/media\/77468"}],"wp:attachment":[{"href":"https:\/\/diarioavanzada.com.mx\/index.php?rest_route=%2Fwp%2Fv2%2Fmedia&parent=77469"}],"wp:term":[{"taxonomy":"category","embeddable":true,"href":"https:\/\/diarioavanzada.com.mx\/index.php?rest_route=%2Fwp%2Fv2%2Fcategories&post=77469"},{"taxonomy":"post_tag","embeddable":true,"href":"https:\/\/diarioavanzada.com.mx\/index.php?rest_route=%2Fwp%2Fv2%2Ftags&post=77469"}],"curies":[{"name":"wp","href":"https:\/\/api.w.org\/{rel}","templated":true}]}}