{"id":7719,"date":"2019-09-26T14:55:52","date_gmt":"2019-09-26T19:55:52","guid":{"rendered":"https:\/\/diarioavanzada.com.mx\/?p=7719"},"modified":"2019-09-26T14:55:59","modified_gmt":"2019-09-26T19:55:59","slug":"la-responsable-del-credito-es-la-administracion-de-mam-aog","status":"publish","type":"post","link":"https:\/\/diarioavanzada.com.mx\/?p=7719","title":{"rendered":"La responsable del cr\u00e9dito es la administraci\u00f3n de MAM: AOG"},"content":{"rendered":"\n<p class=\"wp-block-paragraph\">Colima, M\u00e9xico, Avanzada (26\/09\/2019).- El secretario general de Gobierno, Arnoldo Ochoa Gonz\u00e1lez responsabiliz\u00f3 a la administraci\u00f3n que encabez\u00f3 Mario Anguiano Moreno del cr\u00e9dito de 638 millones de pesos que fue aprobado en septiembre de 2015 y ejercido en diciembre de ese a\u00f1o.<\/p>\n\n\n\n<p class=\"wp-block-paragraph\">Sin embargo, el funcionario estatal dijo que no quer\u00eda ofrecer m\u00e1s detalles del tema, porque lo har\u00eda hasta que se reuniera con el ex gobernador interno Ram\u00f3n P\u00e9rez D\u00edaz, y el secretario de Finanzas, Carlos Noriega Garc\u00eda, a quienes la defensa jur\u00eddica de Anguiano Moreno ha se\u00f1alado como los responsables de haber ejercido el cr\u00e9dito por la cual est\u00e1 abierta una investigaci\u00f3n en la Fiscal\u00eda General de la Rep\u00fablica.<\/p>\n\n\n\n<p class=\"wp-block-paragraph\">\u201cEs todo lo que le voy a decir\u201d, se\u00f1al\u00f3 y despu\u00e9s se retir\u00f3 del recinto legislativo a donde acudi\u00f3 al informe de labores del Fiscal General, Gabriel Verduzco.<\/p>\n\n\n\n<p class=\"wp-block-paragraph\">Antes, en la entrevista Ochoa Gonz\u00e1lez dijo que despu\u00e9s de su reuni\u00f3n con Ram\u00f3n P\u00e9rez D\u00edaz dar\u00e1 una respuesta puntual.<\/p>\n\n\n\n<p class=\"wp-block-paragraph\">\u201cVuelvo a insistir que no le dir\u00e9 nada puntual, porque esto corresponde que yo hable con Ram\u00f3n P\u00e9rez D\u00edaz que era el gobernador interino (cuando se ejerci\u00f3 el cr\u00e9dito) y con el secretario de Finanzas, Carlos Garc\u00eda Noriega, \u201cy vamos a darle con todo detalle una informaci\u00f3n precisa sobre este tema\u201d.<\/p>\n\n\n\n<p class=\"wp-block-paragraph\">-\u00bfEn cu\u00e1nto tiempo? Se le pregunt\u00f3<\/p>\n\n\n\n<p class=\"wp-block-paragraph\">\u201cMe voy a reunir hoy\u201d.<\/p>\n\n\n\n<p class=\"wp-block-paragraph\">-\u00bfEn tres a\u00f1os no han hablado del tema, porque esto fue el 2015?<\/p>\n\n\n\n<p class=\"wp-block-paragraph\">\u201cNo, porque nosotros no tenemos nada que ver con ese tema. Nosotros no tenemos nada que abordar&#8221;.<\/p>\n\n\n\n<p class=\"wp-block-paragraph\">Ochoa Gonz\u00e1lez dijo que a \u00e9l no lo ha requerido la Fiscal\u00eda General de la Rep\u00fablica para declarar sobre el cr\u00e9dito de 638 millones de pesos \u2013 a pesar de que dicho recursos se ejerci\u00f3 durante el interinato de Ram\u00f3n P\u00e9rez D\u00edaz y cuando \u00e9l, Ochoa era secretario general de Gobierno \u2013 \u201cno en ning\u00fan momento nos han llamado, nosotros no tuvimos que ver en esa situaci\u00f3n\u201d.<\/p>\n\n\n\n<p class=\"wp-block-paragraph\">El pasado lunes se inform\u00f3 que el ex gobernador Mario Anguiano Moreno interpuso un juicio de amparo contra el Fiscal General de la Rep\u00fablica (FGR).<\/p>\n\n\n\n<p class=\"wp-block-paragraph\">Un d\u00eda despu\u00e9s, en una entrevista radiof\u00f3nica en La Mejor FM, el exmandatario confirm\u00f3 que recientemente interpuso una demanda de amparo contra la Fiscal\u00eda General de la Rep\u00fablica (FGR) como una \u201cmedida preventiva\u201d recomendada por sus abogados, pero neg\u00f3 que exista una orden de aprehensi\u00f3n en su contra, como lo manejaron ayer varios medios locales.<\/p>\n\n\n\n<p class=\"wp-block-paragraph\">Expuso que el asunto investigado actualmente por la FGR se relaciona con el presunto manejo irregular de un cr\u00e9dito por 638 millones de pesos contratado con el banco Interacciones, por el que la corporaci\u00f3n cit\u00f3 a declarar a algunos de sus excolaboradores, pero a \u00e9l no le lleg\u00f3 ning\u00fan citatorio.<\/p>\n<div class=\"fb-background-color\">\n\t\t\t  <div \n\t\t\t  \tclass = \"fb-comments\" \n\t\t\t  \tdata-href = \"https:\/\/diarioavanzada.com.mx\/?p=7719\"\n\t\t\t  \tdata-numposts = \"10\"\n\t\t\t  \tdata-lazy = \"true\"\n\t\t\t\tdata-colorscheme = \"light\"\n\t\t\t\tdata-order-by = \"social\"\n\t\t\t\tdata-mobile=true>\n\t\t\t  <\/div><\/div>\n\t\t  <style>\n\t\t    .fb-background-color {\n\t\t\t\tbackground:  !important;\n\t\t\t}\n\t\t\t.fb_iframe_widget_fluid_desktop iframe {\n\t\t\t    width: 100% !important;\n\t\t\t}\n\t\t  <\/style>\n\t\t  ","protected":false},"excerpt":{"rendered":"<p>Colima, M\u00e9xico, Avanzada (26\/09\/2019).- El secretario general de Gobierno, Arnoldo Ochoa Gonz\u00e1lez responsabiliz\u00f3 a la administraci\u00f3n que encabez\u00f3 Mario Anguiano Moreno del cr\u00e9dito de 638 millones de pesos que fue aprobado en septiembre de 2015 y ejercido en diciembre de ese a\u00f1o. Sin embargo, el funcionario estatal dijo que no quer\u00eda ofrecer m\u00e1s detalles del [&hellip;]<\/p>\n","protected":false},"author":5,"featured_media":7720,"comment_status":"closed","ping_status":"closed","sticky":false,"template":"","format":"standard","meta":{"_coblocks_attr":"","_coblocks_dimensions":"","_coblocks_responsive_height":"","_coblocks_accordion_ie_support":"","_crdt_document":"","advanced_seo_description":"","jetpack_seo_html_title":"","jetpack_seo_noindex":false,"_jetpack_memberships_contains_paid_content":false,"footnotes":""},"categories":[19],"tags":[210],"class_list":["post-7719","post","type-post","status-publish","format-standard","has-post-thumbnail","hentry","category-colima","tag-portada"],"jetpack_featured_media_url":"https:\/\/diarioavanzada.com.mx\/wp-content\/uploads\/2019\/09\/AOG-Y-MAM.jpg","jetpack-related-posts":[],"jetpack_sharing_enabled":true,"amp_enabled":true,"_links":{"self":[{"href":"https:\/\/diarioavanzada.com.mx\/index.php?rest_route=\/wp\/v2\/posts\/7719","targetHints":{"allow":["GET"]}}],"collection":[{"href":"https:\/\/diarioavanzada.com.mx\/index.php?rest_route=\/wp\/v2\/posts"}],"about":[{"href":"https:\/\/diarioavanzada.com.mx\/index.php?rest_route=\/wp\/v2\/types\/post"}],"author":[{"embeddable":true,"href":"https:\/\/diarioavanzada.com.mx\/index.php?rest_route=\/wp\/v2\/users\/5"}],"replies":[{"embeddable":true,"href":"https:\/\/diarioavanzada.com.mx\/index.php?rest_route=%2Fwp%2Fv2%2Fcomments&post=7719"}],"version-history":[{"count":0,"href":"https:\/\/diarioavanzada.com.mx\/index.php?rest_route=\/wp\/v2\/posts\/7719\/revisions"}],"wp:featuredmedia":[{"embeddable":true,"href":"https:\/\/diarioavanzada.com.mx\/index.php?rest_route=\/wp\/v2\/media\/7720"}],"wp:attachment":[{"href":"https:\/\/diarioavanzada.com.mx\/index.php?rest_route=%2Fwp%2Fv2%2Fmedia&parent=7719"}],"wp:term":[{"taxonomy":"category","embeddable":true,"href":"https:\/\/diarioavanzada.com.mx\/index.php?rest_route=%2Fwp%2Fv2%2Fcategories&post=7719"},{"taxonomy":"post_tag","embeddable":true,"href":"https:\/\/diarioavanzada.com.mx\/index.php?rest_route=%2Fwp%2Fv2%2Ftags&post=7719"}],"curies":[{"name":"wp","href":"https:\/\/api.w.org\/{rel}","templated":true}]}}