{"id":76487,"date":"2025-02-19T07:35:28","date_gmt":"2025-02-19T13:35:28","guid":{"rendered":"https:\/\/diarioavanzada.com.mx\/?p=76487"},"modified":"2025-02-19T07:35:28","modified_gmt":"2025-02-19T13:35:28","slug":"colima-registrara-temperaturas-de-hasta-40c-este-dia","status":"publish","type":"post","link":"https:\/\/diarioavanzada.com.mx\/?p=76487","title":{"rendered":"Colima registrar\u00e1 temperaturas de hasta 40\u00b0C este d\u00eda&nbsp;"},"content":{"rendered":"\n<p class=\"p1 wp-block-paragraph\">Colima, M\u00e9xico, Avanzada (19\/02\/2025).- La entidad enfrentar\u00e1 un ambiente caluroso a muy caluroso, con temperaturas que podr\u00edan alcanzar hasta 40\u00b0C, de acuerdo con el pron\u00f3stico del Servicio Meteorol\u00f3gico Nacional.&nbsp; A pesar de la presencia del frente fr\u00edo No. 28, que afecta otras regiones del pa\u00eds, en Colima no se esperan lluvias, pero s\u00ed vientos con rachas de hasta 30 km\/h en la zona costera.<\/p>\n\n\n\n<p class=\"p1 wp-block-paragraph\">El calor extremo tambi\u00e9n impactar\u00e1 a otros estados del Pac\u00edfico como Sinaloa, Nayarit, Jalisco, Michoac\u00e1n y Guerrero, donde se prev\u00e9 un clima similar.<\/p>\n\n\n\n<p class=\"p1 wp-block-paragraph\">Mientras que en Colima y el Pac\u00edfico prevalecer\u00e1n temperaturas elevadas, en el norte, noreste, oriente y centro del pa\u00eds se registrar\u00e1 un descenso en las temperaturas, acompa\u00f1ado de bancos de niebla. Adem\u00e1s, el evento de \u201cNorte\u201d provocar\u00e1 vientos intensos en Tamaulipas, Veracruz, Oaxaca y Chiapas, con rachas de hasta 100 km\/h en algunas zonas costeras.<\/p>\n\n\n\n<p class=\"p1 wp-block-paragraph\">Las autoridades recomiendan a la poblaci\u00f3n evitar la exposici\u00f3n prolongada al sol, mantenerse hidratada, usar ropa ligera y extremar precauciones con ni\u00f1os y adultos mayores ante el riesgo de golpes de calor.&nbsp;<\/p>\n<div class=\"fb-background-color\">\n\t\t\t  <div \n\t\t\t  \tclass = \"fb-comments\" \n\t\t\t  \tdata-href = \"https:\/\/diarioavanzada.com.mx\/?p=76487\"\n\t\t\t  \tdata-numposts = \"10\"\n\t\t\t  \tdata-lazy = \"true\"\n\t\t\t\tdata-colorscheme = \"light\"\n\t\t\t\tdata-order-by = \"social\"\n\t\t\t\tdata-mobile=true>\n\t\t\t  <\/div><\/div>\n\t\t  <style>\n\t\t    .fb-background-color {\n\t\t\t\tbackground:  !important;\n\t\t\t}\n\t\t\t.fb_iframe_widget_fluid_desktop iframe {\n\t\t\t    width: 100% !important;\n\t\t\t}\n\t\t  <\/style>\n\t\t  ","protected":false},"excerpt":{"rendered":"<p>Colima, M\u00e9xico, Avanzada (19\/02\/2025).- La entidad enfrentar\u00e1 un ambiente caluroso a muy caluroso, con temperaturas que podr\u00edan alcanzar hasta 40\u00b0C, de acuerdo con el pron\u00f3stico del Servicio Meteorol\u00f3gico Nacional.&nbsp; A pesar de la presencia del frente fr\u00edo No. 28, que afecta otras regiones del pa\u00eds, en Colima no se esperan lluvias, pero s\u00ed vientos con [&hellip;]<\/p>\n","protected":false},"author":7,"featured_media":76486,"comment_status":"closed","ping_status":"closed","sticky":false,"template":"","format":"standard","meta":{"_coblocks_attr":"","_coblocks_dimensions":"","_coblocks_responsive_height":"","_coblocks_accordion_ie_support":"","_crdt_document":"","advanced_seo_description":"","jetpack_seo_html_title":"","jetpack_seo_noindex":false,"_jetpack_memberships_contains_paid_content":false,"footnotes":""},"categories":[19,209,7],"tags":[],"class_list":["post-76487","post","type-post","status-publish","format-standard","has-post-thumbnail","hentry","category-colima","category-importantes","category-noticias"],"jetpack_featured_media_url":"https:\/\/diarioavanzada.com.mx\/wp-content\/uploads\/2025\/02\/img_0275-1.jpg","jetpack-related-posts":[],"jetpack_sharing_enabled":true,"amp_enabled":true,"_links":{"self":[{"href":"https:\/\/diarioavanzada.com.mx\/index.php?rest_route=\/wp\/v2\/posts\/76487","targetHints":{"allow":["GET"]}}],"collection":[{"href":"https:\/\/diarioavanzada.com.mx\/index.php?rest_route=\/wp\/v2\/posts"}],"about":[{"href":"https:\/\/diarioavanzada.com.mx\/index.php?rest_route=\/wp\/v2\/types\/post"}],"author":[{"embeddable":true,"href":"https:\/\/diarioavanzada.com.mx\/index.php?rest_route=\/wp\/v2\/users\/7"}],"replies":[{"embeddable":true,"href":"https:\/\/diarioavanzada.com.mx\/index.php?rest_route=%2Fwp%2Fv2%2Fcomments&post=76487"}],"version-history":[{"count":0,"href":"https:\/\/diarioavanzada.com.mx\/index.php?rest_route=\/wp\/v2\/posts\/76487\/revisions"}],"wp:featuredmedia":[{"embeddable":true,"href":"https:\/\/diarioavanzada.com.mx\/index.php?rest_route=\/wp\/v2\/media\/76486"}],"wp:attachment":[{"href":"https:\/\/diarioavanzada.com.mx\/index.php?rest_route=%2Fwp%2Fv2%2Fmedia&parent=76487"}],"wp:term":[{"taxonomy":"category","embeddable":true,"href":"https:\/\/diarioavanzada.com.mx\/index.php?rest_route=%2Fwp%2Fv2%2Fcategories&post=76487"},{"taxonomy":"post_tag","embeddable":true,"href":"https:\/\/diarioavanzada.com.mx\/index.php?rest_route=%2Fwp%2Fv2%2Ftags&post=76487"}],"curies":[{"name":"wp","href":"https:\/\/api.w.org\/{rel}","templated":true}]}}