{"id":76267,"date":"2025-02-18T10:29:34","date_gmt":"2025-02-18T16:29:34","guid":{"rendered":"https:\/\/diarioavanzada.com.mx\/?p=76267"},"modified":"2025-02-18T10:29:34","modified_gmt":"2025-02-18T16:29:34","slug":"familiares-exigen-destitucion-de-mario-delgado-por-revictimizar-a-fatima","status":"publish","type":"post","link":"https:\/\/diarioavanzada.com.mx\/?p=76267","title":{"rendered":"Familiares exigen destituci\u00f3n de Mario Delgado por revictimizar a F\u00e1tima"},"content":{"rendered":"\n<p class=\"p1 wp-block-paragraph\">M\u00e9xico, Avanzada (18\/02\/2025).- Los familiares de F\u00e1tima Maite, la adolescente que sufri\u00f3 agresiones en una secundaria de Iztapalapa y que actualmente se encuentra hospitalizada, acusaron al secretario de Educaci\u00f3n P\u00fablica, Mario Delgado, de minimizar el caso y revictimizar a la menor con sus declaraciones.<\/p>\n\n\n\n<p class=\"p1 wp-block-paragraph\">A trav\u00e9s de un comunicado, la familia calific\u00f3 como falsas las afirmaciones del funcionario sobre el estado de salud de la joven y el apoyo brindado por las autoridades educativas. Adem\u00e1s, lamentaron su \u201cfalta de sensibilidad\u201d y se\u00f1alaron que sus declaraciones buscan deslindarlo de su responsabilidad en el caso.<\/p>\n\n\n\n<p class=\"p1 wp-block-paragraph\">\u201cSus comentarios son inaceptables, especialmente viniendo de un funcionario cuya labor deber\u00eda centrarse en garantizar la seguridad y el bienestar de la infancia\u201d, se\u00f1ala el documento.<\/p>\n\n\n\n<p class=\"p1 wp-block-paragraph\">En respuesta a las declaraciones de Delgado, en las que asegur\u00f3 que no hay informaci\u00f3n sobre una agresi\u00f3n directa contra la menor y que la SEP implement\u00f3 medidas contra el bullying en la escuela, los familiares rechazaron \u201cen\u00e9rgicamente\u201d su postura, asegurando que no existen pruebas que respalden sus dichos.<\/p>\n\n\n\n<p class=\"p1 wp-block-paragraph\">Ante esta situaci\u00f3n, la familia exigi\u00f3 a la presidenta Claudia Sheinbaum la destituci\u00f3n inmediata de Mario Delgado y solicit\u00f3 a la Fiscal\u00eda General de la Rep\u00fablica que atraiga el caso para garantizar una investigaci\u00f3n \u201cexhaustiva y transparente\u201d.<\/p>\n\n\n\n<p class=\"p1 wp-block-paragraph\">Por su parte, F\u00e1tima Maite contin\u00faa recuper\u00e1ndose tras ser sometida a una cirug\u00eda para atender fracturas en la columna y la pelvis. Sus familiares reiteraron que seguir\u00e1n exigiendo justicia y que no permitir\u00e1n que la negligencia e indiferencia de las autoridades ponga en riesgo la seguridad de los ni\u00f1os y adolescentes en las escuelas.<\/p>\n\n\n\n<figure class=\"wp-block-image size-large\"><img loading=\"lazy\" decoding=\"async\" width=\"700\" height=\"900\" src=\"https:\/\/diarioavanzada.com.mx\/wp-content\/uploads\/2025\/02\/img_7550.jpg\" alt=\"\" class=\"wp-image-76268\" srcset=\"https:\/\/diarioavanzada.com.mx\/wp-content\/uploads\/2025\/02\/img_7550.jpg 700w, https:\/\/diarioavanzada.com.mx\/wp-content\/uploads\/2025\/02\/img_7550-233x300.jpg 233w\" sizes=\"auto, (max-width: 700px) 100vw, 700px\" \/><\/figure>\n<div class=\"fb-background-color\">\n\t\t\t  <div \n\t\t\t  \tclass = \"fb-comments\" \n\t\t\t  \tdata-href = \"https:\/\/diarioavanzada.com.mx\/?p=76267\"\n\t\t\t  \tdata-numposts = \"10\"\n\t\t\t  \tdata-lazy = \"true\"\n\t\t\t\tdata-colorscheme = \"light\"\n\t\t\t\tdata-order-by = \"social\"\n\t\t\t\tdata-mobile=true>\n\t\t\t  <\/div><\/div>\n\t\t  <style>\n\t\t    .fb-background-color {\n\t\t\t\tbackground:  !important;\n\t\t\t}\n\t\t\t.fb_iframe_widget_fluid_desktop iframe {\n\t\t\t    width: 100% !important;\n\t\t\t}\n\t\t  <\/style>\n\t\t  ","protected":false},"excerpt":{"rendered":"<p>M\u00e9xico, Avanzada (18\/02\/2025).- Los familiares de F\u00e1tima Maite, la adolescente que sufri\u00f3 agresiones en una secundaria de Iztapalapa y que actualmente se encuentra hospitalizada, acusaron al secretario de Educaci\u00f3n P\u00fablica, Mario Delgado, de minimizar el caso y revictimizar a la menor con sus declaraciones. A trav\u00e9s de un comunicado, la familia calific\u00f3 como falsas las [&hellip;]<\/p>\n","protected":false},"author":7,"featured_media":76273,"comment_status":"closed","ping_status":"closed","sticky":false,"template":"","format":"standard","meta":{"_coblocks_attr":"","_coblocks_dimensions":"","_coblocks_responsive_height":"","_coblocks_accordion_ie_support":"","_crdt_document":"","advanced_seo_description":"","jetpack_seo_html_title":"","jetpack_seo_noindex":false,"_jetpack_memberships_contains_paid_content":false,"footnotes":""},"categories":[22,7],"tags":[],"class_list":["post-76267","post","type-post","status-publish","format-standard","has-post-thumbnail","hentry","category-nacion","category-noticias"],"jetpack_featured_media_url":"https:\/\/diarioavanzada.com.mx\/wp-content\/uploads\/2025\/02\/img_5953-1.jpg","jetpack-related-posts":[],"jetpack_sharing_enabled":true,"amp_enabled":true,"_links":{"self":[{"href":"https:\/\/diarioavanzada.com.mx\/index.php?rest_route=\/wp\/v2\/posts\/76267","targetHints":{"allow":["GET"]}}],"collection":[{"href":"https:\/\/diarioavanzada.com.mx\/index.php?rest_route=\/wp\/v2\/posts"}],"about":[{"href":"https:\/\/diarioavanzada.com.mx\/index.php?rest_route=\/wp\/v2\/types\/post"}],"author":[{"embeddable":true,"href":"https:\/\/diarioavanzada.com.mx\/index.php?rest_route=\/wp\/v2\/users\/7"}],"replies":[{"embeddable":true,"href":"https:\/\/diarioavanzada.com.mx\/index.php?rest_route=%2Fwp%2Fv2%2Fcomments&post=76267"}],"version-history":[{"count":3,"href":"https:\/\/diarioavanzada.com.mx\/index.php?rest_route=\/wp\/v2\/posts\/76267\/revisions"}],"predecessor-version":[{"id":76272,"href":"https:\/\/diarioavanzada.com.mx\/index.php?rest_route=\/wp\/v2\/posts\/76267\/revisions\/76272"}],"wp:featuredmedia":[{"embeddable":true,"href":"https:\/\/diarioavanzada.com.mx\/index.php?rest_route=\/wp\/v2\/media\/76273"}],"wp:attachment":[{"href":"https:\/\/diarioavanzada.com.mx\/index.php?rest_route=%2Fwp%2Fv2%2Fmedia&parent=76267"}],"wp:term":[{"taxonomy":"category","embeddable":true,"href":"https:\/\/diarioavanzada.com.mx\/index.php?rest_route=%2Fwp%2Fv2%2Fcategories&post=76267"},{"taxonomy":"post_tag","embeddable":true,"href":"https:\/\/diarioavanzada.com.mx\/index.php?rest_route=%2Fwp%2Fv2%2Ftags&post=76267"}],"curies":[{"name":"wp","href":"https:\/\/api.w.org\/{rel}","templated":true}]}}