{"id":76006,"date":"2025-02-16T08:41:20","date_gmt":"2025-02-16T14:41:20","guid":{"rendered":"https:\/\/diarioavanzada.com.mx\/?p=76006"},"modified":"2025-02-16T08:41:20","modified_gmt":"2025-02-16T14:41:20","slug":"nancy-desaparecio-en-morelos-marchan-para-exigir-su-inmediata-localizacion","status":"publish","type":"post","link":"https:\/\/diarioavanzada.com.mx\/?p=76006","title":{"rendered":"Nancy desapareci\u00f3 en Morelos: marchan para exigir su inmediata localizaci\u00f3n"},"content":{"rendered":"\n<p class=\"p1 wp-block-paragraph\">Morelos, M\u00e9xico, Avanzada (16\/02\/2025).- Familiares y amigos de Nancy Elizabeth Torres Guerrero, desaparecida desde el 7 de febrero, realizaron una marcha en Cuautla para exigir su localizaci\u00f3n y denunciar la creciente ola de desapariciones en la regi\u00f3n. Bajo el lema \u201cDesaparecida, pero no olvidada\u201d, los manifestantes recorrieron la ciudad y llamaron a las autoridades a reforzar la seguridad y mejorar los sistemas de videovigilancia.<\/p>\n\n\n\n<p class=\"p1 wp-block-paragraph\">Nancy, de 31 a\u00f1os, fue vista por \u00faltima vez en el centro de Cuautla la noche del 7 de febrero, cuando avis\u00f3 a su hermana que se dirig\u00eda a casa despu\u00e9s de realizar unas compras. Sin embargo, nunca lleg\u00f3 a su destino. Su familia emprendieron brigadas de b\u00fasqueda y difundido su ficha en redes sociales, con la esperanza de obtener informaci\u00f3n sobre su paradero.<\/p>\n\n\n\n<p class=\"p1 wp-block-paragraph\">La movilizaci\u00f3n comenz\u00f3 en la entrada del municipio y culmin\u00f3 en la Alameda Central, donde los asistentes exigieron justicia. \u201cAgradecemos el apoyo de todos los que nos han acompa\u00f1ado en esta b\u00fasqueda. Pedimos que, si alguien tiene informaci\u00f3n, la haga llegar de inmediato. Cada minuto cuenta\u201d, expres\u00f3 Rigoberto Torres Guerrero, hermano de Nancy.<\/p>\n\n\n\n<p class=\"p1 wp-block-paragraph\">La desaparici\u00f3n de la joven evidencia fallas en la seguridad de Morelos, especialmente en el sistema de videovigilancia, cuya falta de operatividad obstaculiza las investigaciones. Los familiares solicitaron que a las autoridades estatales y municipales que refuercen la seguridad y garanticen el funcionamiento de las c\u00e1maras del C5.<\/p>\n\n\n\n<p class=\"p1 wp-block-paragraph\">La Fiscal\u00eda General del Estado de Morelos activ\u00f3 la ficha de b\u00fasqueda de Nancy Elizabeth Torres Guerrero, quien al momento de su desaparici\u00f3n vest\u00eda una blusa gris, pantal\u00f3n de mezclilla azul y tenis blancos con negro. Cualquier informaci\u00f3n sobre su paradero puede ser reportada al n\u00famero 777 109 1248.<\/p>\n\n\n\n<p class=\"p1 wp-block-paragraph\"><\/p>\n\n\n\n<figure class=\"wp-block-image size-large\"><img loading=\"lazy\" decoding=\"async\" width=\"1024\" height=\"576\" src=\"https:\/\/diarioavanzada.com.mx\/wp-content\/uploads\/2025\/02\/img_7479-1-1024x576.jpg\" alt=\"\" class=\"wp-image-76004\" srcset=\"https:\/\/diarioavanzada.com.mx\/wp-content\/uploads\/2025\/02\/img_7479-1-1024x576.jpg 1024w, https:\/\/diarioavanzada.com.mx\/wp-content\/uploads\/2025\/02\/img_7479-1-300x169.jpg 300w, https:\/\/diarioavanzada.com.mx\/wp-content\/uploads\/2025\/02\/img_7479-1-768x432.jpg 768w, https:\/\/diarioavanzada.com.mx\/wp-content\/uploads\/2025\/02\/img_7479-1.jpg 1116w\" sizes=\"auto, (max-width: 1024px) 100vw, 1024px\" \/><\/figure>\n\n\n\n<figure class=\"wp-block-video\"><div class=\"wp-block-embed__wrapper\">\n<iframe title=\"VideoPress Video Player\" aria-label='VideoPress Video Player' width='740' height='405' src='https:\/\/videopress.com\/embed\/eFUWjrd2?cover=1&amp;preloadContent=metadata&amp;useAverageColor=1&amp;hd=0' frameborder='0' allowfullscreen data-resize-to-parent=\"true\" allow='clipboard-write'><\/iframe><script src='https:\/\/v0.wordpress.com\/js\/next\/videopress-iframe.js?m=1739540970'><\/script>\n<\/div><\/figure>\n<div class=\"fb-background-color\">\n\t\t\t  <div \n\t\t\t  \tclass = \"fb-comments\" \n\t\t\t  \tdata-href = \"https:\/\/diarioavanzada.com.mx\/?p=76006\"\n\t\t\t  \tdata-numposts = \"10\"\n\t\t\t  \tdata-lazy = \"true\"\n\t\t\t\tdata-colorscheme = \"light\"\n\t\t\t\tdata-order-by = \"social\"\n\t\t\t\tdata-mobile=true>\n\t\t\t  <\/div><\/div>\n\t\t  <style>\n\t\t    .fb-background-color {\n\t\t\t\tbackground:  !important;\n\t\t\t}\n\t\t\t.fb_iframe_widget_fluid_desktop iframe {\n\t\t\t    width: 100% !important;\n\t\t\t}\n\t\t  <\/style>\n\t\t  ","protected":false},"excerpt":{"rendered":"<p>Morelos, M\u00e9xico, Avanzada (16\/02\/2025).- Familiares y amigos de Nancy Elizabeth Torres Guerrero, desaparecida desde el 7 de febrero, realizaron una marcha en Cuautla para exigir su localizaci\u00f3n y denunciar la creciente ola de desapariciones en la regi\u00f3n. Bajo el lema \u201cDesaparecida, pero no olvidada\u201d, los manifestantes recorrieron la ciudad y llamaron a las autoridades a [&hellip;]<\/p>\n","protected":false},"author":7,"featured_media":76008,"comment_status":"closed","ping_status":"closed","sticky":false,"template":"","format":"standard","meta":{"_coblocks_attr":"","_coblocks_dimensions":"","_coblocks_responsive_height":"","_coblocks_accordion_ie_support":"","_crdt_document":"","advanced_seo_description":"","jetpack_seo_html_title":"","jetpack_seo_noindex":false,"_jetpack_memberships_contains_paid_content":false,"footnotes":""},"categories":[22,7,231],"tags":[],"class_list":["post-76006","post","type-post","status-publish","format-standard","has-post-thumbnail","hentry","category-nacion","category-noticias","category-seguridad"],"jetpack_featured_media_url":"https:\/\/diarioavanzada.com.mx\/wp-content\/uploads\/2025\/02\/img_7481-1.png","jetpack-related-posts":[],"jetpack_sharing_enabled":true,"amp_enabled":true,"_links":{"self":[{"href":"https:\/\/diarioavanzada.com.mx\/index.php?rest_route=\/wp\/v2\/posts\/76006","targetHints":{"allow":["GET"]}}],"collection":[{"href":"https:\/\/diarioavanzada.com.mx\/index.php?rest_route=\/wp\/v2\/posts"}],"about":[{"href":"https:\/\/diarioavanzada.com.mx\/index.php?rest_route=\/wp\/v2\/types\/post"}],"author":[{"embeddable":true,"href":"https:\/\/diarioavanzada.com.mx\/index.php?rest_route=\/wp\/v2\/users\/7"}],"replies":[{"embeddable":true,"href":"https:\/\/diarioavanzada.com.mx\/index.php?rest_route=%2Fwp%2Fv2%2Fcomments&post=76006"}],"version-history":[{"count":2,"href":"https:\/\/diarioavanzada.com.mx\/index.php?rest_route=\/wp\/v2\/posts\/76006\/revisions"}],"predecessor-version":[{"id":76010,"href":"https:\/\/diarioavanzada.com.mx\/index.php?rest_route=\/wp\/v2\/posts\/76006\/revisions\/76010"}],"wp:featuredmedia":[{"embeddable":true,"href":"https:\/\/diarioavanzada.com.mx\/index.php?rest_route=\/wp\/v2\/media\/76008"}],"wp:attachment":[{"href":"https:\/\/diarioavanzada.com.mx\/index.php?rest_route=%2Fwp%2Fv2%2Fmedia&parent=76006"}],"wp:term":[{"taxonomy":"category","embeddable":true,"href":"https:\/\/diarioavanzada.com.mx\/index.php?rest_route=%2Fwp%2Fv2%2Fcategories&post=76006"},{"taxonomy":"post_tag","embeddable":true,"href":"https:\/\/diarioavanzada.com.mx\/index.php?rest_route=%2Fwp%2Fv2%2Ftags&post=76006"}],"curies":[{"name":"wp","href":"https:\/\/api.w.org\/{rel}","templated":true}]}}