{"id":75914,"date":"2025-02-15T14:10:58","date_gmt":"2025-02-15T20:10:58","guid":{"rendered":"https:\/\/diarioavanzada.com.mx\/?p=75914"},"modified":"2025-02-15T14:41:05","modified_gmt":"2025-02-15T20:41:05","slug":"rocha-moya-presume-su-afiliacion-a-morena-y-da-la-bienvenida-a-andres-manuel-lopez-en-sinaloa","status":"publish","type":"post","link":"https:\/\/diarioavanzada.com.mx\/?p=75914","title":{"rendered":"Rocha Moya presume su afiliaci\u00f3n a Morena y da la bienvenida a Andr\u00e9s Manuel L\u00f3pez en Sinaloa"},"content":{"rendered":"\n<p class=\"p1 wp-block-paragraph\">Sinaloa, M\u00e9xico, Avanzada (15\/02\/2025).- El gobernador de Sinaloa, Rub\u00e9n Rocha Moya, anunci\u00f3 este viernes su afiliaci\u00f3n oficial al partido Movimiento Regeneraci\u00f3n Nacional (Morena), al tiempo que dio la bienvenida a Andr\u00e9s Manuel L\u00f3pez Beltr\u00e1n, hijo del expresidente Andr\u00e9s Manuel L\u00f3pez Obrador, durante su visita a la entidad.<\/p>\n\n\n\n<p class=\"p1 wp-block-paragraph\">A trav\u00e9s de su cuenta en la red social X, Rocha Moya comparti\u00f3 una fotograf\u00eda de su nueva credencial partidista, acompa\u00f1ada de un mensaje donde reafirm\u00f3 su respaldo al proyecto de la Cuarta Transformaci\u00f3n impulsado por L\u00f3pez Obrador y ahora liderado por la presidenta Claudia Sheinbaum.<\/p>\n\n\n\n<p class=\"p1 wp-block-paragraph\">\u201cCon el tiempo, el anhelo de un pa\u00eds m\u00e1s equitativo, se transform\u00f3 en una lucha incansable por el bienestar de todas y todos. Paso a paso, este movimiento ha crecido hasta sumar a millones de mexicanas y mexicanos que hoy seguimos construyendo un futuro fundamentado en la honestidad, la justicia y la democracia\u201d, escribi\u00f3 el mandatario.<\/p>\n\n\n\n<p class=\"p1 wp-block-paragraph\">En su mensaje, Rocha Moya destac\u00f3 que su decisi\u00f3n de afiliarse es una muestra de continuidad y compromiso con el proyecto pol\u00edtico que, asegur\u00f3, tiene como prioridad el bienestar del pueblo.<\/p>\n\n\n\n<p class=\"p1 wp-block-paragraph\">La visita de L\u00f3pez Beltr\u00e1n a Sinaloa se enmarca en el proceso nacional de afiliaci\u00f3n y reafiliaci\u00f3n a Morena, que busca fortalecer su estructura interna rumbo a futuros procesos electorales.<\/p>\n<div class=\"fb-background-color\">\n\t\t\t  <div \n\t\t\t  \tclass = \"fb-comments\" \n\t\t\t  \tdata-href = \"https:\/\/diarioavanzada.com.mx\/?p=75914\"\n\t\t\t  \tdata-numposts = \"10\"\n\t\t\t  \tdata-lazy = \"true\"\n\t\t\t\tdata-colorscheme = \"light\"\n\t\t\t\tdata-order-by = \"social\"\n\t\t\t\tdata-mobile=true>\n\t\t\t  <\/div><\/div>\n\t\t  <style>\n\t\t    .fb-background-color {\n\t\t\t\tbackground:  !important;\n\t\t\t}\n\t\t\t.fb_iframe_widget_fluid_desktop iframe {\n\t\t\t    width: 100% !important;\n\t\t\t}\n\t\t  <\/style>\n\t\t  ","protected":false},"excerpt":{"rendered":"<p>Sinaloa, M\u00e9xico, Avanzada (15\/02\/2025).- El gobernador de Sinaloa, Rub\u00e9n Rocha Moya, anunci\u00f3 este viernes su afiliaci\u00f3n oficial al partido Movimiento Regeneraci\u00f3n Nacional (Morena), al tiempo que dio la bienvenida a Andr\u00e9s Manuel L\u00f3pez Beltr\u00e1n, hijo del expresidente Andr\u00e9s Manuel L\u00f3pez Obrador, durante su visita a la entidad. A trav\u00e9s de su cuenta en la red [&hellip;]<\/p>\n","protected":false},"author":7,"featured_media":75915,"comment_status":"closed","ping_status":"closed","sticky":false,"template":"","format":"standard","meta":{"_coblocks_attr":"","_coblocks_dimensions":"","_coblocks_responsive_height":"","_coblocks_accordion_ie_support":"","_crdt_document":"","advanced_seo_description":"","jetpack_seo_html_title":"","jetpack_seo_noindex":false,"_jetpack_memberships_contains_paid_content":false,"footnotes":""},"categories":[22],"tags":[],"class_list":["post-75914","post","type-post","status-publish","format-standard","has-post-thumbnail","hentry","category-nacion"],"jetpack_featured_media_url":"https:\/\/diarioavanzada.com.mx\/wp-content\/uploads\/2025\/02\/img_5707-2-1.jpg","jetpack-related-posts":[],"jetpack_sharing_enabled":true,"amp_enabled":true,"_links":{"self":[{"href":"https:\/\/diarioavanzada.com.mx\/index.php?rest_route=\/wp\/v2\/posts\/75914","targetHints":{"allow":["GET"]}}],"collection":[{"href":"https:\/\/diarioavanzada.com.mx\/index.php?rest_route=\/wp\/v2\/posts"}],"about":[{"href":"https:\/\/diarioavanzada.com.mx\/index.php?rest_route=\/wp\/v2\/types\/post"}],"author":[{"embeddable":true,"href":"https:\/\/diarioavanzada.com.mx\/index.php?rest_route=\/wp\/v2\/users\/7"}],"replies":[{"embeddable":true,"href":"https:\/\/diarioavanzada.com.mx\/index.php?rest_route=%2Fwp%2Fv2%2Fcomments&post=75914"}],"version-history":[{"count":2,"href":"https:\/\/diarioavanzada.com.mx\/index.php?rest_route=\/wp\/v2\/posts\/75914\/revisions"}],"predecessor-version":[{"id":75917,"href":"https:\/\/diarioavanzada.com.mx\/index.php?rest_route=\/wp\/v2\/posts\/75914\/revisions\/75917"}],"wp:featuredmedia":[{"embeddable":true,"href":"https:\/\/diarioavanzada.com.mx\/index.php?rest_route=\/wp\/v2\/media\/75915"}],"wp:attachment":[{"href":"https:\/\/diarioavanzada.com.mx\/index.php?rest_route=%2Fwp%2Fv2%2Fmedia&parent=75914"}],"wp:term":[{"taxonomy":"category","embeddable":true,"href":"https:\/\/diarioavanzada.com.mx\/index.php?rest_route=%2Fwp%2Fv2%2Fcategories&post=75914"},{"taxonomy":"post_tag","embeddable":true,"href":"https:\/\/diarioavanzada.com.mx\/index.php?rest_route=%2Fwp%2Fv2%2Ftags&post=75914"}],"curies":[{"name":"wp","href":"https:\/\/api.w.org\/{rel}","templated":true}]}}