{"id":75874,"date":"2025-02-15T12:14:59","date_gmt":"2025-02-15T18:14:59","guid":{"rendered":"https:\/\/diarioavanzada.com.mx\/?p=75874"},"modified":"2025-02-15T12:14:59","modified_gmt":"2025-02-15T18:14:59","slug":"sentencian-a-119-anos-de-prision-a-influencer-por-explotacion-infantil-en-chiapas","status":"publish","type":"post","link":"https:\/\/diarioavanzada.com.mx\/?p=75874","title":{"rendered":"Sentencian a 119 a\u00f1os de prisi\u00f3n a influencer por explotaci\u00f3n infantil en Chiapas"},"content":{"rendered":"\n<p class=\"p1 wp-block-paragraph\">Chiapas, M\u00e9xico, Avanzada (15\/02\/2025).- Un tribunal del distrito judicial de Comit\u00e1n dict\u00f3 una sentencia de 119 a\u00f1os y 9 meses de prisi\u00f3n contra Yudiel \u201cN\u201d, conocido en redes sociales como \u201cEl Coyote Consentido\u201d o \u201cRonaldfranco\u201d, por delitos relacionados con la explotaci\u00f3n infantil y la difusi\u00f3n de material de abuso sexual en internet.<\/p>\n\n\n\n<p class=\"p1 wp-block-paragraph\">El Poder Judicial del Estado de Chiapas inform\u00f3 que la condena m\u00e1s reciente contra el influencer fue de 67 a\u00f1os y seis meses de prisi\u00f3n por trata de personas en su modalidad de explotaci\u00f3n sexual a trav\u00e9s de la difusi\u00f3n de pornograf\u00eda infantil. A esta pena se suman sentencias previas que incluyen 23 a\u00f1os con 9 meses y 15 d\u00edas impuestas en enero de 2023, y otros 28 a\u00f1os y seis meses dictados en noviembre del mismo a\u00f1o por violaci\u00f3n agravada en perjuicio de una menor en San Crist\u00f3bal de las Casas.<\/p>\n\n\n\n<p class=\"p1 wp-block-paragraph\">De acuerdo con la investigaci\u00f3n, que se origin\u00f3 tras una denuncia del Bur\u00f3 Federal de Investigaciones (FBI) de Estados Unidos, Yudiel \u201cN\u201d operaba bajo el alias \u201cRONALD Franco\u201d y utilizaba la red TOR para difundir material de abuso sexual infantil desde al menos 2011. La polic\u00eda de Australia tambi\u00e9n colabor\u00f3 en el caso, aportando informaci\u00f3n clave para la identificaci\u00f3n del acusado.<\/p>\n\n\n\n<p class=\"p1 wp-block-paragraph\">La sentencia tambi\u00e9n contempla el pago de reparaci\u00f3n del da\u00f1o a las v\u00edctimas, aunque el monto no fue especificado.<\/p>\n\n\n\n<p class=\"p1 wp-block-paragraph\">Actualmente, Yudiel \u201cN\u201d permanece recluido en el penal \u201cEl Canelo\u201d, en Chiapa de Corzo, desde donde intentaba comunicarse con sus seguidores. Sin embargo, recientemente afirm\u00f3 que ya no podr\u00e1 transmitir sus mensajes debido a restricciones en sus llamadas.<\/p>\n\n\n\n<p class=\"p1 wp-block-paragraph\">A pesar de las pruebas presentadas en su contra, la p\u00e1gina \u201cEl Coyote Con Sentido Oficial\u201d aseguro que el proceso judicial representa una persecuci\u00f3n pol\u00edtica y una violaci\u00f3n a su libertad de expresi\u00f3n. Mientras tanto, las autoridades chiapanecas reiteran su compromiso de aplicar justicia con perspectiva de infancia y en apego a tratados internacionales que protegen a ni\u00f1as, ni\u00f1os y adolescentes.<\/p>\n<div class=\"fb-background-color\">\n\t\t\t  <div \n\t\t\t  \tclass = \"fb-comments\" \n\t\t\t  \tdata-href = \"https:\/\/diarioavanzada.com.mx\/?p=75874\"\n\t\t\t  \tdata-numposts = \"10\"\n\t\t\t  \tdata-lazy = \"true\"\n\t\t\t\tdata-colorscheme = \"light\"\n\t\t\t\tdata-order-by = \"social\"\n\t\t\t\tdata-mobile=true>\n\t\t\t  <\/div><\/div>\n\t\t  <style>\n\t\t    .fb-background-color {\n\t\t\t\tbackground:  !important;\n\t\t\t}\n\t\t\t.fb_iframe_widget_fluid_desktop iframe {\n\t\t\t    width: 100% !important;\n\t\t\t}\n\t\t  <\/style>\n\t\t  ","protected":false},"excerpt":{"rendered":"<p>Chiapas, M\u00e9xico, Avanzada (15\/02\/2025).- Un tribunal del distrito judicial de Comit\u00e1n dict\u00f3 una sentencia de 119 a\u00f1os y 9 meses de prisi\u00f3n contra Yudiel \u201cN\u201d, conocido en redes sociales como \u201cEl Coyote Consentido\u201d o \u201cRonaldfranco\u201d, por delitos relacionados con la explotaci\u00f3n infantil y la difusi\u00f3n de material de abuso sexual en internet. El Poder Judicial [&hellip;]<\/p>\n","protected":false},"author":7,"featured_media":75893,"comment_status":"closed","ping_status":"closed","sticky":false,"template":"","format":"standard","meta":{"_coblocks_attr":"","_coblocks_dimensions":"","_coblocks_responsive_height":"","_coblocks_accordion_ie_support":"","_crdt_document":"","advanced_seo_description":"","jetpack_seo_html_title":"","jetpack_seo_noindex":false,"_jetpack_memberships_contains_paid_content":false,"footnotes":""},"categories":[22,7,231],"tags":[],"class_list":["post-75874","post","type-post","status-publish","format-standard","has-post-thumbnail","hentry","category-nacion","category-noticias","category-seguridad"],"jetpack_featured_media_url":"https:\/\/diarioavanzada.com.mx\/wp-content\/uploads\/2025\/02\/img_5696-1.jpg","jetpack-related-posts":[],"jetpack_sharing_enabled":true,"amp_enabled":true,"_links":{"self":[{"href":"https:\/\/diarioavanzada.com.mx\/index.php?rest_route=\/wp\/v2\/posts\/75874","targetHints":{"allow":["GET"]}}],"collection":[{"href":"https:\/\/diarioavanzada.com.mx\/index.php?rest_route=\/wp\/v2\/posts"}],"about":[{"href":"https:\/\/diarioavanzada.com.mx\/index.php?rest_route=\/wp\/v2\/types\/post"}],"author":[{"embeddable":true,"href":"https:\/\/diarioavanzada.com.mx\/index.php?rest_route=\/wp\/v2\/users\/7"}],"replies":[{"embeddable":true,"href":"https:\/\/diarioavanzada.com.mx\/index.php?rest_route=%2Fwp%2Fv2%2Fcomments&post=75874"}],"version-history":[{"count":1,"href":"https:\/\/diarioavanzada.com.mx\/index.php?rest_route=\/wp\/v2\/posts\/75874\/revisions"}],"predecessor-version":[{"id":75894,"href":"https:\/\/diarioavanzada.com.mx\/index.php?rest_route=\/wp\/v2\/posts\/75874\/revisions\/75894"}],"wp:featuredmedia":[{"embeddable":true,"href":"https:\/\/diarioavanzada.com.mx\/index.php?rest_route=\/wp\/v2\/media\/75893"}],"wp:attachment":[{"href":"https:\/\/diarioavanzada.com.mx\/index.php?rest_route=%2Fwp%2Fv2%2Fmedia&parent=75874"}],"wp:term":[{"taxonomy":"category","embeddable":true,"href":"https:\/\/diarioavanzada.com.mx\/index.php?rest_route=%2Fwp%2Fv2%2Fcategories&post=75874"},{"taxonomy":"post_tag","embeddable":true,"href":"https:\/\/diarioavanzada.com.mx\/index.php?rest_route=%2Fwp%2Fv2%2Ftags&post=75874"}],"curies":[{"name":"wp","href":"https:\/\/api.w.org\/{rel}","templated":true}]}}