{"id":74949,"date":"2025-02-09T13:07:43","date_gmt":"2025-02-09T19:07:43","guid":{"rendered":"https:\/\/diarioavanzada.com.mx\/?p=74949"},"modified":"2025-02-09T13:07:43","modified_gmt":"2025-02-09T19:07:43","slug":"orizaba-rescatan-a-victima-de-secuestro-tras-enfrentamiento-cinco-delincuentes-abatidos","status":"publish","type":"post","link":"https:\/\/diarioavanzada.com.mx\/?p=74949","title":{"rendered":"Orizaba: Rescatan a v\u00edctima de secuestro tras enfrentamiento; cinco delincuentes abatidos"},"content":{"rendered":"\n<p class=\"p1 wp-block-paragraph\">Veracruz, M\u00e9xico, Avanzada (09\/02\/2025).- Un operativo de rescate llevado a cabo por fuerzas de seguridad en la colonia Santa Mar\u00eda Guadalupe de Orizaba culmin\u00f3 en un enfrentamiento armado que dej\u00f3 como saldo cinco presuntos secuestradores abatidos y una v\u00edctima liberada.<\/p>\n\n\n\n<p class=\"p1 wp-block-paragraph\">El cateo, ejecutado durante la madrugada del s\u00e1bado por la Unidad Especializada en Combate al Secuestro en coordinaci\u00f3n con la Secretar\u00eda de la Defensa Nacional y la Guardia Nacional, ten\u00eda como objetivo el rescate de una persona privada de su libertad. Sin embargo, al ingresar a la vivienda utilizada como casa de seguridad, los agentes fueron recibidos a balazos, lo que deriv\u00f3 en un intenso intercambio de disparos.<\/p>\n\n\n\n<p class=\"p1 wp-block-paragraph\">De acuerdo con la Fiscal\u00eda General del Estado de Veracruz, la v\u00edctima fue rescatada con vida y su identidad se mantiene bajo resguardo. Posteriormente, fue puesta a disposici\u00f3n de las autoridades para rendir su declaraci\u00f3n y ser reunida con sus familiares.<\/p>\n\n\n\n<p class=\"p1 wp-block-paragraph\">Durante el operativo, un elemento de seguridad result\u00f3 herido de bala y fue trasladado a un hospital para recibir atenci\u00f3n m\u00e9dica. Hasta el momento, no se dieron a conocer m\u00e1s detalles sobre su estado de salud ni la corporaci\u00f3n a la que pertenece.<\/p>\n\n\n\n<p class=\"p1 wp-block-paragraph\">El estado de Veracruz registra una alarmante incidencia de secuestros en los \u00faltimos a\u00f1os. Seg\u00fan datos de la organizaci\u00f3n civil Alto al Secuestro, en 2024 la entidad se posicion\u00f3 entre los primeros cuatro lugares a nivel nacional en n\u00famero de plagios, con un total de 93 casos contabilizados.<\/p>\n\n\n\n<p class=\"p1 wp-block-paragraph\">El enfrentamiento de este s\u00e1bado ocurri\u00f3 apenas dos d\u00edas despu\u00e9s de otro operativo en el municipio, en el que fueron detenidos tres comerciantes y asegurado un cargamento de productos presuntamente vinculados a la venta de drogas.<\/p>\n\n\n\n<p class=\"p1 wp-block-paragraph\">Las autoridades contin\u00faan con las investigaciones para desarticular redes criminales en la zona, mientras que la violencia sigue marcando la vida de este Pueblo M\u00e1gico, cuya denominaci\u00f3n tur\u00edstica contrasta con la creciente inseguridad.<\/p>\n<div class=\"fb-background-color\">\n\t\t\t  <div \n\t\t\t  \tclass = \"fb-comments\" \n\t\t\t  \tdata-href = \"https:\/\/diarioavanzada.com.mx\/?p=74949\"\n\t\t\t  \tdata-numposts = \"10\"\n\t\t\t  \tdata-lazy = \"true\"\n\t\t\t\tdata-colorscheme = \"light\"\n\t\t\t\tdata-order-by = \"social\"\n\t\t\t\tdata-mobile=true>\n\t\t\t  <\/div><\/div>\n\t\t  <style>\n\t\t    .fb-background-color {\n\t\t\t\tbackground:  !important;\n\t\t\t}\n\t\t\t.fb_iframe_widget_fluid_desktop iframe {\n\t\t\t    width: 100% !important;\n\t\t\t}\n\t\t  <\/style>\n\t\t  ","protected":false},"excerpt":{"rendered":"<p>Veracruz, M\u00e9xico, Avanzada (09\/02\/2025).- Un operativo de rescate llevado a cabo por fuerzas de seguridad en la colonia Santa Mar\u00eda Guadalupe de Orizaba culmin\u00f3 en un enfrentamiento armado que dej\u00f3 como saldo cinco presuntos secuestradores abatidos y una v\u00edctima liberada. El cateo, ejecutado durante la madrugada del s\u00e1bado por la Unidad Especializada en Combate al [&hellip;]<\/p>\n","protected":false},"author":7,"featured_media":74950,"comment_status":"closed","ping_status":"closed","sticky":false,"template":"","format":"standard","meta":{"_coblocks_attr":"","_coblocks_dimensions":"","_coblocks_responsive_height":"","_coblocks_accordion_ie_support":"","_crdt_document":"","advanced_seo_description":"","jetpack_seo_html_title":"","jetpack_seo_noindex":false,"_jetpack_memberships_contains_paid_content":false,"footnotes":""},"categories":[22,7,231],"tags":[],"class_list":["post-74949","post","type-post","status-publish","format-standard","has-post-thumbnail","hentry","category-nacion","category-noticias","category-seguridad"],"jetpack_featured_media_url":"https:\/\/diarioavanzada.com.mx\/wp-content\/uploads\/2025\/02\/img_5221-1.jpg","jetpack-related-posts":[],"jetpack_sharing_enabled":true,"amp_enabled":true,"_links":{"self":[{"href":"https:\/\/diarioavanzada.com.mx\/index.php?rest_route=\/wp\/v2\/posts\/74949","targetHints":{"allow":["GET"]}}],"collection":[{"href":"https:\/\/diarioavanzada.com.mx\/index.php?rest_route=\/wp\/v2\/posts"}],"about":[{"href":"https:\/\/diarioavanzada.com.mx\/index.php?rest_route=\/wp\/v2\/types\/post"}],"author":[{"embeddable":true,"href":"https:\/\/diarioavanzada.com.mx\/index.php?rest_route=\/wp\/v2\/users\/7"}],"replies":[{"embeddable":true,"href":"https:\/\/diarioavanzada.com.mx\/index.php?rest_route=%2Fwp%2Fv2%2Fcomments&post=74949"}],"version-history":[{"count":1,"href":"https:\/\/diarioavanzada.com.mx\/index.php?rest_route=\/wp\/v2\/posts\/74949\/revisions"}],"predecessor-version":[{"id":74951,"href":"https:\/\/diarioavanzada.com.mx\/index.php?rest_route=\/wp\/v2\/posts\/74949\/revisions\/74951"}],"wp:featuredmedia":[{"embeddable":true,"href":"https:\/\/diarioavanzada.com.mx\/index.php?rest_route=\/wp\/v2\/media\/74950"}],"wp:attachment":[{"href":"https:\/\/diarioavanzada.com.mx\/index.php?rest_route=%2Fwp%2Fv2%2Fmedia&parent=74949"}],"wp:term":[{"taxonomy":"category","embeddable":true,"href":"https:\/\/diarioavanzada.com.mx\/index.php?rest_route=%2Fwp%2Fv2%2Fcategories&post=74949"},{"taxonomy":"post_tag","embeddable":true,"href":"https:\/\/diarioavanzada.com.mx\/index.php?rest_route=%2Fwp%2Fv2%2Ftags&post=74949"}],"curies":[{"name":"wp","href":"https:\/\/api.w.org\/{rel}","templated":true}]}}