{"id":74826,"date":"2025-02-08T09:02:18","date_gmt":"2025-02-08T15:02:18","guid":{"rendered":"https:\/\/diarioavanzada.com.mx\/?p=74826"},"modified":"2025-02-08T09:04:13","modified_gmt":"2025-02-08T15:04:13","slug":"denuncian-robo-y-amenazas-en-la-clinica-no-1-del-imss","status":"publish","type":"post","link":"https:\/\/diarioavanzada.com.mx\/?p=74826","title":{"rendered":"Denuncian robo y amenazas en la Cl\u00ednica No. 1 del IMSS"},"content":{"rendered":"\n<p class=\"p3 wp-block-paragraph\">Colima, M\u00e9xico, Avanzada (08\/02\/2025).-&nbsp; Una usuaria de redes sociales, Julissa Ortega, denunci\u00f3 haber sido v\u00edctima de robo y amenazas dentro de la Cl\u00ednica No. 1 del IMSS en Colima, se\u00f1alando a un enfermero como el presunto responsable.<\/p>\n\n\n\n<p class=\"p3 wp-block-paragraph\">Seg\u00fan relat\u00f3 Ortega, el jueves 6 de febrero, alrededor de las 9:20 de la noche, mientras acompa\u00f1aba a su madre al ba\u00f1o, su bolso fue revisado y su cartera vaciada. Al notar la situaci\u00f3n, un enfermero que no hab\u00eda visto antes se acerc\u00f3 de manera sospechosa y mostr\u00f3 nerviosismo al intentar ayudarla.<\/p>\n\n\n\n<p class=\"p3 wp-block-paragraph\">Al confrontarlo, el trabajador de salud neg\u00f3 cualquier responsabilidad y, seg\u00fan la denunciante, la amenaz\u00f3 con retirarle el seguro m\u00e9dico a su madre si lo reportaba. Adem\u00e1s, indic\u00f3 que el mismo enfermero se acerc\u00f3 posteriormente a su madre para reiterar la amenaza.<\/p>\n\n\n\n<p class=\"p3 wp-block-paragraph\">Ortega acudi\u00f3 con la subdirectora de la cl\u00ednica y la jefa de enfermer\u00eda, pero solo recibi\u00f3 disculpas sin que se tomaran medidas inmediatas. Expres\u00f3 su indignaci\u00f3n y temor de que este tipo de situaciones se repitan con otros pacientes o familiares.<\/p>\n\n\n\n<p class=\"p3 wp-block-paragraph\">Hasta el momento, el IMSS no ha emitido un pronunciamiento oficial sobre los hechos.<\/p>\n\n\n\n<p class=\"wp-block-paragraph\"><em>*Fotograf\u00eda compartida por Julissa Ortega en la red social de Facebook: <\/em><a href=\"https:\/\/www.facebook.com\/share\/p\/18JhLt2AvS\/?mibextid=wwXIfr\" rel=\"nofollow\">https:\/\/www.facebook.com\/share\/p\/18JhLt2AvS\/?mibextid=wwXIfr<\/a><\/p>\n<div class=\"fb-background-color\">\n\t\t\t  <div \n\t\t\t  \tclass = \"fb-comments\" \n\t\t\t  \tdata-href = \"https:\/\/diarioavanzada.com.mx\/?p=74826\"\n\t\t\t  \tdata-numposts = \"10\"\n\t\t\t  \tdata-lazy = \"true\"\n\t\t\t\tdata-colorscheme = \"light\"\n\t\t\t\tdata-order-by = \"social\"\n\t\t\t\tdata-mobile=true>\n\t\t\t  <\/div><\/div>\n\t\t  <style>\n\t\t    .fb-background-color {\n\t\t\t\tbackground:  !important;\n\t\t\t}\n\t\t\t.fb_iframe_widget_fluid_desktop iframe {\n\t\t\t    width: 100% !important;\n\t\t\t}\n\t\t  <\/style>\n\t\t  ","protected":false},"excerpt":{"rendered":"<p>Colima, M\u00e9xico, Avanzada (08\/02\/2025).-&nbsp; Una usuaria de redes sociales, Julissa Ortega, denunci\u00f3 haber sido v\u00edctima de robo y amenazas dentro de la Cl\u00ednica No. 1 del IMSS en Colima, se\u00f1alando a un enfermero como el presunto responsable. Seg\u00fan relat\u00f3 Ortega, el jueves 6 de febrero, alrededor de las 9:20 de la noche, mientras acompa\u00f1aba a [&hellip;]<\/p>\n","protected":false},"author":7,"featured_media":74827,"comment_status":"closed","ping_status":"closed","sticky":false,"template":"","format":"standard","meta":{"_coblocks_attr":"","_coblocks_dimensions":"","_coblocks_responsive_height":"","_coblocks_accordion_ie_support":"","_crdt_document":"","advanced_seo_description":"","jetpack_seo_html_title":"","jetpack_seo_noindex":false,"_jetpack_memberships_contains_paid_content":false,"footnotes":""},"categories":[19,209,7],"tags":[],"class_list":["post-74826","post","type-post","status-publish","format-standard","has-post-thumbnail","hentry","category-colima","category-importantes","category-noticias"],"jetpack_featured_media_url":"https:\/\/diarioavanzada.com.mx\/wp-content\/uploads\/2025\/02\/img_5138-1.jpg","jetpack-related-posts":[],"jetpack_sharing_enabled":true,"amp_enabled":true,"_links":{"self":[{"href":"https:\/\/diarioavanzada.com.mx\/index.php?rest_route=\/wp\/v2\/posts\/74826","targetHints":{"allow":["GET"]}}],"collection":[{"href":"https:\/\/diarioavanzada.com.mx\/index.php?rest_route=\/wp\/v2\/posts"}],"about":[{"href":"https:\/\/diarioavanzada.com.mx\/index.php?rest_route=\/wp\/v2\/types\/post"}],"author":[{"embeddable":true,"href":"https:\/\/diarioavanzada.com.mx\/index.php?rest_route=\/wp\/v2\/users\/7"}],"replies":[{"embeddable":true,"href":"https:\/\/diarioavanzada.com.mx\/index.php?rest_route=%2Fwp%2Fv2%2Fcomments&post=74826"}],"version-history":[{"count":2,"href":"https:\/\/diarioavanzada.com.mx\/index.php?rest_route=\/wp\/v2\/posts\/74826\/revisions"}],"predecessor-version":[{"id":74829,"href":"https:\/\/diarioavanzada.com.mx\/index.php?rest_route=\/wp\/v2\/posts\/74826\/revisions\/74829"}],"wp:featuredmedia":[{"embeddable":true,"href":"https:\/\/diarioavanzada.com.mx\/index.php?rest_route=\/wp\/v2\/media\/74827"}],"wp:attachment":[{"href":"https:\/\/diarioavanzada.com.mx\/index.php?rest_route=%2Fwp%2Fv2%2Fmedia&parent=74826"}],"wp:term":[{"taxonomy":"category","embeddable":true,"href":"https:\/\/diarioavanzada.com.mx\/index.php?rest_route=%2Fwp%2Fv2%2Fcategories&post=74826"},{"taxonomy":"post_tag","embeddable":true,"href":"https:\/\/diarioavanzada.com.mx\/index.php?rest_route=%2Fwp%2Fv2%2Ftags&post=74826"}],"curies":[{"name":"wp","href":"https:\/\/api.w.org\/{rel}","templated":true}]}}