{"id":74794,"date":"2025-02-07T20:28:50","date_gmt":"2025-02-08T02:28:50","guid":{"rendered":"https:\/\/diarioavanzada.com.mx\/?p=74794"},"modified":"2025-02-07T20:28:50","modified_gmt":"2025-02-08T02:28:50","slug":"separan-del-cargo-a-dos-funcionarios-de-la-fiscalia-de-michoacan-por-presunta-corrupcion","status":"publish","type":"post","link":"https:\/\/diarioavanzada.com.mx\/?p=74794","title":{"rendered":"Separan del cargo a dos funcionarios de la Fiscal\u00eda de Michoac\u00e1n por presunta corrupci\u00f3n"},"content":{"rendered":"\n<p class=\"p3 wp-block-paragraph\">Michoac\u00e1n, M\u00e9xico, Avanzada (07\/02\/2025).- La Fiscal\u00eda General del Estado de Michoac\u00e1n separ\u00f3 de sus cargos al Fiscal de Asuntos Especiales, Jorge Alberto Camacho Delgado, y al agente del Ministerio P\u00fablico, Ren\u00e9 Carlos Espinosa Albarr\u00e1n, tras el inicio de una investigaci\u00f3n en su contra por su probable responsabilidad en actos constitutivos de delito.<\/p>\n\n\n\n<p class=\"p3 wp-block-paragraph\">La decisi\u00f3n fue ordenada por el Fiscal General, Adri\u00e1n L\u00f3pez Sol\u00eds, luego de recibir una denuncia interpuesta por el representante legal de una empresa dedicada a la comercializaci\u00f3n de aguacate. Ante ello, se instruy\u00f3 una investigaci\u00f3n bajo los principios de legalidad y transparencia, y se determin\u00f3 apartar temporalmente a los funcionarios mientras se esclarecen los hechos.<\/p>\n\n\n\n<p class=\"p3 wp-block-paragraph\">La Fiscal\u00eda reiter\u00f3 su compromiso de actuar con firmeza y certeza, adem\u00e1s de garantizar el debido proceso en las investigaciones relacionadas con la conducta de los servidores p\u00fablicos de la instituci\u00f3n.<\/p>\n<div class=\"fb-background-color\">\n\t\t\t  <div \n\t\t\t  \tclass = \"fb-comments\" \n\t\t\t  \tdata-href = \"https:\/\/diarioavanzada.com.mx\/?p=74794\"\n\t\t\t  \tdata-numposts = \"10\"\n\t\t\t  \tdata-lazy = \"true\"\n\t\t\t\tdata-colorscheme = \"light\"\n\t\t\t\tdata-order-by = \"social\"\n\t\t\t\tdata-mobile=true>\n\t\t\t  <\/div><\/div>\n\t\t  <style>\n\t\t    .fb-background-color {\n\t\t\t\tbackground:  !important;\n\t\t\t}\n\t\t\t.fb_iframe_widget_fluid_desktop iframe {\n\t\t\t    width: 100% !important;\n\t\t\t}\n\t\t  <\/style>\n\t\t  ","protected":false},"excerpt":{"rendered":"<p>Michoac\u00e1n, M\u00e9xico, Avanzada (07\/02\/2025).- La Fiscal\u00eda General del Estado de Michoac\u00e1n separ\u00f3 de sus cargos al Fiscal de Asuntos Especiales, Jorge Alberto Camacho Delgado, y al agente del Ministerio P\u00fablico, Ren\u00e9 Carlos Espinosa Albarr\u00e1n, tras el inicio de una investigaci\u00f3n en su contra por su probable responsabilidad en actos constitutivos de delito. La decisi\u00f3n fue [&hellip;]<\/p>\n","protected":false},"author":7,"featured_media":74795,"comment_status":"closed","ping_status":"closed","sticky":false,"template":"","format":"standard","meta":{"_coblocks_attr":"","_coblocks_dimensions":"","_coblocks_responsive_height":"","_coblocks_accordion_ie_support":"","_crdt_document":"","advanced_seo_description":"","jetpack_seo_html_title":"","jetpack_seo_noindex":false,"_jetpack_memberships_contains_paid_content":false,"footnotes":""},"categories":[22,7,231],"tags":[],"class_list":["post-74794","post","type-post","status-publish","format-standard","has-post-thumbnail","hentry","category-nacion","category-noticias","category-seguridad"],"jetpack_featured_media_url":"https:\/\/diarioavanzada.com.mx\/wp-content\/uploads\/2025\/02\/img_2354-1.jpg","jetpack-related-posts":[],"jetpack_sharing_enabled":true,"amp_enabled":true,"_links":{"self":[{"href":"https:\/\/diarioavanzada.com.mx\/index.php?rest_route=\/wp\/v2\/posts\/74794","targetHints":{"allow":["GET"]}}],"collection":[{"href":"https:\/\/diarioavanzada.com.mx\/index.php?rest_route=\/wp\/v2\/posts"}],"about":[{"href":"https:\/\/diarioavanzada.com.mx\/index.php?rest_route=\/wp\/v2\/types\/post"}],"author":[{"embeddable":true,"href":"https:\/\/diarioavanzada.com.mx\/index.php?rest_route=\/wp\/v2\/users\/7"}],"replies":[{"embeddable":true,"href":"https:\/\/diarioavanzada.com.mx\/index.php?rest_route=%2Fwp%2Fv2%2Fcomments&post=74794"}],"version-history":[{"count":1,"href":"https:\/\/diarioavanzada.com.mx\/index.php?rest_route=\/wp\/v2\/posts\/74794\/revisions"}],"predecessor-version":[{"id":74796,"href":"https:\/\/diarioavanzada.com.mx\/index.php?rest_route=\/wp\/v2\/posts\/74794\/revisions\/74796"}],"wp:featuredmedia":[{"embeddable":true,"href":"https:\/\/diarioavanzada.com.mx\/index.php?rest_route=\/wp\/v2\/media\/74795"}],"wp:attachment":[{"href":"https:\/\/diarioavanzada.com.mx\/index.php?rest_route=%2Fwp%2Fv2%2Fmedia&parent=74794"}],"wp:term":[{"taxonomy":"category","embeddable":true,"href":"https:\/\/diarioavanzada.com.mx\/index.php?rest_route=%2Fwp%2Fv2%2Fcategories&post=74794"},{"taxonomy":"post_tag","embeddable":true,"href":"https:\/\/diarioavanzada.com.mx\/index.php?rest_route=%2Fwp%2Fv2%2Ftags&post=74794"}],"curies":[{"name":"wp","href":"https:\/\/api.w.org\/{rel}","templated":true}]}}