{"id":74743,"date":"2025-02-07T16:21:39","date_gmt":"2025-02-07T22:21:39","guid":{"rendered":"https:\/\/diarioavanzada.com.mx\/?p=74743"},"modified":"2025-02-07T16:48:59","modified_gmt":"2025-02-07T22:48:59","slug":"juanito-7-anos-se-quito-la-vida-tras-sufrir-bullying-su-abuelita-denuncio-nadie-la-escucho","status":"publish","type":"post","link":"https:\/\/diarioavanzada.com.mx\/?p=74743","title":{"rendered":"Juanito, 7 a\u00f1os: se quit\u00f3 la vida tras sufrir bullying; su abuelita denunci\u00f3: nadie la escuch\u00f3"},"content":{"rendered":"\n<p class=\"p1 wp-block-paragraph\">Puebla, M\u00e9xico, Avanzada (07\/02\/2025).- La ma\u00f1ana del viernes, el bullicio habitual de la escuela primaria Narciso Mendoza fue sustituido por un pesado silencio. Padres, alumnos y vecinos de Ayehualulco se congregaron a las puertas del plantel, algunos con pancartas, otros con l\u00e1grimas contenidas, todos con la misma pregunta en el rostro: \u00bfpor qu\u00e9 nadie escuch\u00f3 a Juanito?<\/p>\n\n\n\n<p class=\"p1 wp-block-paragraph\">Un d\u00eda antes, el peque\u00f1o de siete a\u00f1os se quit\u00f3 la vida en su hogar, en el Fraccionamiento La Joya. De acuerdo con su familia, Juanito hab\u00eda sido v\u00edctima constante de acoso escolar, un tormento que, seg\u00fan denuncian, fue ignorado por las autoridades educativas.<\/p>\n\n\n\n<p class=\"p1 wp-block-paragraph\">El jueves, a las 16:00 horas, una llamada al 911 alert\u00f3 sobre una emergencia. Elementos del Grupo Rel\u00e1mpago de Protecci\u00f3n Civil y Bomberos llegaron al domicilio, pero era demasiado tarde. Los reportes oficiales confirmaron que el menor ya no presentaba signos vitales. La noticia corri\u00f3 como un rel\u00e1mpago por la comunidad, dejando un vac\u00edo imposible de llenar.<\/p>\n\n\n\n<p class=\"p1 wp-block-paragraph\">Esa misma noche, el Ayuntamiento de Zacatl\u00e1n emiti\u00f3 un comunicado lamentando los hechos y asegurando que colabora con las autoridades en la investigaci\u00f3n. La alcaldesa Beatriz S\u00e1nchez Galindo tambi\u00e9n alz\u00f3 la voz en redes sociales: \u201cHoy m\u00e1s que nunca necesitamos abrazar a nuestros hijos e hijas, mirarlos a los ojos y decirles cu\u00e1nto los amamos\u201d.<\/p>\n\n\n\n<p class=\"p1 wp-block-paragraph\">Pero para los amigos y familiares de Juanito, las palabras no bastan.<\/p>\n\n\n\n<p class=\"p1 wp-block-paragraph\">El viernes, frente a la escuela donde el ni\u00f1o cursaba sus estudios, la comunidad exigi\u00f3 justicia. Se\u00f1alaron a una maestra como presunta incitadora del bullying y responsabilizaron a la instituci\u00f3n por no haber actuado a tiempo. \u201cSu abuelita lo denunci\u00f3 varias veces, pero nunca hicieron nada\u201d, lament\u00f3 una madre de familia mientras sosten\u00eda una cartulina con la frase \u201cNi uno m\u00e1s\u201d.<\/p>\n\n\n\n<p class=\"p1 wp-block-paragraph\">Ahora, la comunidad exige respuestas. Mientras las autoridades investigan, en Ayehualulco queda una certeza: ning\u00fan ni\u00f1o deber\u00eda sentirse tan solo como para creer que no hay salida.<\/p>\n\n\n\n<figure class=\"wp-block-image size-large\"><img loading=\"lazy\" decoding=\"async\" width=\"792\" height=\"1024\" src=\"https:\/\/diarioavanzada.com.mx\/wp-content\/uploads\/2025\/02\/img_1678-1-792x1024.jpg\" alt=\"\" class=\"wp-image-74741\" srcset=\"https:\/\/diarioavanzada.com.mx\/wp-content\/uploads\/2025\/02\/img_1678-1-792x1024.jpg 792w, https:\/\/diarioavanzada.com.mx\/wp-content\/uploads\/2025\/02\/img_1678-1-232x300.jpg 232w, https:\/\/diarioavanzada.com.mx\/wp-content\/uploads\/2025\/02\/img_1678-1-768x993.jpg 768w, https:\/\/diarioavanzada.com.mx\/wp-content\/uploads\/2025\/02\/img_1678-1-1188x1536.jpg 1188w, https:\/\/diarioavanzada.com.mx\/wp-content\/uploads\/2025\/02\/img_1678-1.jpg 1200w\" sizes=\"auto, (max-width: 792px) 100vw, 792px\" \/><\/figure>\n<div class=\"fb-background-color\">\n\t\t\t  <div \n\t\t\t  \tclass = \"fb-comments\" \n\t\t\t  \tdata-href = \"https:\/\/diarioavanzada.com.mx\/?p=74743\"\n\t\t\t  \tdata-numposts = \"10\"\n\t\t\t  \tdata-lazy = \"true\"\n\t\t\t\tdata-colorscheme = \"light\"\n\t\t\t\tdata-order-by = \"social\"\n\t\t\t\tdata-mobile=true>\n\t\t\t  <\/div><\/div>\n\t\t  <style>\n\t\t    .fb-background-color {\n\t\t\t\tbackground:  !important;\n\t\t\t}\n\t\t\t.fb_iframe_widget_fluid_desktop iframe {\n\t\t\t    width: 100% !important;\n\t\t\t}\n\t\t  <\/style>\n\t\t  ","protected":false},"excerpt":{"rendered":"<p>Puebla, M\u00e9xico, Avanzada (07\/02\/2025).- La ma\u00f1ana del viernes, el bullicio habitual de la escuela primaria Narciso Mendoza fue sustituido por un pesado silencio. Padres, alumnos y vecinos de Ayehualulco se congregaron a las puertas del plantel, algunos con pancartas, otros con l\u00e1grimas contenidas, todos con la misma pregunta en el rostro: \u00bfpor qu\u00e9 nadie escuch\u00f3 [&hellip;]<\/p>\n","protected":false},"author":7,"featured_media":74769,"comment_status":"closed","ping_status":"closed","sticky":false,"template":"","format":"standard","meta":{"_coblocks_attr":"","_coblocks_dimensions":"","_coblocks_responsive_height":"","_coblocks_accordion_ie_support":"","_crdt_document":"","advanced_seo_description":"","jetpack_seo_html_title":"","jetpack_seo_noindex":false,"_jetpack_memberships_contains_paid_content":false,"footnotes":""},"categories":[22,7,231],"tags":[],"class_list":["post-74743","post","type-post","status-publish","format-standard","has-post-thumbnail","hentry","category-nacion","category-noticias","category-seguridad"],"jetpack_featured_media_url":"https:\/\/diarioavanzada.com.mx\/wp-content\/uploads\/2025\/02\/img_5098-1-1.jpg","jetpack-related-posts":[],"jetpack_sharing_enabled":true,"amp_enabled":true,"_links":{"self":[{"href":"https:\/\/diarioavanzada.com.mx\/index.php?rest_route=\/wp\/v2\/posts\/74743","targetHints":{"allow":["GET"]}}],"collection":[{"href":"https:\/\/diarioavanzada.com.mx\/index.php?rest_route=\/wp\/v2\/posts"}],"about":[{"href":"https:\/\/diarioavanzada.com.mx\/index.php?rest_route=\/wp\/v2\/types\/post"}],"author":[{"embeddable":true,"href":"https:\/\/diarioavanzada.com.mx\/index.php?rest_route=\/wp\/v2\/users\/7"}],"replies":[{"embeddable":true,"href":"https:\/\/diarioavanzada.com.mx\/index.php?rest_route=%2Fwp%2Fv2%2Fcomments&post=74743"}],"version-history":[{"count":3,"href":"https:\/\/diarioavanzada.com.mx\/index.php?rest_route=\/wp\/v2\/posts\/74743\/revisions"}],"predecessor-version":[{"id":74761,"href":"https:\/\/diarioavanzada.com.mx\/index.php?rest_route=\/wp\/v2\/posts\/74743\/revisions\/74761"}],"wp:featuredmedia":[{"embeddable":true,"href":"https:\/\/diarioavanzada.com.mx\/index.php?rest_route=\/wp\/v2\/media\/74769"}],"wp:attachment":[{"href":"https:\/\/diarioavanzada.com.mx\/index.php?rest_route=%2Fwp%2Fv2%2Fmedia&parent=74743"}],"wp:term":[{"taxonomy":"category","embeddable":true,"href":"https:\/\/diarioavanzada.com.mx\/index.php?rest_route=%2Fwp%2Fv2%2Fcategories&post=74743"},{"taxonomy":"post_tag","embeddable":true,"href":"https:\/\/diarioavanzada.com.mx\/index.php?rest_route=%2Fwp%2Fv2%2Ftags&post=74743"}],"curies":[{"name":"wp","href":"https:\/\/api.w.org\/{rel}","templated":true}]}}