{"id":74694,"date":"2025-02-07T08:29:11","date_gmt":"2025-02-07T14:29:11","guid":{"rendered":"https:\/\/diarioavanzada.com.mx\/?p=74694"},"modified":"2025-02-07T08:29:11","modified_gmt":"2025-02-07T14:29:11","slug":"fiscal-pide-desaforar-a-cuauhtemoc-blanco-gobernadora-de-morelos-ordena-destituir-al-fiscal","status":"publish","type":"post","link":"https:\/\/diarioavanzada.com.mx\/?p=74694","title":{"rendered":"Fiscal pide desaforar a Cuauht\u00e9moc Blanco; gobernadora de Morelos ordena destituir al Fiscal"},"content":{"rendered":"\n<p class=\"p1 wp-block-paragraph\">Morelos, M\u00e9xico, Avanzada (07\/02\/2025).- El Congreso de Morelos aprob\u00f3 este jueves 6 de febrero la destituci\u00f3n de Uriel Carmona G\u00e1ndara como titular de la Fiscal\u00eda General del Estado, tras recibir la solicitud de la gobernadora Margarita Gonz\u00e1lez Saravia.<\/p>\n\n\n\n<p class=\"p1 wp-block-paragraph\">Los diputados locales decretaron un receso de cuatro horas en la sesi\u00f3n ordinaria para analizar el tema dentro de la Junta Pol\u00edtica y de Gobierno (JPyG), luego de la petici\u00f3n realizada por Rafael Reyes Reyes, vicepresidente de la JPyG y coordinador parlamentario de Morena, con el respaldo de los partidos Verde Ecologista, del Trabajo y Nueva Alianza.<\/p>\n\n\n\n<p class=\"p1 wp-block-paragraph\">Mientras el Congreso votaba la remoci\u00f3n del fiscal, personal de la Fiscal\u00eda de Morelos present\u00f3 en la C\u00e1mara de Diputados una solicitud de desafuero contra el exgobernador y actual diputado Cuauht\u00e9moc Blanco, acusado de agredir sexualmente a su media hermana. El documento ingres\u00f3 a las 17:40 horas, minutos antes de que el Congreso concretara la destituci\u00f3n de Uriel Carmona, a las 17:55 horas, sin debate previo.<\/p>\n\n\n\n<p class=\"p1 wp-block-paragraph\">El gobierno estatal argument\u00f3 que Uriel Carmona deb\u00eda ser removido debido a diversas carpetas de investigaci\u00f3n en su contra. Entre las acusaciones en su contra destaca la de \u201cobstrucci\u00f3n de la justicia\u201d en el feminicidio de Ariadna Fernanda, ya que la Fiscal\u00eda de Morelos inform\u00f3 inicialmente que la causa de muerte fue una \u201cbroncoaspiraci\u00f3n\u201d, mientras que la Fiscal\u00eda de la Ciudad de M\u00e9xico determin\u00f3 que falleci\u00f3 por una agresi\u00f3n en raz\u00f3n de g\u00e9nero.<\/p>\n\n\n\n<p class=\"p1 wp-block-paragraph\">Otra de las acusaciones se\u00f1ala su presunta participaci\u00f3n en el delito de tortura contra Luis Alberto \u201cN\u201d, detenido por secuestro y asesinato de dos personas.<\/p>\n\n\n\n<p class=\"p1 wp-block-paragraph\">Adem\u00e1s, la destituci\u00f3n de Uriel Carmona ocurre en un contexto de creciente violencia en Morelos desde 2018, cuando Cuauht\u00e9moc Blanco asumi\u00f3 la gubernatura y Carmona la Fiscal\u00eda. La presidenta Claudia Sheinbaum tambi\u00e9n respald\u00f3 su remoci\u00f3n.<\/p>\n\n\n\n<p class=\"p1 wp-block-paragraph\">Con la salida de Uriel Carmona, la solicitud de desafuero contra Cuauht\u00e9moc Blanco fue firmada por Diana Flores Segura, coordinadora de zona de la Fiscal\u00eda Regional Metropolitana de Morelos.<\/p>\n\n\n\n<p class=\"p1 wp-block-paragraph\">Este es el segundo proceso de desafuero que enfrenta Cuauht\u00e9moc Blanco. En 2022, la misma Fiscal\u00eda solicit\u00f3 retirar su fuero por presuntos actos de corrupci\u00f3n en su administraci\u00f3n estatal. A la par, el exgobernador enfrenta un proceso de juicio pol\u00edtico en la C\u00e1mara de Diputados, derivado de irregularidades durante su sexenio.<\/p>\n\n\n\n<figure class=\"wp-block-image size-large\"><img loading=\"lazy\" decoding=\"async\" width=\"542\" height=\"680\" src=\"https:\/\/diarioavanzada.com.mx\/wp-content\/uploads\/2025\/02\/img_1664-1.jpg\" alt=\"\" class=\"wp-image-74698\" srcset=\"https:\/\/diarioavanzada.com.mx\/wp-content\/uploads\/2025\/02\/img_1664-1.jpg 542w, https:\/\/diarioavanzada.com.mx\/wp-content\/uploads\/2025\/02\/img_1664-1-239x300.jpg 239w\" sizes=\"auto, (max-width: 542px) 100vw, 542px\" \/><\/figure>\n<div class=\"fb-background-color\">\n\t\t\t  <div \n\t\t\t  \tclass = \"fb-comments\" \n\t\t\t  \tdata-href = \"https:\/\/diarioavanzada.com.mx\/?p=74694\"\n\t\t\t  \tdata-numposts = \"10\"\n\t\t\t  \tdata-lazy = \"true\"\n\t\t\t\tdata-colorscheme = \"light\"\n\t\t\t\tdata-order-by = \"social\"\n\t\t\t\tdata-mobile=true>\n\t\t\t  <\/div><\/div>\n\t\t  <style>\n\t\t    .fb-background-color {\n\t\t\t\tbackground:  !important;\n\t\t\t}\n\t\t\t.fb_iframe_widget_fluid_desktop iframe {\n\t\t\t    width: 100% !important;\n\t\t\t}\n\t\t  <\/style>\n\t\t  ","protected":false},"excerpt":{"rendered":"<p>Morelos, M\u00e9xico, Avanzada (07\/02\/2025).- El Congreso de Morelos aprob\u00f3 este jueves 6 de febrero la destituci\u00f3n de Uriel Carmona G\u00e1ndara como titular de la Fiscal\u00eda General del Estado, tras recibir la solicitud de la gobernadora Margarita Gonz\u00e1lez Saravia. Los diputados locales decretaron un receso de cuatro horas en la sesi\u00f3n ordinaria para analizar el tema [&hellip;]<\/p>\n","protected":false},"author":7,"featured_media":74701,"comment_status":"closed","ping_status":"closed","sticky":false,"template":"","format":"standard","meta":{"_coblocks_attr":"","_coblocks_dimensions":"","_coblocks_responsive_height":"","_coblocks_accordion_ie_support":"","_crdt_document":"","advanced_seo_description":"","jetpack_seo_html_title":"","jetpack_seo_noindex":false,"_jetpack_memberships_contains_paid_content":false,"footnotes":""},"categories":[22,7,231],"tags":[],"class_list":["post-74694","post","type-post","status-publish","format-standard","has-post-thumbnail","hentry","category-nacion","category-noticias","category-seguridad"],"jetpack_featured_media_url":"https:\/\/diarioavanzada.com.mx\/wp-content\/uploads\/2025\/02\/img_2341-1.jpg","jetpack-related-posts":[],"jetpack_sharing_enabled":true,"amp_enabled":true,"_links":{"self":[{"href":"https:\/\/diarioavanzada.com.mx\/index.php?rest_route=\/wp\/v2\/posts\/74694","targetHints":{"allow":["GET"]}}],"collection":[{"href":"https:\/\/diarioavanzada.com.mx\/index.php?rest_route=\/wp\/v2\/posts"}],"about":[{"href":"https:\/\/diarioavanzada.com.mx\/index.php?rest_route=\/wp\/v2\/types\/post"}],"author":[{"embeddable":true,"href":"https:\/\/diarioavanzada.com.mx\/index.php?rest_route=\/wp\/v2\/users\/7"}],"replies":[{"embeddable":true,"href":"https:\/\/diarioavanzada.com.mx\/index.php?rest_route=%2Fwp%2Fv2%2Fcomments&post=74694"}],"version-history":[{"count":3,"href":"https:\/\/diarioavanzada.com.mx\/index.php?rest_route=\/wp\/v2\/posts\/74694\/revisions"}],"predecessor-version":[{"id":74702,"href":"https:\/\/diarioavanzada.com.mx\/index.php?rest_route=\/wp\/v2\/posts\/74694\/revisions\/74702"}],"wp:featuredmedia":[{"embeddable":true,"href":"https:\/\/diarioavanzada.com.mx\/index.php?rest_route=\/wp\/v2\/media\/74701"}],"wp:attachment":[{"href":"https:\/\/diarioavanzada.com.mx\/index.php?rest_route=%2Fwp%2Fv2%2Fmedia&parent=74694"}],"wp:term":[{"taxonomy":"category","embeddable":true,"href":"https:\/\/diarioavanzada.com.mx\/index.php?rest_route=%2Fwp%2Fv2%2Fcategories&post=74694"},{"taxonomy":"post_tag","embeddable":true,"href":"https:\/\/diarioavanzada.com.mx\/index.php?rest_route=%2Fwp%2Fv2%2Ftags&post=74694"}],"curies":[{"name":"wp","href":"https:\/\/api.w.org\/{rel}","templated":true}]}}