{"id":74691,"date":"2025-02-07T07:23:56","date_gmt":"2025-02-07T13:23:56","guid":{"rendered":"https:\/\/diarioavanzada.com.mx\/?p=74691"},"modified":"2025-02-07T07:26:14","modified_gmt":"2025-02-07T13:26:14","slug":"para-este-dia-colima-alcanzara-temperaturas-de-hasta-40-c","status":"publish","type":"post","link":"https:\/\/diarioavanzada.com.mx\/?p=74691","title":{"rendered":"Colima alcanzar\u00e1 temperaturas de hasta 40 \u00b0C este d\u00eda"},"content":{"rendered":"\n<p class=\"p1 wp-block-paragraph\">Colima, M\u00e9xico, Avanzada (07\/02\/2025).- El estado de Colima tendr\u00e1 un d\u00eda mayormente despejado y sin lluvias, con temperaturas que podr\u00edan alcanzar hasta los 40 grados Celsius, de acuerdo con el pron\u00f3stico del Servicio Meteorol\u00f3gico Nacional.<\/p>\n\n\n\n<p class=\"p1 wp-block-paragraph\">Durante la ma\u00f1ana, se espera un ambiente templado, con posibilidad de fr\u00edo en zonas serranas. Sin embargo, hacia la tarde el calor aumentar\u00e1, especialmente en las zonas costeras. Adem\u00e1s, se prev\u00e9 viento de componente oeste con velocidades de 5 a 15 km\/h y rachas de hasta 40 km\/h.<\/p>\n\n\n\n<p class=\"p1 wp-block-paragraph\">Las condiciones en la regi\u00f3n son influenciadas por una circulaci\u00f3n anticicl\u00f3nica en niveles medios de la atm\u00f3sfera, que mantendr\u00e1 el ambiente caluroso en gran parte del litoral del Pac\u00edfico. En contraste, un canal de baja presi\u00f3n y el ingreso de humedad favorecer\u00e1n lluvias en el sureste del pa\u00eds, mientras que un nuevo frente fr\u00edo impactar\u00e1 el noroeste.<\/p>\n\n\n\n<p class=\"p1 wp-block-paragraph\">Las autoridades recomiendan a la poblaci\u00f3n tomar precauciones ante el calor, mantenerse hidratados y evitar la exposici\u00f3n prolongada al sol durante las horas de mayor radiaci\u00f3n.<\/p>\n<div class=\"fb-background-color\">\n\t\t\t  <div \n\t\t\t  \tclass = \"fb-comments\" \n\t\t\t  \tdata-href = \"https:\/\/diarioavanzada.com.mx\/?p=74691\"\n\t\t\t  \tdata-numposts = \"10\"\n\t\t\t  \tdata-lazy = \"true\"\n\t\t\t\tdata-colorscheme = \"light\"\n\t\t\t\tdata-order-by = \"social\"\n\t\t\t\tdata-mobile=true>\n\t\t\t  <\/div><\/div>\n\t\t  <style>\n\t\t    .fb-background-color {\n\t\t\t\tbackground:  !important;\n\t\t\t}\n\t\t\t.fb_iframe_widget_fluid_desktop iframe {\n\t\t\t    width: 100% !important;\n\t\t\t}\n\t\t  <\/style>\n\t\t  ","protected":false},"excerpt":{"rendered":"<p>Colima, M\u00e9xico, Avanzada (07\/02\/2025).- El estado de Colima tendr\u00e1 un d\u00eda mayormente despejado y sin lluvias, con temperaturas que podr\u00edan alcanzar hasta los 40 grados Celsius, de acuerdo con el pron\u00f3stico del Servicio Meteorol\u00f3gico Nacional. Durante la ma\u00f1ana, se espera un ambiente templado, con posibilidad de fr\u00edo en zonas serranas. Sin embargo, hacia la tarde [&hellip;]<\/p>\n","protected":false},"author":7,"featured_media":74690,"comment_status":"closed","ping_status":"closed","sticky":false,"template":"","format":"standard","meta":{"_coblocks_attr":"","_coblocks_dimensions":"","_coblocks_responsive_height":"","_coblocks_accordion_ie_support":"","_crdt_document":"","advanced_seo_description":"","jetpack_seo_html_title":"","jetpack_seo_noindex":false,"_jetpack_memberships_contains_paid_content":false,"footnotes":""},"categories":[19,22],"tags":[],"class_list":["post-74691","post","type-post","status-publish","format-standard","has-post-thumbnail","hentry","category-colima","category-nacion"],"jetpack_featured_media_url":"https:\/\/diarioavanzada.com.mx\/wp-content\/uploads\/2025\/02\/img_7133-1.jpg","jetpack-related-posts":[],"jetpack_sharing_enabled":true,"amp_enabled":true,"_links":{"self":[{"href":"https:\/\/diarioavanzada.com.mx\/index.php?rest_route=\/wp\/v2\/posts\/74691","targetHints":{"allow":["GET"]}}],"collection":[{"href":"https:\/\/diarioavanzada.com.mx\/index.php?rest_route=\/wp\/v2\/posts"}],"about":[{"href":"https:\/\/diarioavanzada.com.mx\/index.php?rest_route=\/wp\/v2\/types\/post"}],"author":[{"embeddable":true,"href":"https:\/\/diarioavanzada.com.mx\/index.php?rest_route=\/wp\/v2\/users\/7"}],"replies":[{"embeddable":true,"href":"https:\/\/diarioavanzada.com.mx\/index.php?rest_route=%2Fwp%2Fv2%2Fcomments&post=74691"}],"version-history":[{"count":1,"href":"https:\/\/diarioavanzada.com.mx\/index.php?rest_route=\/wp\/v2\/posts\/74691\/revisions"}],"predecessor-version":[{"id":74692,"href":"https:\/\/diarioavanzada.com.mx\/index.php?rest_route=\/wp\/v2\/posts\/74691\/revisions\/74692"}],"wp:featuredmedia":[{"embeddable":true,"href":"https:\/\/diarioavanzada.com.mx\/index.php?rest_route=\/wp\/v2\/media\/74690"}],"wp:attachment":[{"href":"https:\/\/diarioavanzada.com.mx\/index.php?rest_route=%2Fwp%2Fv2%2Fmedia&parent=74691"}],"wp:term":[{"taxonomy":"category","embeddable":true,"href":"https:\/\/diarioavanzada.com.mx\/index.php?rest_route=%2Fwp%2Fv2%2Fcategories&post=74691"},{"taxonomy":"post_tag","embeddable":true,"href":"https:\/\/diarioavanzada.com.mx\/index.php?rest_route=%2Fwp%2Fv2%2Ftags&post=74691"}],"curies":[{"name":"wp","href":"https:\/\/api.w.org\/{rel}","templated":true}]}}