{"id":74644,"date":"2025-02-06T20:57:59","date_gmt":"2025-02-07T02:57:59","guid":{"rendered":"https:\/\/diarioavanzada.com.mx\/?p=74644"},"modified":"2025-02-06T20:57:59","modified_gmt":"2025-02-07T02:57:59","slug":"la-etica-primero-el-resto-es-consecuencia","status":"publish","type":"post","link":"https:\/\/diarioavanzada.com.mx\/?p=74644","title":{"rendered":"La \u00e9tica primero, el resto es consecuencia"},"content":{"rendered":"\n<p class=\"wp-block-paragraph\">Colima, M\u00e9xico, Avanzada (06\/02\/2025).- En el marco de la Lectio Brevis titulada \u201cEl grito ontol\u00f3gico de la \u00e9tica en el horizonte universitario colimense del siglo XXI\u201d, impartida por el profesor Luis Moreno Diego en la Facultad de Derecho de la Universidad de Colima, se destac\u00f3 la importancia de la \u00e9tica como una disciplina pr\u00e1ctica que no solo compete a los universitarios, sino a toda la sociedad. Moreno, en una entrevista posterior a su conferencia, explic\u00f3 c\u00f3mo la \u00e9tica puede ser una herramienta fundamental para comprender y enfrentar los desaf\u00edos del mundo actual.<\/p>\n\n\n\n<p class=\"wp-block-paragraph\">La \u00e9tica, explic\u00f3 Moreno, es una rama de la filosof\u00eda que va m\u00e1s all\u00e1 de lo te\u00f3rico. \u201cLos cl\u00e1sicos de la filosof\u00eda la sit\u00faan como la parte pr\u00e1ctica de esta disciplina, ya que nos permite identificar qu\u00e9 es el bien y qu\u00e9 no lo es, no solo en un \u00e1mbito abstracto, sino en la vida cotidiana\u201d. Sin embargo, advirti\u00f3 que no todo lo que parece bueno lo es realmente. \u201cPor ejemplo, algunos autores plantean que el placer es la m\u00e1xima expresi\u00f3n del bien, pero llevado al extremo, el placer puede ser destructivo para el individuo y la sociedad\u201d.<\/p>\n\n\n\n<p class=\"wp-block-paragraph\">Moreno subray\u00f3 que, en la actualidad, existe una tendencia a confundir lo bueno con lo que se desea o lo que produce satisfacci\u00f3n inmediata. \u201cNuestro mundo identifica lo bueno con lo que le da placer, pero eso no significa que se est\u00e9 haciendo el bien\u201d. Puso como ejemplo el caso de Galileo Galilei, quien fue condenado por la sociedad de su \u00e9poca por ir en contra de lo que se consideraba \u201ccorrecto\u201d. \u201cHoy sabemos que Galileo estaba en lo cierto, pero en su momento, el llamado \u2018bien social\u2019 lo conden\u00f3. Esto nos muestra que no siempre lo que la sociedad impone como bueno lo es realmente\u201d.<\/p>\n\n\n\n<p class=\"wp-block-paragraph\"><strong>La \u00e9tica como gu\u00eda en tiempos de crisis<\/strong><\/p>\n\n\n\n<p class=\"wp-block-paragraph\">Ante problemas contempor\u00e1neos como el narcotr\u00e1fico, la violencia y la falta de valores, Moreno asegur\u00f3 que la \u00e9tica puede ser una herramienta poderosa para entender y enfrentar estas situaciones. \u201cLa \u00e9tica nos da elementos para observar, aprender y, sobre todo, para empezar a vivir el bien\u201d. No es algo abstracto, sino algo que se construye d\u00eda a d\u00eda, como una casa en obra negra a la que siempre se le est\u00e1n agregando cosas.<\/p>\n\n\n\n<p class=\"wp-block-paragraph\">Sin embargo, advirti\u00f3 que en la actualidad se ha reducido el concepto de bien a una cuesti\u00f3n \u00edntima y personal, dejando de lado su dimensi\u00f3n social. \u201cSi limitamos la \u00e9tica a lo individual, perdemos de vista su impacto en el \u00e1mbito pol\u00edtico, social y cultural. Esto ha llevado a que, en muchos casos, se haga lo que se quiera sin par\u00e1metros de control o revisi\u00f3n \u00e9tica\u201d.<\/p>\n\n\n\n<p class=\"wp-block-paragraph\">Moreno enfatiz\u00f3 que la \u00e9tica no impone, sino que muestra y ayuda a identificar el camino del bien. \u201cHoy m\u00e1s que nunca, en una cultura marcada por la violencia y la falta de valores, necesitamos de la \u00e9tica para orientarnos y construir una sociedad m\u00e1s justa y humana\u201d.<\/p>\n\n\n\n<p class=\"wp-block-paragraph\">\u201cSi una persona identifica y vive de acuerdo con el bien, sus acciones naturalmente se orientar\u00e1n hacia lo correcto. Como expres\u00f3 San Agust\u00edn en su c\u00e9lebre frase &#8216;Ama y haz lo que quieras&#8217;, cuando el amor y el bien gu\u00edan nuestras acciones, \u00e9stas beneficiar\u00e1n tanto al individuo como a su entorno. El bien verdadero tiene un car\u00e1cter universal que se refleja y aplica en todas las dimensiones de la vida: individual, familiar, social y p\u00fablica,\u201d destac\u00f3.<\/p>\n\n\n\n<p class=\"wp-block-paragraph\"><strong>La \u00e9tica en la formaci\u00f3n universitaria<\/strong><\/p>\n\n\n\n<p class=\"wp-block-paragraph\">En cuanto al papel de las universidades, Moreno destac\u00f3 que \u00e9stas deben formar no solo profesionistas, sino personas \u00edntegras. \u201cEn la Universidad de Colima, por ejemplo, buscamos que nuestros estudiantes sean personas antes que profesionistas. Si logramos que identifiquen y vivan el bien, todo lo dem\u00e1s vendr\u00e1 por a\u00f1adidura\u201d.<\/p>\n\n\n\n<p class=\"wp-block-paragraph\">Un ejemplo de este enfoque es la Maestr\u00eda en Bio\u00e9tica, un programa interdisciplinario que vincula la filosof\u00eda, el derecho y la medicina. \u201cEste posgrado aborda los dilemas \u00e9ticos en situaciones l\u00edmite, como el inicio y el final de la vida, y busca formar profesionales capaces de tomar decisiones basadas en el bien integral de la persona\u201d, explic\u00f3 Moreno.<\/p>\n\n\n\n<p class=\"wp-block-paragraph\">Adem\u00e1s, propone la creaci\u00f3n de un Observatorio \u00c9tico en la UdeC, con el objetivo de generar un espacio de reflexi\u00f3n y evaluaci\u00f3n de las cuestiones \u00e9ticas en distintos \u00e1mbitos. \u201c&#8221;No se trata de imponer normas, sino de orientar y dar unidad a una visi\u00f3n \u00e9tica dentro de la comunidad universitaria y la sociedad\u201d, explic\u00f3.<\/p>\n\n\n\n<p class=\"wp-block-paragraph\"><strong>Recomendaciones para acercarse a la \u00e9tica<\/strong><\/p>\n\n\n\n<p class=\"wp-block-paragraph\">Para quienes deseen profundizar en el estudio de la \u00e9tica, Moreno recomend\u00f3 no limitarse a un solo autor o corriente. \u201cHay que dialogar con los cl\u00e1sicos, como Arist\u00f3teles y Santo Tom\u00e1s de Aquino, pero tambi\u00e9n con los pragm\u00e1ticos y los hedonistas. La \u00e9tica es un campo en constante construcci\u00f3n\u201d.<\/p>\n\n\n\n<p class=\"wp-block-paragraph\">Actualmente, el profesor Moreno trabaja en una recopilaci\u00f3n de los principales aportes de la \u00e9tica cl\u00e1sica, dirigida especialmente a estudiantes de derecho, pero accesible para cualquier persona interesada en el tema. \u201cEspero que esta obra pueda servir como una introducci\u00f3n sencilla y clara a la \u00e9tica\u201d, coment\u00f3.<\/p>\n<div class=\"fb-background-color\">\n\t\t\t  <div \n\t\t\t  \tclass = \"fb-comments\" \n\t\t\t  \tdata-href = \"https:\/\/diarioavanzada.com.mx\/?p=74644\"\n\t\t\t  \tdata-numposts = \"10\"\n\t\t\t  \tdata-lazy = \"true\"\n\t\t\t\tdata-colorscheme = \"light\"\n\t\t\t\tdata-order-by = \"social\"\n\t\t\t\tdata-mobile=true>\n\t\t\t  <\/div><\/div>\n\t\t  <style>\n\t\t    .fb-background-color {\n\t\t\t\tbackground:  !important;\n\t\t\t}\n\t\t\t.fb_iframe_widget_fluid_desktop iframe {\n\t\t\t    width: 100% !important;\n\t\t\t}\n\t\t  <\/style>\n\t\t  ","protected":false},"excerpt":{"rendered":"<p>Colima, M\u00e9xico, Avanzada (06\/02\/2025).- En el marco de la Lectio Brevis titulada \u201cEl grito ontol\u00f3gico de la \u00e9tica en el horizonte universitario colimense del siglo XXI\u201d, impartida por el profesor Luis Moreno Diego en la Facultad de Derecho de la Universidad de Colima, se destac\u00f3 la importancia de la \u00e9tica como una disciplina pr\u00e1ctica que [&hellip;]<\/p>\n","protected":false},"author":7,"featured_media":74648,"comment_status":"closed","ping_status":"closed","sticky":false,"template":"","format":"standard","meta":{"_coblocks_attr":"","_coblocks_dimensions":"","_coblocks_responsive_height":"","_coblocks_accordion_ie_support":"","_crdt_document":"","advanced_seo_description":"","jetpack_seo_html_title":"","jetpack_seo_noindex":false,"_jetpack_memberships_contains_paid_content":false,"footnotes":""},"categories":[19,209,7],"tags":[],"class_list":["post-74644","post","type-post","status-publish","format-standard","has-post-thumbnail","hentry","category-colima","category-importantes","category-noticias"],"jetpack_featured_media_url":"https:\/\/diarioavanzada.com.mx\/wp-content\/uploads\/2025\/02\/291cbb14-d6c4-4c82-9365-17ce62b2aecd-1.jpg","jetpack-related-posts":[],"jetpack_sharing_enabled":true,"amp_enabled":true,"_links":{"self":[{"href":"https:\/\/diarioavanzada.com.mx\/index.php?rest_route=\/wp\/v2\/posts\/74644","targetHints":{"allow":["GET"]}}],"collection":[{"href":"https:\/\/diarioavanzada.com.mx\/index.php?rest_route=\/wp\/v2\/posts"}],"about":[{"href":"https:\/\/diarioavanzada.com.mx\/index.php?rest_route=\/wp\/v2\/types\/post"}],"author":[{"embeddable":true,"href":"https:\/\/diarioavanzada.com.mx\/index.php?rest_route=\/wp\/v2\/users\/7"}],"replies":[{"embeddable":true,"href":"https:\/\/diarioavanzada.com.mx\/index.php?rest_route=%2Fwp%2Fv2%2Fcomments&post=74644"}],"version-history":[{"count":3,"href":"https:\/\/diarioavanzada.com.mx\/index.php?rest_route=\/wp\/v2\/posts\/74644\/revisions"}],"predecessor-version":[{"id":74649,"href":"https:\/\/diarioavanzada.com.mx\/index.php?rest_route=\/wp\/v2\/posts\/74644\/revisions\/74649"}],"wp:featuredmedia":[{"embeddable":true,"href":"https:\/\/diarioavanzada.com.mx\/index.php?rest_route=\/wp\/v2\/media\/74648"}],"wp:attachment":[{"href":"https:\/\/diarioavanzada.com.mx\/index.php?rest_route=%2Fwp%2Fv2%2Fmedia&parent=74644"}],"wp:term":[{"taxonomy":"category","embeddable":true,"href":"https:\/\/diarioavanzada.com.mx\/index.php?rest_route=%2Fwp%2Fv2%2Fcategories&post=74644"},{"taxonomy":"post_tag","embeddable":true,"href":"https:\/\/diarioavanzada.com.mx\/index.php?rest_route=%2Fwp%2Fv2%2Ftags&post=74644"}],"curies":[{"name":"wp","href":"https:\/\/api.w.org\/{rel}","templated":true}]}}