{"id":74593,"date":"2025-02-06T13:33:24","date_gmt":"2025-02-06T19:33:24","guid":{"rendered":"https:\/\/diarioavanzada.com.mx\/?p=74593"},"modified":"2025-02-06T13:33:24","modified_gmt":"2025-02-06T19:33:24","slug":"el-congreso-reconoce-el-trabajo-de-tey-gutierrez-dulce-huerta","status":"publish","type":"post","link":"https:\/\/diarioavanzada.com.mx\/?p=74593","title":{"rendered":"El Congreso reconoce el trabajo de Tey Guti\u00e9rrez: Dulce Huerta"},"content":{"rendered":"\n<p class=\"wp-block-paragraph\"><em>Importante que mun\u00edcipes transparenten las acciones que realizan, se\u00f1ala la legisladora.<\/em><\/p>\n\n\n\n<p class=\"wp-block-paragraph\">Villa de \u00c1lvarez, Colima, Comunicado (06\/02\/2025).- Tras asistir a la presentaci\u00f3n de las 408 Metas Estrat\u00e9gicas para el 2025 presentadas por la Alcaldesa de Villa de \u00c1lvarez, Tey Guti\u00e9rrez Andrade, la diputada local Dulce Huerta Araiza, dijo que desde el Congreso del Estado \u201creconocemos el gran trabajo que ha hecho la Presidenta Municipal\u201d.<\/p>\n\n\n\n<p class=\"wp-block-paragraph\">La legisladora morenista manifest\u00f3 que es una acci\u00f3n muy importante para todos los alcaldes que puedan transparentar cada una de las acciones que hacen en sus municipios, hecho por el que en Villa de \u00c1lvarez hay un reconocimiento importante a la ciudadan\u00eda.<\/p>\n\n\n\n<p class=\"wp-block-paragraph\">Reiter\u00f3 que el gobierno encabezado por Tey Guti\u00e9rrez se ha caracterizado tanto por ser gestor como por dar a conocer cu\u00e1les son las estrategias definitivas para ir avanzando en todos los temas que tengan que ver con el desarrollo municipal.<\/p>\n\n\n\n<p class=\"wp-block-paragraph\">\u201cDesde el Congreso del Estado nosotros reconocemos el gran trabajo que ha hecho la Presidenta Municipal para tomar en cuenta a todos los entes y llevar una buena coordinaci\u00f3n con el Gobierno de M\u00e9xico y el Gobierno del Estado y que a nosotros como diputados locales se nos est\u00e9 involucrando en esas actividades para estar al pendiente y en el seguimiento oportuno de cada una de las actividades\u201d, resalt\u00f3 Huerta Araiza.<\/p>\n<div class=\"fb-background-color\">\n\t\t\t  <div \n\t\t\t  \tclass = \"fb-comments\" \n\t\t\t  \tdata-href = \"https:\/\/diarioavanzada.com.mx\/?p=74593\"\n\t\t\t  \tdata-numposts = \"10\"\n\t\t\t  \tdata-lazy = \"true\"\n\t\t\t\tdata-colorscheme = \"light\"\n\t\t\t\tdata-order-by = \"social\"\n\t\t\t\tdata-mobile=true>\n\t\t\t  <\/div><\/div>\n\t\t  <style>\n\t\t    .fb-background-color {\n\t\t\t\tbackground:  !important;\n\t\t\t}\n\t\t\t.fb_iframe_widget_fluid_desktop iframe {\n\t\t\t    width: 100% !important;\n\t\t\t}\n\t\t  <\/style>\n\t\t  ","protected":false},"excerpt":{"rendered":"<p>Importante que mun\u00edcipes transparenten las acciones que realizan, se\u00f1ala la legisladora. Villa de \u00c1lvarez, Colima, Comunicado (06\/02\/2025).- Tras asistir a la presentaci\u00f3n de las 408 Metas Estrat\u00e9gicas para el 2025 presentadas por la Alcaldesa de Villa de \u00c1lvarez, Tey Guti\u00e9rrez Andrade, la diputada local Dulce Huerta Araiza, dijo que desde el Congreso del Estado \u201creconocemos [&hellip;]<\/p>\n","protected":false},"author":7,"featured_media":74592,"comment_status":"closed","ping_status":"closed","sticky":false,"template":"","format":"standard","meta":{"_coblocks_attr":"","_coblocks_dimensions":"","_coblocks_responsive_height":"","_coblocks_accordion_ie_support":"","_crdt_document":"","advanced_seo_description":"","jetpack_seo_html_title":"","jetpack_seo_noindex":false,"_jetpack_memberships_contains_paid_content":false,"footnotes":""},"categories":[209,21],"tags":[],"class_list":["post-74593","post","type-post","status-publish","format-standard","has-post-thumbnail","hentry","category-importantes","category-municipios"],"jetpack_featured_media_url":"https:\/\/diarioavanzada.com.mx\/wp-content\/uploads\/2025\/02\/3f1f8785-3b91-48cb-9964-7fdbef3c1383-1.jpg","jetpack-related-posts":[],"jetpack_sharing_enabled":true,"amp_enabled":true,"_links":{"self":[{"href":"https:\/\/diarioavanzada.com.mx\/index.php?rest_route=\/wp\/v2\/posts\/74593","targetHints":{"allow":["GET"]}}],"collection":[{"href":"https:\/\/diarioavanzada.com.mx\/index.php?rest_route=\/wp\/v2\/posts"}],"about":[{"href":"https:\/\/diarioavanzada.com.mx\/index.php?rest_route=\/wp\/v2\/types\/post"}],"author":[{"embeddable":true,"href":"https:\/\/diarioavanzada.com.mx\/index.php?rest_route=\/wp\/v2\/users\/7"}],"replies":[{"embeddable":true,"href":"https:\/\/diarioavanzada.com.mx\/index.php?rest_route=%2Fwp%2Fv2%2Fcomments&post=74593"}],"version-history":[{"count":0,"href":"https:\/\/diarioavanzada.com.mx\/index.php?rest_route=\/wp\/v2\/posts\/74593\/revisions"}],"wp:featuredmedia":[{"embeddable":true,"href":"https:\/\/diarioavanzada.com.mx\/index.php?rest_route=\/wp\/v2\/media\/74592"}],"wp:attachment":[{"href":"https:\/\/diarioavanzada.com.mx\/index.php?rest_route=%2Fwp%2Fv2%2Fmedia&parent=74593"}],"wp:term":[{"taxonomy":"category","embeddable":true,"href":"https:\/\/diarioavanzada.com.mx\/index.php?rest_route=%2Fwp%2Fv2%2Fcategories&post=74593"},{"taxonomy":"post_tag","embeddable":true,"href":"https:\/\/diarioavanzada.com.mx\/index.php?rest_route=%2Fwp%2Fv2%2Ftags&post=74593"}],"curies":[{"name":"wp","href":"https:\/\/api.w.org\/{rel}","templated":true}]}}