{"id":74460,"date":"2025-02-05T12:47:03","date_gmt":"2025-02-05T18:47:03","guid":{"rendered":"https:\/\/diarioavanzada.com.mx\/?p=74460"},"modified":"2025-02-05T13:07:48","modified_gmt":"2025-02-05T19:07:48","slug":"realiza-tey-mejoras-en-vialidad-metropolitana","status":"publish","type":"post","link":"https:\/\/diarioavanzada.com.mx\/?p=74460","title":{"rendered":"Realiza Tey mejoras en vialidad metropolitana"},"content":{"rendered":"\n<p class=\"wp-block-paragraph\"><em>Instalan se\u00f1alamientos modernos en Av. Gobernadora Griselda \u00c1lvarez para prevenir accidentes<\/em><\/p>\n\n\n\n<p class=\"wp-block-paragraph\">Colima, M\u00e9xico, Comunicado (05\/02\/2025).- Para reforzar la seguridad de automovilistas y motociclistas usuarios de la Avenida Gobernadora Griselda \u00c1lvarez, la Presidenta Tey Guti\u00e9rrez Andrade entreg\u00f3 nueva y moderna se\u00f1al\u00e9tica, adem\u00e1s de reductores de velocidad instalados en la curva m\u00e1s cerrada de esa vialidad, ubicada a la altura de la colonia Puerta del Centenario, en Villa de \u00c1lvarez.<\/p>\n\n\n\n<p class=\"wp-block-paragraph\">La Alcaldesa se\u00f1al\u00f3 lo oportuno que en estos momentos resulta la instalaci\u00f3n de la nueva se\u00f1al\u00e9tica, pues se hace previo al inicio de las Fiestas Charro Taurinas de Villa de \u00c1lvarez y en esa avenida que comunica a los municipios de Villa de \u00c1lvarez, Colima, Coquimatl\u00e1n y Comala con La Petatera y todo el Recinto Ferial.<\/p>\n\n\n\n<p class=\"wp-block-paragraph\">Indic\u00f3 que el equipamiento entregado y colocado sobre esa importante vialidad servir\u00e1 para disminuir la presencia de accidentes, pues algunas personas, por el desconocimiento que tienen de la avenida, han sufrido percances, es por ello que se busca brindar mejores condiciones de seguridad al manejar.<\/p>\n\n\n\n<p class=\"wp-block-paragraph\">Acompa\u00f1ada por los dirigentes trasportistas Hugo Ch\u00e1vez, Felipe Guerra, Horacio Torres, Jes\u00fas Garc\u00eda y Juan Jos\u00e9 Navarro, la Presidenta Municipal entreg\u00f3 120 vialetas colocadas sobre el asfalto, equipadas con luz de tecnolog\u00eda LED, y cinco se\u00f1alamientos tipo Chevron, tambi\u00e9n con luz de tecnolog\u00eda LED, cuyo funcionamiento de ambas es con energ\u00eda solar.<\/p>\n\n\n\n<p class=\"wp-block-paragraph\">Adem\u00e1s de ese equipamiento, fueron rehabilitados y pintados poco m\u00e1s de 300 metros de machuelo, al igual que 20 reductores de velocidad.<\/p>\n\n\n\n<p class=\"wp-block-paragraph\">Hugo Ch\u00e1vez, dirigente de los taxistas de la CNOP en el estado de Colima, y Rene Salda\u00f1a, del Comit\u00e9 de Barrio de Puerta del Centenario, agradecieron a Tey Guti\u00e9rrez por pensar en la seguridad de las personas que transitan por esa importante vialidad, que es utilizada no s\u00f3lo por personas de Villa de \u00c1lvarez, sino por gente de los municipios del norte de Colima.<\/p>\n\n\n\n<p class=\"wp-block-paragraph\">A la entrega del nuevo equipamiento para reforzar la seguridad vial en la Avenida Gobernadora Griselda \u00c1lvarez, asistieron los presidentes de los Comit\u00e9s de Barrio de Real Centenario, Sergio Ram\u00edrez; de Villas Alameda, Elizabeth Hern\u00e1ndez; de Villas San Jos\u00e9, Antonio Reyes; Puerta del Centenario Norte, Gabino Rosas, y Centenario, Laura Guti\u00e9rrez.<\/p>\n\n\n\n<figure class=\"wp-block-image size-large\"><img loading=\"lazy\" decoding=\"async\" width=\"1024\" height=\"684\" src=\"https:\/\/diarioavanzada.com.mx\/wp-content\/uploads\/2025\/02\/73b1bd0c-da11-4440-ae0f-91f7af1c1cb5-1-1024x684.jpg\" alt=\"\" class=\"wp-image-74457\" srcset=\"https:\/\/diarioavanzada.com.mx\/wp-content\/uploads\/2025\/02\/73b1bd0c-da11-4440-ae0f-91f7af1c1cb5-1-1024x684.jpg 1024w, https:\/\/diarioavanzada.com.mx\/wp-content\/uploads\/2025\/02\/73b1bd0c-da11-4440-ae0f-91f7af1c1cb5-1-300x200.jpg 300w, https:\/\/diarioavanzada.com.mx\/wp-content\/uploads\/2025\/02\/73b1bd0c-da11-4440-ae0f-91f7af1c1cb5-1-768x513.jpg 768w, https:\/\/diarioavanzada.com.mx\/wp-content\/uploads\/2025\/02\/73b1bd0c-da11-4440-ae0f-91f7af1c1cb5-1-1536x1026.jpg 1536w, https:\/\/diarioavanzada.com.mx\/wp-content\/uploads\/2025\/02\/73b1bd0c-da11-4440-ae0f-91f7af1c1cb5-1.jpg 1600w\" sizes=\"auto, (max-width: 1024px) 100vw, 1024px\" \/><\/figure>\n\n\n\n<figure class=\"wp-block-image size-large\"><img loading=\"lazy\" decoding=\"async\" width=\"1024\" height=\"684\" src=\"https:\/\/diarioavanzada.com.mx\/wp-content\/uploads\/2025\/02\/33bafae7-6239-4d48-abf8-89eb4ba6aa07-1-1024x684.jpg\" alt=\"\" class=\"wp-image-74458\" srcset=\"https:\/\/diarioavanzada.com.mx\/wp-content\/uploads\/2025\/02\/33bafae7-6239-4d48-abf8-89eb4ba6aa07-1-1024x684.jpg 1024w, https:\/\/diarioavanzada.com.mx\/wp-content\/uploads\/2025\/02\/33bafae7-6239-4d48-abf8-89eb4ba6aa07-1-300x200.jpg 300w, https:\/\/diarioavanzada.com.mx\/wp-content\/uploads\/2025\/02\/33bafae7-6239-4d48-abf8-89eb4ba6aa07-1-768x513.jpg 768w, https:\/\/diarioavanzada.com.mx\/wp-content\/uploads\/2025\/02\/33bafae7-6239-4d48-abf8-89eb4ba6aa07-1-1536x1026.jpg 1536w, https:\/\/diarioavanzada.com.mx\/wp-content\/uploads\/2025\/02\/33bafae7-6239-4d48-abf8-89eb4ba6aa07-1.jpg 1600w\" sizes=\"auto, (max-width: 1024px) 100vw, 1024px\" \/><\/figure>\n\n\n\n<figure class=\"wp-block-image size-large\"><img loading=\"lazy\" decoding=\"async\" width=\"1024\" height=\"684\" src=\"https:\/\/diarioavanzada.com.mx\/wp-content\/uploads\/2025\/02\/13e7a43b-92e8-4db2-aab8-83a5e93adf8e-1-1024x684.jpg\" alt=\"\" class=\"wp-image-74459\" srcset=\"https:\/\/diarioavanzada.com.mx\/wp-content\/uploads\/2025\/02\/13e7a43b-92e8-4db2-aab8-83a5e93adf8e-1-1024x684.jpg 1024w, https:\/\/diarioavanzada.com.mx\/wp-content\/uploads\/2025\/02\/13e7a43b-92e8-4db2-aab8-83a5e93adf8e-1-300x200.jpg 300w, https:\/\/diarioavanzada.com.mx\/wp-content\/uploads\/2025\/02\/13e7a43b-92e8-4db2-aab8-83a5e93adf8e-1-768x513.jpg 768w, https:\/\/diarioavanzada.com.mx\/wp-content\/uploads\/2025\/02\/13e7a43b-92e8-4db2-aab8-83a5e93adf8e-1-1536x1026.jpg 1536w, https:\/\/diarioavanzada.com.mx\/wp-content\/uploads\/2025\/02\/13e7a43b-92e8-4db2-aab8-83a5e93adf8e-1.jpg 1600w\" sizes=\"auto, (max-width: 1024px) 100vw, 1024px\" \/><\/figure>\n<div class=\"fb-background-color\">\n\t\t\t  <div \n\t\t\t  \tclass = \"fb-comments\" \n\t\t\t  \tdata-href = \"https:\/\/diarioavanzada.com.mx\/?p=74460\"\n\t\t\t  \tdata-numposts = \"10\"\n\t\t\t  \tdata-lazy = \"true\"\n\t\t\t\tdata-colorscheme = \"light\"\n\t\t\t\tdata-order-by = \"social\"\n\t\t\t\tdata-mobile=true>\n\t\t\t  <\/div><\/div>\n\t\t  <style>\n\t\t    .fb-background-color {\n\t\t\t\tbackground:  !important;\n\t\t\t}\n\t\t\t.fb_iframe_widget_fluid_desktop iframe {\n\t\t\t    width: 100% !important;\n\t\t\t}\n\t\t  <\/style>\n\t\t  ","protected":false},"excerpt":{"rendered":"<p>Instalan se\u00f1alamientos modernos en Av. Gobernadora Griselda \u00c1lvarez para prevenir accidentes Colima, M\u00e9xico, Comunicado (05\/02\/2025).- Para reforzar la seguridad de automovilistas y motociclistas usuarios de la Avenida Gobernadora Griselda \u00c1lvarez, la Presidenta Tey Guti\u00e9rrez Andrade entreg\u00f3 nueva y moderna se\u00f1al\u00e9tica, adem\u00e1s de reductores de velocidad instalados en la curva m\u00e1s cerrada de esa vialidad, ubicada [&hellip;]<\/p>\n","protected":false},"author":7,"featured_media":74456,"comment_status":"closed","ping_status":"closed","sticky":false,"template":"","format":"standard","meta":{"_coblocks_attr":"","_coblocks_dimensions":"","_coblocks_responsive_height":"","_coblocks_accordion_ie_support":"","_crdt_document":"","advanced_seo_description":"","jetpack_seo_html_title":"","jetpack_seo_noindex":false,"_jetpack_memberships_contains_paid_content":false,"footnotes":""},"categories":[19,209,7],"tags":[],"class_list":["post-74460","post","type-post","status-publish","format-standard","has-post-thumbnail","hentry","category-colima","category-importantes","category-noticias"],"jetpack_featured_media_url":"https:\/\/diarioavanzada.com.mx\/wp-content\/uploads\/2025\/02\/99adbd3e-318d-4b8b-9df7-48259d6cb5ba-1.jpg","jetpack-related-posts":[],"jetpack_sharing_enabled":true,"amp_enabled":true,"_links":{"self":[{"href":"https:\/\/diarioavanzada.com.mx\/index.php?rest_route=\/wp\/v2\/posts\/74460","targetHints":{"allow":["GET"]}}],"collection":[{"href":"https:\/\/diarioavanzada.com.mx\/index.php?rest_route=\/wp\/v2\/posts"}],"about":[{"href":"https:\/\/diarioavanzada.com.mx\/index.php?rest_route=\/wp\/v2\/types\/post"}],"author":[{"embeddable":true,"href":"https:\/\/diarioavanzada.com.mx\/index.php?rest_route=\/wp\/v2\/users\/7"}],"replies":[{"embeddable":true,"href":"https:\/\/diarioavanzada.com.mx\/index.php?rest_route=%2Fwp%2Fv2%2Fcomments&post=74460"}],"version-history":[{"count":1,"href":"https:\/\/diarioavanzada.com.mx\/index.php?rest_route=\/wp\/v2\/posts\/74460\/revisions"}],"predecessor-version":[{"id":74461,"href":"https:\/\/diarioavanzada.com.mx\/index.php?rest_route=\/wp\/v2\/posts\/74460\/revisions\/74461"}],"wp:featuredmedia":[{"embeddable":true,"href":"https:\/\/diarioavanzada.com.mx\/index.php?rest_route=\/wp\/v2\/media\/74456"}],"wp:attachment":[{"href":"https:\/\/diarioavanzada.com.mx\/index.php?rest_route=%2Fwp%2Fv2%2Fmedia&parent=74460"}],"wp:term":[{"taxonomy":"category","embeddable":true,"href":"https:\/\/diarioavanzada.com.mx\/index.php?rest_route=%2Fwp%2Fv2%2Fcategories&post=74460"},{"taxonomy":"post_tag","embeddable":true,"href":"https:\/\/diarioavanzada.com.mx\/index.php?rest_route=%2Fwp%2Fv2%2Ftags&post=74460"}],"curies":[{"name":"wp","href":"https:\/\/api.w.org\/{rel}","templated":true}]}}