{"id":74228,"date":"2025-02-03T15:52:05","date_gmt":"2025-02-03T21:52:05","guid":{"rendered":"https:\/\/diarioavanzada.com.mx\/?p=74228"},"modified":"2025-02-03T15:52:05","modified_gmt":"2025-02-03T21:52:05","slug":"firmaran-ayuntamiento-de-villa-de-alvarezy-udec-convenio-de-colaboracion-conjunta","status":"publish","type":"post","link":"https:\/\/diarioavanzada.com.mx\/?p=74228","title":{"rendered":"Firmar\u00e1n Ayuntamiento de Villa de \u00c1lvarezy UdeC convenio de colaboraci\u00f3n conjunta"},"content":{"rendered":"\n<p class=\"wp-block-paragraph\"><em>Autoriza Cabildo a Tey Guti\u00e9rrez para que signe el documento.<\/em><\/p>\n\n\n\n<p class=\"wp-block-paragraph\">Villa de \u00c1lvarez, Colima, Comunicado (03\/02\/2025).- El Cabildo de Villa de \u00c1lvarez autoriz\u00f3 a la Presidenta Tey Guti\u00e9rrez Andrade, signar un convenio de colaboraci\u00f3n entre el Ayuntamiento de esta demarcaci\u00f3n y la Universidad de Colima, con la finalidad de llevar a cabo programas, proyectos y actividades de inter\u00e9s rec\u00edproco.<\/p>\n\n\n\n<p class=\"wp-block-paragraph\">Aprobada la autorizaci\u00f3n de la firma en votaci\u00f3n un\u00e1nime, es para que el Ayuntamiento de Villa de \u00c1lvarez y la Universidad de Colima establezcan las bases conforme a las cuales se brinden apoyo mutuo, con la finalidad de emprender acciones para llevar a cabo programas, proyectos y actividades de inter\u00e9s rec\u00edproco, congruentes con sus objetivos y fines institucionales.<\/p>\n\n\n\n<p class=\"wp-block-paragraph\">El convenio ser\u00e1 tambi\u00e9n para desarrollar acciones conjuntas que contribuyan al beneficio de la formaci\u00f3n acad\u00e9mica y profesional de los integrantes de ambas instituciones.<\/p>\n\n\n\n<p class=\"wp-block-paragraph\">En ese sentido, el Gobierno Municipal de Villa de \u00c1lvarez y la M\u00e1xima Casa de Estudios Colimense generar\u00e1n actividades conjuntas que impacten en el desarrollo y fortalecimiento de la sociedad, a trav\u00e9s de las acciones que desde el \u00e1mbito de la competencia ambas instituciones que se consideren pertinentes, promuevan siempre los valores que las caracterizan.<\/p>\n\n\n\n<p class=\"wp-block-paragraph\">Una vez signado el convenio, el cual tendr\u00e1 vigencia hasta el 15 de octubre de 2027, se generar\u00e1 transferencia de conocimiento en \u00e1reas como la educaci\u00f3n continua, la certificaci\u00f3n de competencias, el servicio social y pr\u00e1cticas profesionales, la innovaci\u00f3n y emprendimiento y la vinculaci\u00f3n.<\/p>\n\n\n\n<p class=\"wp-block-paragraph\">Adem\u00e1s, el Ayuntamiento de Villa de \u00c1lvarez y la Universidad de Colima intercambiar\u00e1n informaci\u00f3n estrat\u00e9gica que coadyuve a la competitividad, capacitaci\u00f3n e instrumentaci\u00f3n de proyectos de innovaci\u00f3n y fomento de la cultura emprendedora en el sector empresarial.<\/p>\n\n\n\n<p class=\"wp-block-paragraph\">Tambi\u00e9n emprender\u00e1n acciones de incubaci\u00f3n de startups y MIPYMES que, de acuerdo con sus respectivos \u00e1mbitos de competencia, permitan sentar las bases del desarrollo econ\u00f3mico y de la competitividad.<br \/>Organizar\u00e1n y coordinar\u00e1n a estudiantes y pasantes para desarrollar su servicio social y pr\u00e1cticas profesionales en el Ayuntamiento, de conformidad con la normatividad en materia de servicio social y pr\u00e1cticas profesionales de la UdeC.<\/p>\n\n\n\n<p class=\"wp-block-paragraph\">Tambi\u00e9n realizar\u00e1n de manera conjunta cursos, conferencias, simposios, exposiciones, mesas redondas, talleres, congresos, diplomados, seminarios y otros eventos acad\u00e9micos que sean de inter\u00e9s, e intercambiar\u00e1n experiencias en \u00e1reas de inter\u00e9s com\u00fan para fortalecer los servicios acad\u00e9micos de apoyo a la docencia y la investigaci\u00f3n de la Universidad.<\/p>\n\n\n\n<p class=\"wp-block-paragraph\">Otras acciones contempladas en el Convenio, son desarrollar actividades conjuntas en materia de emprendimiento dirigidas a los estudiantes; implementar acciones de certificaci\u00f3n de metodolog\u00eda, y apoyo rec\u00edproco en actividades de extensi\u00f3n universitaria en \u00e1reas de inter\u00e9s com\u00fan.<\/p>\n\n\n\n<figure class=\"wp-block-image size-large\"><img loading=\"lazy\" decoding=\"async\" width=\"1024\" height=\"684\" src=\"https:\/\/diarioavanzada.com.mx\/wp-content\/uploads\/2025\/02\/8b94255d-6434-44b8-bfd1-d020e114ac74-1-1024x684.jpg\" class=\"wp-image-74226\" srcset=\"https:\/\/diarioavanzada.com.mx\/wp-content\/uploads\/2025\/02\/8b94255d-6434-44b8-bfd1-d020e114ac74-1-1024x684.jpg 1024w, https:\/\/diarioavanzada.com.mx\/wp-content\/uploads\/2025\/02\/8b94255d-6434-44b8-bfd1-d020e114ac74-1-300x200.jpg 300w, https:\/\/diarioavanzada.com.mx\/wp-content\/uploads\/2025\/02\/8b94255d-6434-44b8-bfd1-d020e114ac74-1-768x513.jpg 768w, https:\/\/diarioavanzada.com.mx\/wp-content\/uploads\/2025\/02\/8b94255d-6434-44b8-bfd1-d020e114ac74-1-1536x1026.jpg 1536w, https:\/\/diarioavanzada.com.mx\/wp-content\/uploads\/2025\/02\/8b94255d-6434-44b8-bfd1-d020e114ac74-1.jpg 1600w\" sizes=\"auto, (max-width: 1024px) 100vw, 1024px\" \/><\/figure>\n<div class=\"fb-background-color\">\n\t\t\t  <div \n\t\t\t  \tclass = \"fb-comments\" \n\t\t\t  \tdata-href = \"https:\/\/diarioavanzada.com.mx\/?p=74228\"\n\t\t\t  \tdata-numposts = \"10\"\n\t\t\t  \tdata-lazy = \"true\"\n\t\t\t\tdata-colorscheme = \"light\"\n\t\t\t\tdata-order-by = \"social\"\n\t\t\t\tdata-mobile=true>\n\t\t\t  <\/div><\/div>\n\t\t  <style>\n\t\t    .fb-background-color {\n\t\t\t\tbackground:  !important;\n\t\t\t}\n\t\t\t.fb_iframe_widget_fluid_desktop iframe {\n\t\t\t    width: 100% !important;\n\t\t\t}\n\t\t  <\/style>\n\t\t  ","protected":false},"excerpt":{"rendered":"<p>Autoriza Cabildo a Tey Guti\u00e9rrez para que signe el documento. Villa de \u00c1lvarez, Colima, Comunicado (03\/02\/2025).- El Cabildo de Villa de \u00c1lvarez autoriz\u00f3 a la Presidenta Tey Guti\u00e9rrez Andrade, signar un convenio de colaboraci\u00f3n entre el Ayuntamiento de esta demarcaci\u00f3n y la Universidad de Colima, con la finalidad de llevar a cabo programas, proyectos y [&hellip;]<\/p>\n","protected":false},"author":7,"featured_media":74227,"comment_status":"closed","ping_status":"closed","sticky":false,"template":"","format":"standard","meta":{"_coblocks_attr":"","_coblocks_dimensions":"","_coblocks_responsive_height":"","_coblocks_accordion_ie_support":"","_crdt_document":"","advanced_seo_description":"","jetpack_seo_html_title":"","jetpack_seo_noindex":false,"_jetpack_memberships_contains_paid_content":false,"footnotes":""},"categories":[19,209],"tags":[],"class_list":["post-74228","post","type-post","status-publish","format-standard","has-post-thumbnail","hentry","category-colima","category-importantes"],"jetpack_featured_media_url":"https:\/\/diarioavanzada.com.mx\/wp-content\/uploads\/2025\/02\/5a19d11c-108e-41b6-bd8f-628552b20cf2-1.jpg","jetpack-related-posts":[],"jetpack_sharing_enabled":true,"amp_enabled":true,"_links":{"self":[{"href":"https:\/\/diarioavanzada.com.mx\/index.php?rest_route=\/wp\/v2\/posts\/74228","targetHints":{"allow":["GET"]}}],"collection":[{"href":"https:\/\/diarioavanzada.com.mx\/index.php?rest_route=\/wp\/v2\/posts"}],"about":[{"href":"https:\/\/diarioavanzada.com.mx\/index.php?rest_route=\/wp\/v2\/types\/post"}],"author":[{"embeddable":true,"href":"https:\/\/diarioavanzada.com.mx\/index.php?rest_route=\/wp\/v2\/users\/7"}],"replies":[{"embeddable":true,"href":"https:\/\/diarioavanzada.com.mx\/index.php?rest_route=%2Fwp%2Fv2%2Fcomments&post=74228"}],"version-history":[{"count":0,"href":"https:\/\/diarioavanzada.com.mx\/index.php?rest_route=\/wp\/v2\/posts\/74228\/revisions"}],"wp:featuredmedia":[{"embeddable":true,"href":"https:\/\/diarioavanzada.com.mx\/index.php?rest_route=\/wp\/v2\/media\/74227"}],"wp:attachment":[{"href":"https:\/\/diarioavanzada.com.mx\/index.php?rest_route=%2Fwp%2Fv2%2Fmedia&parent=74228"}],"wp:term":[{"taxonomy":"category","embeddable":true,"href":"https:\/\/diarioavanzada.com.mx\/index.php?rest_route=%2Fwp%2Fv2%2Fcategories&post=74228"},{"taxonomy":"post_tag","embeddable":true,"href":"https:\/\/diarioavanzada.com.mx\/index.php?rest_route=%2Fwp%2Fv2%2Ftags&post=74228"}],"curies":[{"name":"wp","href":"https:\/\/api.w.org\/{rel}","templated":true}]}}