{"id":74068,"date":"2025-02-02T12:57:51","date_gmt":"2025-02-02T18:57:51","guid":{"rendered":"https:\/\/diarioavanzada.com.mx\/?p=74068"},"modified":"2025-02-02T12:58:30","modified_gmt":"2025-02-02T18:58:30","slug":"el-mayo-zambada-culpa-a-gobiernos-locales-por-la-violencia-en-mexico","status":"publish","type":"post","link":"https:\/\/diarioavanzada.com.mx\/?p=74068","title":{"rendered":"\u201cEl Mayo\u201d Zambada culpa a gobiernos locales por la violencia en M\u00e9xico"},"content":{"rendered":"\n<p class=\"p1 wp-block-paragraph\">M\u00e9xico, Avanzada (02\/02\/2025).- En una entrevista concedida a la revista Proceso el 7 de julio de 2024, Ismael \u201cEl Mayo\u201d Zambada, uno de los capos hist\u00f3ricos del narcotr\u00e1fico en M\u00e9xico, responsabiliz\u00f3 a las autoridades estatales y municipales por la espiral de violencia en el pa\u00eds.<\/p>\n\n\n\n<p class=\"p1 wp-block-paragraph\">\u201cEl narcotr\u00e1fico no, es un negocio que pese a todo seguir\u00e1\u201d, se\u00f1al\u00f3, pero enfatiz\u00f3 que la violencia extrema que se vive en el pa\u00eds es consecuencia de la omisi\u00f3n de las autoridades locales. \u201cEso pasa porque la autoridad no hace su trabajo. Y no hablo del gobierno federal o del Ej\u00e9rcito. Hablo de la autoridad municipal y estatal. En cualquier parte matan a alguien y no pasa nada. \u00bfEn d\u00f3nde matan a la gente? En las comunidades, en los municipios. Y el presidente municipal y el gobierno estatal hacen como si no pasara nada, como si eso le tocara al gobierno federal\u201d, declar\u00f3.<\/p>\n\n\n\n<p class=\"p1 wp-block-paragraph\">Dos semanas y media despu\u00e9s de la entrevista, Zambada fue detenido en Texas por el gobierno de Estados Unidos en circunstancias a\u00fan no esclarecidas. Su captura ha sido interpretada como resultado de una traici\u00f3n o una rendici\u00f3n del \u00faltimo gran capo del narcotr\u00e1fico en M\u00e9xico.<\/p>\n\n\n\n<p class=\"wp-block-paragraph\"><em>*En la fotograf\u00eda: la portada de la revista Proceso.<\/em><\/p>\n<div class=\"fb-background-color\">\n\t\t\t  <div \n\t\t\t  \tclass = \"fb-comments\" \n\t\t\t  \tdata-href = \"https:\/\/diarioavanzada.com.mx\/?p=74068\"\n\t\t\t  \tdata-numposts = \"10\"\n\t\t\t  \tdata-lazy = \"true\"\n\t\t\t\tdata-colorscheme = \"light\"\n\t\t\t\tdata-order-by = \"social\"\n\t\t\t\tdata-mobile=true>\n\t\t\t  <\/div><\/div>\n\t\t  <style>\n\t\t    .fb-background-color {\n\t\t\t\tbackground:  !important;\n\t\t\t}\n\t\t\t.fb_iframe_widget_fluid_desktop iframe {\n\t\t\t    width: 100% !important;\n\t\t\t}\n\t\t  <\/style>\n\t\t  ","protected":false},"excerpt":{"rendered":"<p>M\u00e9xico, Avanzada (02\/02\/2025).- En una entrevista concedida a la revista Proceso el 7 de julio de 2024, Ismael \u201cEl Mayo\u201d Zambada, uno de los capos hist\u00f3ricos del narcotr\u00e1fico en M\u00e9xico, responsabiliz\u00f3 a las autoridades estatales y municipales por la espiral de violencia en el pa\u00eds. \u201cEl narcotr\u00e1fico no, es un negocio que pese a todo [&hellip;]<\/p>\n","protected":false},"author":7,"featured_media":74067,"comment_status":"closed","ping_status":"closed","sticky":false,"template":"","format":"standard","meta":{"_coblocks_attr":"","_coblocks_dimensions":"","_coblocks_responsive_height":"","_coblocks_accordion_ie_support":"","_crdt_document":"","advanced_seo_description":"","jetpack_seo_html_title":"","jetpack_seo_noindex":false,"_jetpack_memberships_contains_paid_content":false,"footnotes":""},"categories":[22,231],"tags":[],"class_list":["post-74068","post","type-post","status-publish","format-standard","has-post-thumbnail","hentry","category-nacion","category-seguridad"],"jetpack_featured_media_url":"https:\/\/diarioavanzada.com.mx\/wp-content\/uploads\/2025\/02\/img_4658-1.jpg","jetpack-related-posts":[],"jetpack_sharing_enabled":true,"amp_enabled":true,"_links":{"self":[{"href":"https:\/\/diarioavanzada.com.mx\/index.php?rest_route=\/wp\/v2\/posts\/74068","targetHints":{"allow":["GET"]}}],"collection":[{"href":"https:\/\/diarioavanzada.com.mx\/index.php?rest_route=\/wp\/v2\/posts"}],"about":[{"href":"https:\/\/diarioavanzada.com.mx\/index.php?rest_route=\/wp\/v2\/types\/post"}],"author":[{"embeddable":true,"href":"https:\/\/diarioavanzada.com.mx\/index.php?rest_route=\/wp\/v2\/users\/7"}],"replies":[{"embeddable":true,"href":"https:\/\/diarioavanzada.com.mx\/index.php?rest_route=%2Fwp%2Fv2%2Fcomments&post=74068"}],"version-history":[{"count":1,"href":"https:\/\/diarioavanzada.com.mx\/index.php?rest_route=\/wp\/v2\/posts\/74068\/revisions"}],"predecessor-version":[{"id":74069,"href":"https:\/\/diarioavanzada.com.mx\/index.php?rest_route=\/wp\/v2\/posts\/74068\/revisions\/74069"}],"wp:featuredmedia":[{"embeddable":true,"href":"https:\/\/diarioavanzada.com.mx\/index.php?rest_route=\/wp\/v2\/media\/74067"}],"wp:attachment":[{"href":"https:\/\/diarioavanzada.com.mx\/index.php?rest_route=%2Fwp%2Fv2%2Fmedia&parent=74068"}],"wp:term":[{"taxonomy":"category","embeddable":true,"href":"https:\/\/diarioavanzada.com.mx\/index.php?rest_route=%2Fwp%2Fv2%2Fcategories&post=74068"},{"taxonomy":"post_tag","embeddable":true,"href":"https:\/\/diarioavanzada.com.mx\/index.php?rest_route=%2Fwp%2Fv2%2Ftags&post=74068"}],"curies":[{"name":"wp","href":"https:\/\/api.w.org\/{rel}","templated":true}]}}