{"id":74039,"date":"2025-02-02T09:30:09","date_gmt":"2025-02-02T15:30:09","guid":{"rendered":"https:\/\/diarioavanzada.com.mx\/?p=74039"},"modified":"2025-02-02T09:30:09","modified_gmt":"2025-02-02T15:30:09","slug":"colima-espera-un-dia-calido-con-temperaturas-de-hasta-40c","status":"publish","type":"post","link":"https:\/\/diarioavanzada.com.mx\/?p=74039","title":{"rendered":"Colima espera un d\u00eda c\u00e1lido con temperaturas de hasta 40\u00b0C"},"content":{"rendered":"\n<p class=\"p1 wp-block-paragraph\">Colima, M\u00e9xico, Avanzada (02\/02\/2025).- Este domingo 2 de febrero se prev\u00e9 un ambiente caluroso en el estado, con temperaturas m\u00e1ximas de hasta 40\u00b0C, inform\u00f3 el Servicio Meteorol\u00f3gico Nacional. Durante la ma\u00f1ana, las costas de la entidad registrar\u00e1n un clima templado, mientras que en el transcurso del d\u00eda el calor ir\u00e1 en aumento, especialmente en la zona costera.<\/p>\n\n\n\n<p class=\"p1 wp-block-paragraph\">A diferencia de otros estados del pa\u00eds donde se esperan lluvias y vientos fuertes, en Colima el cielo se mantendr\u00e1 despejado a medio nublado, sin probabilidad de precipitaciones. El viento ser\u00e1 de componente oeste con velocidades de 10 a 20 km\/h, sin rachas significativas.<\/p>\n\n\n\n<p class=\"p1 wp-block-paragraph\">En el Pac\u00edfico Centro, el pron\u00f3stico indica condiciones similares en Nayarit y Jalisco, con ambiente fresco por la ma\u00f1ana y caluroso por la tarde. Solo Michoac\u00e1n podr\u00eda registrar lluvias aisladas y temperaturas fr\u00edas en zonas serranas.<\/p>\n\n\n\n<p class=\"p1 wp-block-paragraph\">Ante las altas temperaturas en Colima, las autoridades recomiendan a la poblaci\u00f3n mantenerse hidratada, evitar la exposici\u00f3n prolongada al sol y tomar precauciones para prevenir golpes de calor.<\/p>\n<div class=\"fb-background-color\">\n\t\t\t  <div \n\t\t\t  \tclass = \"fb-comments\" \n\t\t\t  \tdata-href = \"https:\/\/diarioavanzada.com.mx\/?p=74039\"\n\t\t\t  \tdata-numposts = \"10\"\n\t\t\t  \tdata-lazy = \"true\"\n\t\t\t\tdata-colorscheme = \"light\"\n\t\t\t\tdata-order-by = \"social\"\n\t\t\t\tdata-mobile=true>\n\t\t\t  <\/div><\/div>\n\t\t  <style>\n\t\t    .fb-background-color {\n\t\t\t\tbackground:  !important;\n\t\t\t}\n\t\t\t.fb_iframe_widget_fluid_desktop iframe {\n\t\t\t    width: 100% !important;\n\t\t\t}\n\t\t  <\/style>\n\t\t  ","protected":false},"excerpt":{"rendered":"<p>Colima, M\u00e9xico, Avanzada (02\/02\/2025).- Este domingo 2 de febrero se prev\u00e9 un ambiente caluroso en el estado, con temperaturas m\u00e1ximas de hasta 40\u00b0C, inform\u00f3 el Servicio Meteorol\u00f3gico Nacional. Durante la ma\u00f1ana, las costas de la entidad registrar\u00e1n un clima templado, mientras que en el transcurso del d\u00eda el calor ir\u00e1 en aumento, especialmente en la [&hellip;]<\/p>\n","protected":false},"author":7,"featured_media":74038,"comment_status":"closed","ping_status":"closed","sticky":false,"template":"","format":"standard","meta":{"_coblocks_attr":"","_coblocks_dimensions":"","_coblocks_responsive_height":"","_coblocks_accordion_ie_support":"","_crdt_document":"","advanced_seo_description":"","jetpack_seo_html_title":"","jetpack_seo_noindex":false,"_jetpack_memberships_contains_paid_content":false,"footnotes":""},"categories":[19,7],"tags":[],"class_list":["post-74039","post","type-post","status-publish","format-standard","has-post-thumbnail","hentry","category-colima","category-noticias"],"jetpack_featured_media_url":"https:\/\/diarioavanzada.com.mx\/wp-content\/uploads\/2025\/02\/img_6996-1.jpg","jetpack-related-posts":[],"jetpack_sharing_enabled":true,"amp_enabled":true,"_links":{"self":[{"href":"https:\/\/diarioavanzada.com.mx\/index.php?rest_route=\/wp\/v2\/posts\/74039","targetHints":{"allow":["GET"]}}],"collection":[{"href":"https:\/\/diarioavanzada.com.mx\/index.php?rest_route=\/wp\/v2\/posts"}],"about":[{"href":"https:\/\/diarioavanzada.com.mx\/index.php?rest_route=\/wp\/v2\/types\/post"}],"author":[{"embeddable":true,"href":"https:\/\/diarioavanzada.com.mx\/index.php?rest_route=\/wp\/v2\/users\/7"}],"replies":[{"embeddable":true,"href":"https:\/\/diarioavanzada.com.mx\/index.php?rest_route=%2Fwp%2Fv2%2Fcomments&post=74039"}],"version-history":[{"count":0,"href":"https:\/\/diarioavanzada.com.mx\/index.php?rest_route=\/wp\/v2\/posts\/74039\/revisions"}],"wp:featuredmedia":[{"embeddable":true,"href":"https:\/\/diarioavanzada.com.mx\/index.php?rest_route=\/wp\/v2\/media\/74038"}],"wp:attachment":[{"href":"https:\/\/diarioavanzada.com.mx\/index.php?rest_route=%2Fwp%2Fv2%2Fmedia&parent=74039"}],"wp:term":[{"taxonomy":"category","embeddable":true,"href":"https:\/\/diarioavanzada.com.mx\/index.php?rest_route=%2Fwp%2Fv2%2Fcategories&post=74039"},{"taxonomy":"post_tag","embeddable":true,"href":"https:\/\/diarioavanzada.com.mx\/index.php?rest_route=%2Fwp%2Fv2%2Ftags&post=74039"}],"curies":[{"name":"wp","href":"https:\/\/api.w.org\/{rel}","templated":true}]}}