{"id":74027,"date":"2025-02-02T07:49:48","date_gmt":"2025-02-02T13:49:48","guid":{"rendered":"https:\/\/diarioavanzada.com.mx\/?p=74027"},"modified":"2025-02-02T07:51:26","modified_gmt":"2025-02-02T13:51:26","slug":"asesinan-a-balazos-al-primer-regidor-de-texcoco-hay-nueve-detenidos","status":"publish","type":"post","link":"https:\/\/diarioavanzada.com.mx\/?p=74027","title":{"rendered":"Asesinan a balazos al primer regidor de Texcoco; hay nueve detenidos"},"content":{"rendered":"\n<p class=\"p1 wp-block-paragraph\">Texcoco, Estado de M\u00e9xico, Avanzada (02\/02\/2025).- Erick Galicia Ortiz, primer regidor del Ayuntamiento de Texcoco, fue asesinado a balazos mientras viajaba en su camioneta.<\/p>\n\n\n\n<p class=\"p1 wp-block-paragraph\">Tras labores de investigaci\u00f3n, la Secretar\u00eda de Seguridad del Estado de M\u00e9xico, en coordinaci\u00f3n con la Fiscal\u00eda General de Justicia estatal y la Polic\u00eda Municipal de Texcoco, logr\u00f3 la detenci\u00f3n de ocho hombres y un menor de edad, quienes podr\u00edan estar relacionados con el homicidio.<\/p>\n\n\n\n<p class=\"p1 wp-block-paragraph\">Durante la intervenci\u00f3n, las autoridades aseguraron cuatro veh\u00edculos. Los detenidos fueron puestos a disposici\u00f3n de la Fiscal\u00eda para continuar con las indagatorias y determinar su situaci\u00f3n jur\u00eddica.<\/p>\n\n\n\n<figure class=\"wp-block-image size-large\"><img loading=\"lazy\" decoding=\"async\" width=\"996\" height=\"1024\" src=\"https:\/\/diarioavanzada.com.mx\/wp-content\/uploads\/2025\/02\/img_4633-1-996x1024.jpg\" class=\"wp-image-74028\" srcset=\"https:\/\/diarioavanzada.com.mx\/wp-content\/uploads\/2025\/02\/img_4633-1-996x1024.jpg 996w, https:\/\/diarioavanzada.com.mx\/wp-content\/uploads\/2025\/02\/img_4633-1-292x300.jpg 292w, https:\/\/diarioavanzada.com.mx\/wp-content\/uploads\/2025\/02\/img_4633-1-768x790.jpg 768w, https:\/\/diarioavanzada.com.mx\/wp-content\/uploads\/2025\/02\/img_4633-1-1494x1536.jpg 1494w, https:\/\/diarioavanzada.com.mx\/wp-content\/uploads\/2025\/02\/img_4633-1.jpg 1556w\" sizes=\"auto, (max-width: 996px) 100vw, 996px\" \/><\/figure>\n<div class=\"fb-background-color\">\n\t\t\t  <div \n\t\t\t  \tclass = \"fb-comments\" \n\t\t\t  \tdata-href = \"https:\/\/diarioavanzada.com.mx\/?p=74027\"\n\t\t\t  \tdata-numposts = \"10\"\n\t\t\t  \tdata-lazy = \"true\"\n\t\t\t\tdata-colorscheme = \"light\"\n\t\t\t\tdata-order-by = \"social\"\n\t\t\t\tdata-mobile=true>\n\t\t\t  <\/div><\/div>\n\t\t  <style>\n\t\t    .fb-background-color {\n\t\t\t\tbackground:  !important;\n\t\t\t}\n\t\t\t.fb_iframe_widget_fluid_desktop iframe {\n\t\t\t    width: 100% !important;\n\t\t\t}\n\t\t  <\/style>\n\t\t  ","protected":false},"excerpt":{"rendered":"<p>Texcoco, Estado de M\u00e9xico, Avanzada (02\/02\/2025).- Erick Galicia Ortiz, primer regidor del Ayuntamiento de Texcoco, fue asesinado a balazos mientras viajaba en su camioneta. Tras labores de investigaci\u00f3n, la Secretar\u00eda de Seguridad del Estado de M\u00e9xico, en coordinaci\u00f3n con la Fiscal\u00eda General de Justicia estatal y la Polic\u00eda Municipal de Texcoco, logr\u00f3 la detenci\u00f3n de [&hellip;]<\/p>\n","protected":false},"author":7,"featured_media":74031,"comment_status":"closed","ping_status":"closed","sticky":false,"template":"","format":"standard","meta":{"_coblocks_attr":"","_coblocks_dimensions":"","_coblocks_responsive_height":"","_coblocks_accordion_ie_support":"","_crdt_document":"","advanced_seo_description":"","jetpack_seo_html_title":"","jetpack_seo_noindex":false,"_jetpack_memberships_contains_paid_content":false,"footnotes":""},"categories":[22,7,231],"tags":[],"class_list":["post-74027","post","type-post","status-publish","format-standard","has-post-thumbnail","hentry","category-nacion","category-noticias","category-seguridad"],"jetpack_featured_media_url":"https:\/\/diarioavanzada.com.mx\/wp-content\/uploads\/2025\/02\/img_4630-2-1.jpg","jetpack-related-posts":[],"jetpack_sharing_enabled":true,"amp_enabled":true,"_links":{"self":[{"href":"https:\/\/diarioavanzada.com.mx\/index.php?rest_route=\/wp\/v2\/posts\/74027","targetHints":{"allow":["GET"]}}],"collection":[{"href":"https:\/\/diarioavanzada.com.mx\/index.php?rest_route=\/wp\/v2\/posts"}],"about":[{"href":"https:\/\/diarioavanzada.com.mx\/index.php?rest_route=\/wp\/v2\/types\/post"}],"author":[{"embeddable":true,"href":"https:\/\/diarioavanzada.com.mx\/index.php?rest_route=\/wp\/v2\/users\/7"}],"replies":[{"embeddable":true,"href":"https:\/\/diarioavanzada.com.mx\/index.php?rest_route=%2Fwp%2Fv2%2Fcomments&post=74027"}],"version-history":[{"count":1,"href":"https:\/\/diarioavanzada.com.mx\/index.php?rest_route=\/wp\/v2\/posts\/74027\/revisions"}],"predecessor-version":[{"id":74030,"href":"https:\/\/diarioavanzada.com.mx\/index.php?rest_route=\/wp\/v2\/posts\/74027\/revisions\/74030"}],"wp:featuredmedia":[{"embeddable":true,"href":"https:\/\/diarioavanzada.com.mx\/index.php?rest_route=\/wp\/v2\/media\/74031"}],"wp:attachment":[{"href":"https:\/\/diarioavanzada.com.mx\/index.php?rest_route=%2Fwp%2Fv2%2Fmedia&parent=74027"}],"wp:term":[{"taxonomy":"category","embeddable":true,"href":"https:\/\/diarioavanzada.com.mx\/index.php?rest_route=%2Fwp%2Fv2%2Fcategories&post=74027"},{"taxonomy":"post_tag","embeddable":true,"href":"https:\/\/diarioavanzada.com.mx\/index.php?rest_route=%2Fwp%2Fv2%2Ftags&post=74027"}],"curies":[{"name":"wp","href":"https:\/\/api.w.org\/{rel}","templated":true}]}}