{"id":73958,"date":"2025-02-01T17:20:47","date_gmt":"2025-02-01T23:20:47","guid":{"rendered":"https:\/\/diarioavanzada.com.mx\/?p=73958"},"modified":"2025-02-01T17:22:00","modified_gmt":"2025-02-01T23:22:00","slug":"rinde-protesta-rector-christian-torres-ortiz-para-segundo-periodo-al-frente-de-la-udec","status":"publish","type":"post","link":"https:\/\/diarioavanzada.com.mx\/?p=73958","title":{"rendered":"Rinde protesta el Rector Christian Torres Ortiz para segundo periodo al frente de la UdeC"},"content":{"rendered":"\n<p class=\"wp-block-paragraph\"><em><a href=\"\">\u201cNo podr\u00edamos explicar el desarrollo, la evoluci\u00f3n de nuestro Estado sin la presencia fundamental de la Universidad de Colima\u201d<\/a>. Mario Delgado, secretario de la SEP.<\/em><\/p>\n\n\n\n<p class=\"wp-block-paragraph\"><em>\u201cAsumo este honor con responsabilidad, compromiso y con la certeza de que juntos podemos alcanzar metas a\u00fan m\u00e1s grandes\u201d: Rector.<\/em><\/p>\n\n\n\n<p class=\"wp-block-paragraph\">Colima, M\u00e9xico, Comunicado (01\/02\/2025).- Este s\u00e1bado, Christian Jorge Torres Ortiz Zerme\u00f1o rindi\u00f3 protesta como rector de la Universidad de Colima para un segundo periodo (2025-2029), en cumplimiento de la fracci\u00f3n primera del Art\u00edculo 28 de la Ley Org\u00e1nica y del art\u00edculo 19 del Reglamento Interior del Consejo Universitario, m\u00e1ximo \u00f3rgano de gobierno de esta casa de estudio. La ceremonia, celebrada en el Teatro Universitario y transmitida por los medios oficiales de la instituci\u00f3n, cont\u00f3 con la presencia de autoridades educativas, funcionarios p\u00fablicos y representantes de la comunidad universitaria.<\/p>\n\n\n\n<p class=\"wp-block-paragraph\">Durante su discurso, el rector present\u00f3 el <strong>Programa de Gobierno Universitario<\/strong> para los pr\u00f3ximos cuatro a\u00f1os, estructurado en cuatro ejes estrat\u00e9gicos: Educaci\u00f3n humanista y pertinente, Investigaci\u00f3n para la formaci\u00f3n y desarrollo, Extensi\u00f3n universitaria para el bienestar com\u00fan y Gobernanza Institucional. Adem\u00e1s, el programa se complementa con cinco ejes transversales: Universidad Digital, Internacionalizaci\u00f3n solidaria, Cultura de paz, Igualdad de G\u00e9nero y Sostenibilidad y medio ambiente.<\/p>\n\n\n\n<p class=\"wp-block-paragraph\">Entre los invitados especiales destacaron Mario Delgado Carrillo, secretario de Educaci\u00f3n P\u00fablica de M\u00e9xico; Carmen Rodr\u00edguez Armenta, subsecretaria de Educaci\u00f3n Superior; Luis Armando Gonz\u00e1lez, secretario general ejecutivo de la ANUIES, y Alberto Eloy Garc\u00eda Alcaraz, secretario general de Gobierno, en representaci\u00f3n de la gobernadora Indira Vizca\u00edno Silva. Tambi\u00e9n asistieron exrectores, l\u00edderes universitarios, funcionarios federales y estatales, as\u00ed como titulares de instituciones de educaci\u00f3n superior.<\/p>\n\n\n\n<p class=\"wp-block-paragraph\"><strong>Compromiso con la educaci\u00f3n y el desarrollo social<\/strong><\/p>\n\n\n\n<p class=\"wp-block-paragraph\">Al asumir su segundo periodo, el rector destac\u00f3 los logros alcanzados durante su primera gesti\u00f3n, entre los que resaltan el fortalecimiento de la educaci\u00f3n, la ampliaci\u00f3n de la oferta acad\u00e9mica presencial y digital, el impulso a proyectos cient\u00edficos de vanguardia y la atenci\u00f3n a desaf\u00edos urgentes como la gesti\u00f3n ambiental y la reforestaci\u00f3n comunitaria. \u201cAvanzamos en construir una universidad m\u00e1s equitativa, sostenible y pertinente para el desarrollo social\u201d, afirm\u00f3.<\/p>\n\n\n\n<p class=\"wp-block-paragraph\">Subray\u00f3 que las instituciones educativas est\u00e1n llamadas a generar cambios sociales que mejoren la calidad de vida de las y los mexicanos, ofreciendo una educaci\u00f3n integral y un conocimiento cient\u00edfico relevante. En este sentido, el Programa de Gobierno Universitario busca responder a ese llamado, reafirmando el compromiso de la Universidad de Colima con una educaci\u00f3n accesible, equitativa y en sinergia con el Estado y la sociedad.<\/p>\n\n\n\n<p class=\"wp-block-paragraph\"><strong>Detalles del Programa de Gobierno Universitario<\/strong><\/p>\n\n\n\n<p class=\"wp-block-paragraph\">Educaci\u00f3n humanista y pertinente: Se impulsar\u00e1 una formaci\u00f3n integral a trav\u00e9s de planes de estudio flexibles, diversas modalidades de aprendizaje y un sistema de acompa\u00f1amiento que facilite las trayectorias escolares. Adem\u00e1s, se fortalecer\u00e1 el perfil docente y se mejorar\u00e1n los servicios universitarios.<\/p>\n\n\n\n<p class=\"wp-block-paragraph\">Investigaci\u00f3n para la formaci\u00f3n y desarrollo: Se priorizar\u00e1 la atenci\u00f3n de problemas regionales, nacionales e internacionales, fomentando el bienestar com\u00fan y el desarrollo sostenible. Tambi\u00e9n se promover\u00e1 la ciencia b\u00e1sica, el pensamiento cr\u00edtico y la innovaci\u00f3n.<\/p>\n\n\n\n<p class=\"wp-block-paragraph\">Extensi\u00f3n universitaria para el bienestar com\u00fan: La universidad buscar\u00e1 consolidarse como un referente en proyectos de desarrollo econ\u00f3mico, social, ambiental y tecnol\u00f3gico, vinculando el conocimiento con las necesidades del entorno.<\/p>\n\n\n\n<p class=\"wp-block-paragraph\">Gobernanza Institucional: Se avanzar\u00e1 hacia un modelo de gesti\u00f3n participativo e innovador, basado en la transparencia y la rendici\u00f3n de cuentas, con el objetivo de consolidar una universidad horizontal y colaborativa.<\/p>\n\n\n\n<p class=\"wp-block-paragraph\"><strong>Ejes transversales<\/strong><\/p>\n\n\n\n<p class=\"wp-block-paragraph\">La Universidad ampliar\u00e1 la oferta de programas educativos en l\u00ednea, fomentar\u00e1 la cooperaci\u00f3n entre instituciones educativas para promover el pensamiento cr\u00edtico y apoyar a los sectores m\u00e1s vulnerables; se consolidar\u00e1 como un espacio seguro, inclusivo y equitativo, promoviendo el di\u00e1logo y la acci\u00f3n colectiva; trabajar\u00e1 en reducir las brechas de inequidad en los programas educativos, promover\u00e1 el acceso y la permanencia igualitarios ser\u00e1 un referente en neutralidad clim\u00e1tica y gesti\u00f3n sostenible.<\/p>\n\n\n\n<p class=\"wp-block-paragraph\"><strong>Mensaje del rector<\/strong><\/p>\n\n\n\n<p class=\"wp-block-paragraph\">\u201cAl secretario de Educaci\u00f3n P\u00fablica de M\u00e9xico, le digo que reafirmamos nuestro compromiso con la educaci\u00f3n de excelencia, humanista y transformadora para contribuir al desarrollo de la comunidad. Esta visi\u00f3n se asocia con las pol\u00edticas de la Nueva Escuela Mexicana y las directrices propuestas en el Plan M\u00e9xico, recientemente presentado por la presidenta Claudia Sheinbaum Pardo\u201d.&nbsp;<\/p>\n\n\n\n<p class=\"wp-block-paragraph\">Al secretario general ejecutivo de la ANUIES, Luis Armando Gonz\u00e1lez, le dijo que \u201cen esta casa de estudios trabajamos con pluralidad y entusiasmo democr\u00e1tico al lado de las universidades y las instituciones de educaci\u00f3n superior, para instrumentar las pol\u00edticas que garanticen que la educaci\u00f3n superior sea la gran herramienta de transformaci\u00f3n de la vida de las y los mexicanos\u201d.<\/p>\n\n\n\n<p class=\"wp-block-paragraph\">La propuesta del Programa de Gobierno Universitario, agreg\u00f3 el rector, \u201ctambi\u00e9n es un compromiso con el Gobierno del Estado, con quien sostenemos una relaci\u00f3n arm\u00f3nica a favor de la educaci\u00f3n. Alianza que debemos fortalecer en los siguientes a\u00f1os para que la Universidad siga siendo motivo de orgullo de los colimenses\u201d.<\/p>\n\n\n\n<p class=\"wp-block-paragraph\">Finalmente, agradeci\u00f3 a las y los universitarios \u201cla confianza depositada en m\u00ed para conducir un segundo periodo rectoral. Asumo este honor con responsabilidad, compromiso y con la certeza de que juntos podemos alcanzar metas a\u00fan m\u00e1s grandes\u201d.<\/p>\n\n\n\n<p class=\"wp-block-paragraph\"><strong>Reconocimientos y compromisos<\/strong><\/p>\n\n\n\n<p class=\"wp-block-paragraph\">El secretario de Educaci\u00f3n P\u00fablica, Mario Delgado, reconoci\u00f3 a la Universidad de Colima como un pilar esencial en la transformaci\u00f3n del estado y felicit\u00f3 al rector por su reelecci\u00f3n. Destac\u00f3 la coincidencia del programa presentado con los objetivos de la Nueva Escuela Mexicana y la visi\u00f3n de la presidenta Claudia Sheinbaum. \u201cNo podr\u00edamos explicar el desarrollo y la evoluci\u00f3n de nuestro Estado sin la presencia fundamental de la Universidad de Colima, que seguir\u00e1 siendo un motor de transformaci\u00f3n para el estado y M\u00e9xico\u201d.<\/p>\n\n\n\n<p class=\"wp-block-paragraph\">Delgado Carrillo plante\u00f3 el reto de posicionar a Colima entre los cuatro primeros lugares a nivel nacional en educaci\u00f3n media superior y anunci\u00f3 un incremento del 1% en el financiamiento estatal para la Universidad.<\/p>\n\n\n\n<p class=\"wp-block-paragraph\">Delgado Carrillo destac\u00f3 que la UdeC no solo se adapta a la era digital, sino que la lidera, al ser un ejemplo de innovaci\u00f3n y compromiso social. \u201cApoyar a la Universidad de Colima es fortalecer la docencia, la investigaci\u00f3n y la cultura; es sembrar las ideas que transformar\u00e1n al estado. Aqu\u00ed no solo se siembran ideas, sino tambi\u00e9n \u00e1rboles en favor de nuestro medio ambiente, que es una extraordinaria iniciativa que tenemos que celebrar\u201d.<\/p>\n\n\n\n<p class=\"wp-block-paragraph\">Antes de concluir, Delgado Carrillo subray\u00f3 la importancia de que la Universidad de Colima participe en proyectos estrat\u00e9gicos, como la ampliaci\u00f3n del puerto de Manzanillo, para asegurar que los y las j\u00f3venes se vinculen con el desarrollo econ\u00f3mico del Estado y que los beneficios se queden en la regi\u00f3n.<\/p>\n\n\n\n<p class=\"wp-block-paragraph\">La educaci\u00f3n, asegur\u00f3 por \u00faltimo, \u201ces un derecho, no un privilegio ni una mercanc\u00eda. Sigamos adelante con visi\u00f3n, pasi\u00f3n y la certeza de que la educaci\u00f3n es el camino para transformar a Colima y a M\u00e9xico\u201d.<\/p>\n\n\n\n<p class=\"wp-block-paragraph\">Luis Armando Gonz\u00e1lez, secretario de la ANUIES, destac\u00f3 el liderazgo de la UdeC en \u00e1mbitos como la internacionalizaci\u00f3n, la transparencia y la innovaci\u00f3n educativa. \u201cEs un plan ambicioso el que present\u00f3 ahora el rector, pero no m\u00e1s grande que el potencial de esta comunidad universitaria\u201d, afirm\u00f3.<\/p>\n\n\n\n<p class=\"wp-block-paragraph\">Asimismo, destac\u00f3 la firma de un convenio reciente para impulsar \u00e1reas estrat\u00e9gicas como semiconductores, ciberseguridad, electromovilidad, ciencia de datos e inteligencia artificial. Este acuerdo, mencionado por el rector en d\u00edas pasados, subraya el papel de la universidad en la vanguardia tecnol\u00f3gica y educativa.<\/p>\n\n\n\n<p class=\"wp-block-paragraph\">En el \u00e1mbito de la transparencia y rendici\u00f3n de cuentas, el secretario de la ANUIES resalt\u00f3 que la Universidad de Colima fue reconocida como un ejemplo a seguir, \u201cgracias a sus finanzas sanas y su compromiso con la integridad\u201d. Para concluir, expres\u00f3 su confianza en el futuro de la UdeC, destacando el trabajo conjunto del rector, Christian Ortiz Zerme\u00f1o y su equipo.<\/p>\n\n\n\n<p class=\"wp-block-paragraph\">Finalmente, Alberto Eloy Garc\u00eda Alcaraz, secretario general de Gobierno, reiter\u00f3 el compromiso del Gobierno de Colima con la universidad y su rector. \u201cEstamos convencidos de que este periodo estar\u00e1 marcado por la innovaci\u00f3n y la eficiencia en la pol\u00edtica educativa, la investigaci\u00f3n cient\u00edfica y el desarrollo cultural\u201d, se\u00f1al\u00f3.<\/p>\n\n\n\n<p class=\"wp-block-paragraph\">Las universidades, afirm\u00f3, \u201cno son solo semilleros de futuros profesionistas, son la puerta de entrada para la formaci\u00f3n de hombres y mujeres de pensamiento libre, aut\u00e9nticos liberales y dem\u00f3cratas consumados\u201d. Subray\u00f3 adem\u00e1s que, desde el Gobierno del Estado, se asume con absoluta responsabilidad el papel determinante que la UdeC tiene en el desarrollo integral de la sociedad, especialmente en la formaci\u00f3n de las juventudes estudiosas. \u201cEs un hecho que la estabilidad, certidumbre y armon\u00eda que se vive al interior de la Universidad de Colima son un ejemplo a seguir\u201d.<\/p>\n\n\n\n<p class=\"wp-block-paragraph\">Finalmente, Garc\u00eda Alcaraz destac\u00f3 que la academia, la investigaci\u00f3n y la docencia deben ser los ejes rectores que marquen la br\u00fajula de este segundo periodo rectoral, asegurando que la Universidad de Colima seguir\u00e1 siendo un pilar fundamental para el progreso y desarrollo de la entidad.<\/p>\n\n\n\n<figure class=\"wp-block-image size-large\"><img loading=\"lazy\" decoding=\"async\" width=\"1024\" height=\"682\" src=\"https:\/\/diarioavanzada.com.mx\/wp-content\/uploads\/2025\/02\/Christian-Torres-Ortiz-rinde-protesta-como-rector-de-la-UdeC-para-un-2do-periodo_c-1024x682.jpg\" alt=\"\" class=\"wp-image-73960\" srcset=\"https:\/\/diarioavanzada.com.mx\/wp-content\/uploads\/2025\/02\/Christian-Torres-Ortiz-rinde-protesta-como-rector-de-la-UdeC-para-un-2do-periodo_c-1024x682.jpg 1024w, https:\/\/diarioavanzada.com.mx\/wp-content\/uploads\/2025\/02\/Christian-Torres-Ortiz-rinde-protesta-como-rector-de-la-UdeC-para-un-2do-periodo_c-300x200.jpg 300w, https:\/\/diarioavanzada.com.mx\/wp-content\/uploads\/2025\/02\/Christian-Torres-Ortiz-rinde-protesta-como-rector-de-la-UdeC-para-un-2do-periodo_c-768x512.jpg 768w, https:\/\/diarioavanzada.com.mx\/wp-content\/uploads\/2025\/02\/Christian-Torres-Ortiz-rinde-protesta-como-rector-de-la-UdeC-para-un-2do-periodo_c-1200x799.jpg 1200w, https:\/\/diarioavanzada.com.mx\/wp-content\/uploads\/2025\/02\/Christian-Torres-Ortiz-rinde-protesta-como-rector-de-la-UdeC-para-un-2do-periodo_c.jpg 1225w\" sizes=\"auto, (max-width: 1024px) 100vw, 1024px\" \/><\/figure>\n\n\n\n<figure class=\"wp-block-image size-large\"><img loading=\"lazy\" decoding=\"async\" width=\"1024\" height=\"682\" src=\"https:\/\/diarioavanzada.com.mx\/wp-content\/uploads\/2025\/02\/Christian-Torres-Ortiz-rinde-protesta-como-rector-de-la-UdeC-para-un-2do-periodo_b-1024x682.jpg\" alt=\"\" class=\"wp-image-73961\" srcset=\"https:\/\/diarioavanzada.com.mx\/wp-content\/uploads\/2025\/02\/Christian-Torres-Ortiz-rinde-protesta-como-rector-de-la-UdeC-para-un-2do-periodo_b-1024x682.jpg 1024w, https:\/\/diarioavanzada.com.mx\/wp-content\/uploads\/2025\/02\/Christian-Torres-Ortiz-rinde-protesta-como-rector-de-la-UdeC-para-un-2do-periodo_b-300x200.jpg 300w, https:\/\/diarioavanzada.com.mx\/wp-content\/uploads\/2025\/02\/Christian-Torres-Ortiz-rinde-protesta-como-rector-de-la-UdeC-para-un-2do-periodo_b-768x512.jpg 768w, https:\/\/diarioavanzada.com.mx\/wp-content\/uploads\/2025\/02\/Christian-Torres-Ortiz-rinde-protesta-como-rector-de-la-UdeC-para-un-2do-periodo_b-1200x799.jpg 1200w, https:\/\/diarioavanzada.com.mx\/wp-content\/uploads\/2025\/02\/Christian-Torres-Ortiz-rinde-protesta-como-rector-de-la-UdeC-para-un-2do-periodo_b.jpg 1225w\" sizes=\"auto, (max-width: 1024px) 100vw, 1024px\" \/><\/figure>\n\n\n\n<figure class=\"wp-block-image size-large\"><img loading=\"lazy\" decoding=\"async\" width=\"1024\" height=\"682\" src=\"https:\/\/diarioavanzada.com.mx\/wp-content\/uploads\/2025\/02\/Christian-Torres-Ortiz-rinde-protesta-como-rector-de-la-UdeC-para-un-2do-periodo_Eloy-1024x682.jpg\" alt=\"\" class=\"wp-image-73963\" srcset=\"https:\/\/diarioavanzada.com.mx\/wp-content\/uploads\/2025\/02\/Christian-Torres-Ortiz-rinde-protesta-como-rector-de-la-UdeC-para-un-2do-periodo_Eloy-1024x682.jpg 1024w, https:\/\/diarioavanzada.com.mx\/wp-content\/uploads\/2025\/02\/Christian-Torres-Ortiz-rinde-protesta-como-rector-de-la-UdeC-para-un-2do-periodo_Eloy-300x200.jpg 300w, https:\/\/diarioavanzada.com.mx\/wp-content\/uploads\/2025\/02\/Christian-Torres-Ortiz-rinde-protesta-como-rector-de-la-UdeC-para-un-2do-periodo_Eloy-768x512.jpg 768w, https:\/\/diarioavanzada.com.mx\/wp-content\/uploads\/2025\/02\/Christian-Torres-Ortiz-rinde-protesta-como-rector-de-la-UdeC-para-un-2do-periodo_Eloy-1200x799.jpg 1200w, https:\/\/diarioavanzada.com.mx\/wp-content\/uploads\/2025\/02\/Christian-Torres-Ortiz-rinde-protesta-como-rector-de-la-UdeC-para-un-2do-periodo_Eloy.jpg 1225w\" sizes=\"auto, (max-width: 1024px) 100vw, 1024px\" \/><\/figure>\n\n\n\n<figure class=\"wp-block-image size-large\"><img loading=\"lazy\" decoding=\"async\" width=\"1024\" height=\"682\" src=\"https:\/\/diarioavanzada.com.mx\/wp-content\/uploads\/2025\/02\/Christian-Torres-Ortiz-rinde-protesta-como-rector-de-la-UdeC-para-un-2do-periodo_d-1024x682.jpg\" alt=\"\" class=\"wp-image-73964\" srcset=\"https:\/\/diarioavanzada.com.mx\/wp-content\/uploads\/2025\/02\/Christian-Torres-Ortiz-rinde-protesta-como-rector-de-la-UdeC-para-un-2do-periodo_d-1024x682.jpg 1024w, https:\/\/diarioavanzada.com.mx\/wp-content\/uploads\/2025\/02\/Christian-Torres-Ortiz-rinde-protesta-como-rector-de-la-UdeC-para-un-2do-periodo_d-300x200.jpg 300w, https:\/\/diarioavanzada.com.mx\/wp-content\/uploads\/2025\/02\/Christian-Torres-Ortiz-rinde-protesta-como-rector-de-la-UdeC-para-un-2do-periodo_d-768x512.jpg 768w, https:\/\/diarioavanzada.com.mx\/wp-content\/uploads\/2025\/02\/Christian-Torres-Ortiz-rinde-protesta-como-rector-de-la-UdeC-para-un-2do-periodo_d-1200x799.jpg 1200w, https:\/\/diarioavanzada.com.mx\/wp-content\/uploads\/2025\/02\/Christian-Torres-Ortiz-rinde-protesta-como-rector-de-la-UdeC-para-un-2do-periodo_d.jpg 1225w\" sizes=\"auto, (max-width: 1024px) 100vw, 1024px\" \/><\/figure>\n\n\n\n<figure class=\"wp-block-image size-large\"><img loading=\"lazy\" decoding=\"async\" width=\"1024\" height=\"682\" src=\"https:\/\/diarioavanzada.com.mx\/wp-content\/uploads\/2025\/02\/Christian-Torres-Ortiz-rinde-protesta-como-rector-de-la-UdeC-para-un-2do-periodo_e-1024x682.jpg\" alt=\"\" class=\"wp-image-73965\" srcset=\"https:\/\/diarioavanzada.com.mx\/wp-content\/uploads\/2025\/02\/Christian-Torres-Ortiz-rinde-protesta-como-rector-de-la-UdeC-para-un-2do-periodo_e-1024x682.jpg 1024w, https:\/\/diarioavanzada.com.mx\/wp-content\/uploads\/2025\/02\/Christian-Torres-Ortiz-rinde-protesta-como-rector-de-la-UdeC-para-un-2do-periodo_e-300x200.jpg 300w, https:\/\/diarioavanzada.com.mx\/wp-content\/uploads\/2025\/02\/Christian-Torres-Ortiz-rinde-protesta-como-rector-de-la-UdeC-para-un-2do-periodo_e-768x512.jpg 768w, https:\/\/diarioavanzada.com.mx\/wp-content\/uploads\/2025\/02\/Christian-Torres-Ortiz-rinde-protesta-como-rector-de-la-UdeC-para-un-2do-periodo_e-1200x799.jpg 1200w, https:\/\/diarioavanzada.com.mx\/wp-content\/uploads\/2025\/02\/Christian-Torres-Ortiz-rinde-protesta-como-rector-de-la-UdeC-para-un-2do-periodo_e.jpg 1225w\" sizes=\"auto, (max-width: 1024px) 100vw, 1024px\" \/><\/figure>\n\n\n\n<figure class=\"wp-block-image size-large\"><img loading=\"lazy\" decoding=\"async\" width=\"1024\" height=\"683\" src=\"https:\/\/diarioavanzada.com.mx\/wp-content\/uploads\/2025\/02\/Christian-Torres-Ortiz-rinde-protesta-como-rector-de-la-UdeC-para-un-2do-periodo_g-1024x683.jpg\" alt=\"\" class=\"wp-image-73967\" srcset=\"https:\/\/diarioavanzada.com.mx\/wp-content\/uploads\/2025\/02\/Christian-Torres-Ortiz-rinde-protesta-como-rector-de-la-UdeC-para-un-2do-periodo_g-1024x683.jpg 1024w, https:\/\/diarioavanzada.com.mx\/wp-content\/uploads\/2025\/02\/Christian-Torres-Ortiz-rinde-protesta-como-rector-de-la-UdeC-para-un-2do-periodo_g-300x200.jpg 300w, https:\/\/diarioavanzada.com.mx\/wp-content\/uploads\/2025\/02\/Christian-Torres-Ortiz-rinde-protesta-como-rector-de-la-UdeC-para-un-2do-periodo_g-768x512.jpg 768w, https:\/\/diarioavanzada.com.mx\/wp-content\/uploads\/2025\/02\/Christian-Torres-Ortiz-rinde-protesta-como-rector-de-la-UdeC-para-un-2do-periodo_g-1200x800.jpg 1200w, https:\/\/diarioavanzada.com.mx\/wp-content\/uploads\/2025\/02\/Christian-Torres-Ortiz-rinde-protesta-como-rector-de-la-UdeC-para-un-2do-periodo_g.jpg 1224w\" sizes=\"auto, (max-width: 1024px) 100vw, 1024px\" \/><\/figure>\n\n\n\n<figure class=\"wp-block-image size-large\"><img loading=\"lazy\" decoding=\"async\" width=\"1024\" height=\"683\" src=\"https:\/\/diarioavanzada.com.mx\/wp-content\/uploads\/2025\/02\/Christian-Torres-Ortiz-rinde-protesta-como-rector-de-la-UdeC-para-un-2do-periodo_k-1024x683.jpg\" alt=\"\" class=\"wp-image-73968\" srcset=\"https:\/\/diarioavanzada.com.mx\/wp-content\/uploads\/2025\/02\/Christian-Torres-Ortiz-rinde-protesta-como-rector-de-la-UdeC-para-un-2do-periodo_k-1024x683.jpg 1024w, https:\/\/diarioavanzada.com.mx\/wp-content\/uploads\/2025\/02\/Christian-Torres-Ortiz-rinde-protesta-como-rector-de-la-UdeC-para-un-2do-periodo_k-300x200.jpg 300w, https:\/\/diarioavanzada.com.mx\/wp-content\/uploads\/2025\/02\/Christian-Torres-Ortiz-rinde-protesta-como-rector-de-la-UdeC-para-un-2do-periodo_k-768x512.jpg 768w, https:\/\/diarioavanzada.com.mx\/wp-content\/uploads\/2025\/02\/Christian-Torres-Ortiz-rinde-protesta-como-rector-de-la-UdeC-para-un-2do-periodo_k-1200x800.jpg 1200w, https:\/\/diarioavanzada.com.mx\/wp-content\/uploads\/2025\/02\/Christian-Torres-Ortiz-rinde-protesta-como-rector-de-la-UdeC-para-un-2do-periodo_k.jpg 1224w\" sizes=\"auto, (max-width: 1024px) 100vw, 1024px\" \/><\/figure>\n\n\n\n<figure class=\"wp-block-image size-large\"><img loading=\"lazy\" decoding=\"async\" width=\"1024\" height=\"695\" src=\"https:\/\/diarioavanzada.com.mx\/wp-content\/uploads\/2025\/02\/Christian-Torres-Ortiz-rinde-protesta-como-rector-de-la-UdeC-para-un-2do-periodo_j-1024x695.jpg\" alt=\"\" class=\"wp-image-73969\" srcset=\"https:\/\/diarioavanzada.com.mx\/wp-content\/uploads\/2025\/02\/Christian-Torres-Ortiz-rinde-protesta-como-rector-de-la-UdeC-para-un-2do-periodo_j-1024x695.jpg 1024w, https:\/\/diarioavanzada.com.mx\/wp-content\/uploads\/2025\/02\/Christian-Torres-Ortiz-rinde-protesta-como-rector-de-la-UdeC-para-un-2do-periodo_j-300x204.jpg 300w, https:\/\/diarioavanzada.com.mx\/wp-content\/uploads\/2025\/02\/Christian-Torres-Ortiz-rinde-protesta-como-rector-de-la-UdeC-para-un-2do-periodo_j-768x521.jpg 768w, https:\/\/diarioavanzada.com.mx\/wp-content\/uploads\/2025\/02\/Christian-Torres-Ortiz-rinde-protesta-como-rector-de-la-UdeC-para-un-2do-periodo_j-1200x814.jpg 1200w, https:\/\/diarioavanzada.com.mx\/wp-content\/uploads\/2025\/02\/Christian-Torres-Ortiz-rinde-protesta-como-rector-de-la-UdeC-para-un-2do-periodo_j.jpg 1213w\" sizes=\"auto, (max-width: 1024px) 100vw, 1024px\" \/><\/figure>\n\n\n\n<figure class=\"wp-block-image size-large\"><img loading=\"lazy\" decoding=\"async\" width=\"1024\" height=\"683\" src=\"https:\/\/diarioavanzada.com.mx\/wp-content\/uploads\/2025\/02\/Christian-Torres-Ortiz-rinde-protesta-como-rector-de-la-UdeC-para-un-2do-periodo_i-1024x683.jpg\" alt=\"\" class=\"wp-image-73971\" srcset=\"https:\/\/diarioavanzada.com.mx\/wp-content\/uploads\/2025\/02\/Christian-Torres-Ortiz-rinde-protesta-como-rector-de-la-UdeC-para-un-2do-periodo_i-1024x683.jpg 1024w, https:\/\/diarioavanzada.com.mx\/wp-content\/uploads\/2025\/02\/Christian-Torres-Ortiz-rinde-protesta-como-rector-de-la-UdeC-para-un-2do-periodo_i-300x200.jpg 300w, https:\/\/diarioavanzada.com.mx\/wp-content\/uploads\/2025\/02\/Christian-Torres-Ortiz-rinde-protesta-como-rector-de-la-UdeC-para-un-2do-periodo_i-768x512.jpg 768w, https:\/\/diarioavanzada.com.mx\/wp-content\/uploads\/2025\/02\/Christian-Torres-Ortiz-rinde-protesta-como-rector-de-la-UdeC-para-un-2do-periodo_i-1200x800.jpg 1200w, https:\/\/diarioavanzada.com.mx\/wp-content\/uploads\/2025\/02\/Christian-Torres-Ortiz-rinde-protesta-como-rector-de-la-UdeC-para-un-2do-periodo_i.jpg 1224w\" sizes=\"auto, (max-width: 1024px) 100vw, 1024px\" \/><\/figure>\n\n\n\n<figure class=\"wp-block-image size-large\"><img loading=\"lazy\" decoding=\"async\" width=\"1024\" height=\"683\" src=\"https:\/\/diarioavanzada.com.mx\/wp-content\/uploads\/2025\/02\/Christian-Torres-Ortiz-rinde-protesta-como-rector-de-la-UdeC-para-un-2do-periodo_l-1024x683.jpg\" alt=\"\" class=\"wp-image-73972\" srcset=\"https:\/\/diarioavanzada.com.mx\/wp-content\/uploads\/2025\/02\/Christian-Torres-Ortiz-rinde-protesta-como-rector-de-la-UdeC-para-un-2do-periodo_l-1024x683.jpg 1024w, https:\/\/diarioavanzada.com.mx\/wp-content\/uploads\/2025\/02\/Christian-Torres-Ortiz-rinde-protesta-como-rector-de-la-UdeC-para-un-2do-periodo_l-300x200.jpg 300w, https:\/\/diarioavanzada.com.mx\/wp-content\/uploads\/2025\/02\/Christian-Torres-Ortiz-rinde-protesta-como-rector-de-la-UdeC-para-un-2do-periodo_l-768x512.jpg 768w, https:\/\/diarioavanzada.com.mx\/wp-content\/uploads\/2025\/02\/Christian-Torres-Ortiz-rinde-protesta-como-rector-de-la-UdeC-para-un-2do-periodo_l-1200x800.jpg 1200w, https:\/\/diarioavanzada.com.mx\/wp-content\/uploads\/2025\/02\/Christian-Torres-Ortiz-rinde-protesta-como-rector-de-la-UdeC-para-un-2do-periodo_l.jpg 1224w\" sizes=\"auto, (max-width: 1024px) 100vw, 1024px\" \/><\/figure>\n\n\n\n<figure class=\"wp-block-image size-large\"><img loading=\"lazy\" decoding=\"async\" width=\"1024\" height=\"683\" src=\"https:\/\/diarioavanzada.com.mx\/wp-content\/uploads\/2025\/02\/Christian-Torres-Ortiz-rinde-protesta-como-rector-de-la-UdeC-para-un-2do-periodo_n-1024x683.jpg\" alt=\"\" class=\"wp-image-73974\" srcset=\"https:\/\/diarioavanzada.com.mx\/wp-content\/uploads\/2025\/02\/Christian-Torres-Ortiz-rinde-protesta-como-rector-de-la-UdeC-para-un-2do-periodo_n-1024x683.jpg 1024w, https:\/\/diarioavanzada.com.mx\/wp-content\/uploads\/2025\/02\/Christian-Torres-Ortiz-rinde-protesta-como-rector-de-la-UdeC-para-un-2do-periodo_n-300x200.jpg 300w, https:\/\/diarioavanzada.com.mx\/wp-content\/uploads\/2025\/02\/Christian-Torres-Ortiz-rinde-protesta-como-rector-de-la-UdeC-para-un-2do-periodo_n-768x512.jpg 768w, https:\/\/diarioavanzada.com.mx\/wp-content\/uploads\/2025\/02\/Christian-Torres-Ortiz-rinde-protesta-como-rector-de-la-UdeC-para-un-2do-periodo_n-1200x800.jpg 1200w, https:\/\/diarioavanzada.com.mx\/wp-content\/uploads\/2025\/02\/Christian-Torres-Ortiz-rinde-protesta-como-rector-de-la-UdeC-para-un-2do-periodo_n.jpg 1224w\" sizes=\"auto, (max-width: 1024px) 100vw, 1024px\" \/><\/figure>\n\n\n\n<figure class=\"wp-block-image size-large\"><img loading=\"lazy\" decoding=\"async\" width=\"1024\" height=\"683\" src=\"https:\/\/diarioavanzada.com.mx\/wp-content\/uploads\/2025\/02\/Christian-Torres-Ortiz-rinde-protesta-como-rector-de-la-UdeC-para-un-2do-periodo_Rector_a-1024x683.jpg\" alt=\"\" class=\"wp-image-73975\" srcset=\"https:\/\/diarioavanzada.com.mx\/wp-content\/uploads\/2025\/02\/Christian-Torres-Ortiz-rinde-protesta-como-rector-de-la-UdeC-para-un-2do-periodo_Rector_a-1024x683.jpg 1024w, https:\/\/diarioavanzada.com.mx\/wp-content\/uploads\/2025\/02\/Christian-Torres-Ortiz-rinde-protesta-como-rector-de-la-UdeC-para-un-2do-periodo_Rector_a-300x200.jpg 300w, https:\/\/diarioavanzada.com.mx\/wp-content\/uploads\/2025\/02\/Christian-Torres-Ortiz-rinde-protesta-como-rector-de-la-UdeC-para-un-2do-periodo_Rector_a-768x512.jpg 768w, https:\/\/diarioavanzada.com.mx\/wp-content\/uploads\/2025\/02\/Christian-Torres-Ortiz-rinde-protesta-como-rector-de-la-UdeC-para-un-2do-periodo_Rector_a-1200x800.jpg 1200w, https:\/\/diarioavanzada.com.mx\/wp-content\/uploads\/2025\/02\/Christian-Torres-Ortiz-rinde-protesta-como-rector-de-la-UdeC-para-un-2do-periodo_Rector_a.jpg 1224w\" sizes=\"auto, (max-width: 1024px) 100vw, 1024px\" \/><\/figure>\n<div class=\"fb-background-color\">\n\t\t\t  <div \n\t\t\t  \tclass = \"fb-comments\" \n\t\t\t  \tdata-href = \"https:\/\/diarioavanzada.com.mx\/?p=73958\"\n\t\t\t  \tdata-numposts = \"10\"\n\t\t\t  \tdata-lazy = \"true\"\n\t\t\t\tdata-colorscheme = \"light\"\n\t\t\t\tdata-order-by = \"social\"\n\t\t\t\tdata-mobile=true>\n\t\t\t  <\/div><\/div>\n\t\t  <style>\n\t\t    .fb-background-color {\n\t\t\t\tbackground:  !important;\n\t\t\t}\n\t\t\t.fb_iframe_widget_fluid_desktop iframe {\n\t\t\t    width: 100% !important;\n\t\t\t}\n\t\t  <\/style>\n\t\t  ","protected":false},"excerpt":{"rendered":"<p>\u201cNo podr\u00edamos explicar el desarrollo, la evoluci\u00f3n de nuestro Estado sin la presencia fundamental de la Universidad de Colima\u201d. Mario Delgado, secretario de la SEP. \u201cAsumo este honor con responsabilidad, compromiso y con la certeza de que juntos podemos alcanzar metas a\u00fan m\u00e1s grandes\u201d: Rector. Colima, M\u00e9xico, Comunicado (01\/02\/2025).- Este s\u00e1bado, Christian Jorge Torres Ortiz [&hellip;]<\/p>\n","protected":false},"author":7,"featured_media":73980,"comment_status":"closed","ping_status":"closed","sticky":false,"template":"","format":"standard","meta":{"_coblocks_attr":"","_coblocks_dimensions":"","_coblocks_responsive_height":"","_coblocks_accordion_ie_support":"","_crdt_document":"","advanced_seo_description":"","jetpack_seo_html_title":"","jetpack_seo_noindex":false,"_jetpack_memberships_contains_paid_content":false,"footnotes":""},"categories":[19,209,7],"tags":[],"class_list":["post-73958","post","type-post","status-publish","format-standard","has-post-thumbnail","hentry","category-colima","category-importantes","category-noticias"],"jetpack_featured_media_url":"https:\/\/diarioavanzada.com.mx\/wp-content\/uploads\/2025\/02\/1772c1f7-e1e8-4e54-832a-f7f933fc48e3-1.jpg","jetpack-related-posts":[],"jetpack_sharing_enabled":true,"amp_enabled":true,"_links":{"self":[{"href":"https:\/\/diarioavanzada.com.mx\/index.php?rest_route=\/wp\/v2\/posts\/73958","targetHints":{"allow":["GET"]}}],"collection":[{"href":"https:\/\/diarioavanzada.com.mx\/index.php?rest_route=\/wp\/v2\/posts"}],"about":[{"href":"https:\/\/diarioavanzada.com.mx\/index.php?rest_route=\/wp\/v2\/types\/post"}],"author":[{"embeddable":true,"href":"https:\/\/diarioavanzada.com.mx\/index.php?rest_route=\/wp\/v2\/users\/7"}],"replies":[{"embeddable":true,"href":"https:\/\/diarioavanzada.com.mx\/index.php?rest_route=%2Fwp%2Fv2%2Fcomments&post=73958"}],"version-history":[{"count":9,"href":"https:\/\/diarioavanzada.com.mx\/index.php?rest_route=\/wp\/v2\/posts\/73958\/revisions"}],"predecessor-version":[{"id":73981,"href":"https:\/\/diarioavanzada.com.mx\/index.php?rest_route=\/wp\/v2\/posts\/73958\/revisions\/73981"}],"wp:featuredmedia":[{"embeddable":true,"href":"https:\/\/diarioavanzada.com.mx\/index.php?rest_route=\/wp\/v2\/media\/73980"}],"wp:attachment":[{"href":"https:\/\/diarioavanzada.com.mx\/index.php?rest_route=%2Fwp%2Fv2%2Fmedia&parent=73958"}],"wp:term":[{"taxonomy":"category","embeddable":true,"href":"https:\/\/diarioavanzada.com.mx\/index.php?rest_route=%2Fwp%2Fv2%2Fcategories&post=73958"},{"taxonomy":"post_tag","embeddable":true,"href":"https:\/\/diarioavanzada.com.mx\/index.php?rest_route=%2Fwp%2Fv2%2Ftags&post=73958"}],"curies":[{"name":"wp","href":"https:\/\/api.w.org\/{rel}","templated":true}]}}