{"id":73951,"date":"2025-02-01T16:13:22","date_gmt":"2025-02-01T22:13:22","guid":{"rendered":"https:\/\/diarioavanzada.com.mx\/?p=73951"},"modified":"2025-02-01T16:13:22","modified_gmt":"2025-02-01T22:13:22","slug":"riult-rivera-felicita-al-rector-de-la-udec-al-rendir-protesta-para-un-segundo-periodo","status":"publish","type":"post","link":"https:\/\/diarioavanzada.com.mx\/?p=73951","title":{"rendered":"Riult Rivera felicita al rector de la UdeC, al rendir protesta para un segundo per\u00edodo"},"content":{"rendered":"\n<p class=\"wp-block-paragraph\"><em>Presenta sus saludos al titular de la Secretaria de Educaci\u00f3n, Mario Delgado Carrillo, quien asisti\u00f3 a la sesi\u00f3n solemne del Consejo Universitario.<\/em><\/p>\n\n\n\n<p class=\"wp-block-paragraph\"><em>Desde el Ayuntamiento de Colima seguiremos trabajando en equipo con nuestra m\u00e1xima casa de estudios, dice Riult<\/em><\/p>\n\n\n\n<p class=\"wp-block-paragraph\"><em>Escuchar el mensaje del doctor Christian Torres Ortiz Zerme\u00f1o, es una invitaci\u00f3n a seguir trabajando en equipo, dice el alcalde de Colima.<\/em><\/p>\n\n\n\n<p class=\"wp-block-paragraph\">Colima, M\u00e9xico, Avanzada (01\/02\/2025).- El Presidente Riult Rivera Guti\u00e9rrez, acudi\u00f3 a la sesi\u00f3n solemne del Consejo Universitario, donde el doctor Christian Jorge Torres Ortiz Zerme\u00f1o, rindi\u00f3 protesta como rector de la Universidad de Colima, para mantenerse al frente de la instituci\u00f3n para un segundo per\u00edodo rector el cual comprende del 1 de febrero de 2025 al 31 de enero de 2029.<br>El Presidente Riult Rivera, felicit\u00f3 al rector de nuestra m\u00e1xima casa de estudios y present\u00f3 sus saludos al Secretario de Educaci\u00f3n P\u00fablica del Gobierno de M\u00e9xico, el colimense Mario Delgado Carrillo.<br>El alcalde capitalino luego de presentar sus saludos al titular de la Secretar\u00eda de Educaci\u00f3n y felicitar al doctor Christian Jorge Torres Ortiz Zerme\u00f1o, por asumir su segundo per\u00edodo rectoral al frente de la Universidad de Colima, se tom\u00f3 la foto del recuerdo, durante el evento desarrollado en el Teatro Coronel Pedro Torres Ortiz.<br>Riult Rivera Guti\u00e9rrez, afirm\u00f3 que el mensaje que dirigi\u00f3 el rector de la Universidad de Colima, a la comunidad universitaria y a los distintos sectores de la sociedad colimense, es motivador, pues es una invitaci\u00f3n a seguir trabajando en equipo con los diferentes niveles de gobierno, \u201cy nosotros lo hemos dicho siempre, el trabajo en equipo dar\u00e1 siempre los mejores resultados y por supuesto, desde el Ayuntamiento de Colima, estamos con toda la intenci\u00f3n de seguir trabajando en equipo\u201d.<br>Destac\u00f3 que la administraci\u00f3n que \u00e9l encabeza en el Ayuntamiento de Colima, seguir\u00e1 trabajando en el convenio de colaboraci\u00f3n con miras no solamente a firmarlo, sino a darle vida e incluir las cl\u00e1usulas que impacten en la realidad y colaboraci\u00f3n y que el rumbo sea siempre lo que mejor le vaya conviniendo a nuestra sociedad colimense.<br>Ese es el camino y por supuesto que nosotros estamos para hacer equipo, independientemente de que existe una excelente amistad con el se\u00f1or Rector, con quien mantengo una excelente relaci\u00f3n de amistad, entonces habremos de trabajar en equipo, con el rumbo y juntos construir un mejor Colima\u201d, afirm\u00f3 el alcalde de Colima.<\/p>\n\n\n\n<p class=\"wp-block-paragraph\">ooOoo<\/p>\n<div class=\"fb-background-color\">\n\t\t\t  <div \n\t\t\t  \tclass = \"fb-comments\" \n\t\t\t  \tdata-href = \"https:\/\/diarioavanzada.com.mx\/?p=73951\"\n\t\t\t  \tdata-numposts = \"10\"\n\t\t\t  \tdata-lazy = \"true\"\n\t\t\t\tdata-colorscheme = \"light\"\n\t\t\t\tdata-order-by = \"social\"\n\t\t\t\tdata-mobile=true>\n\t\t\t  <\/div><\/div>\n\t\t  <style>\n\t\t    .fb-background-color {\n\t\t\t\tbackground:  !important;\n\t\t\t}\n\t\t\t.fb_iframe_widget_fluid_desktop iframe {\n\t\t\t    width: 100% !important;\n\t\t\t}\n\t\t  <\/style>\n\t\t  ","protected":false},"excerpt":{"rendered":"<p>Presenta sus saludos al titular de la Secretaria de Educaci\u00f3n, Mario Delgado Carrillo, quien asisti\u00f3 a la sesi\u00f3n solemne del Consejo Universitario. Desde el Ayuntamiento de Colima seguiremos trabajando en equipo con nuestra m\u00e1xima casa de estudios, dice Riult Escuchar el mensaje del doctor Christian Torres Ortiz Zerme\u00f1o, es una invitaci\u00f3n a seguir trabajando en [&hellip;]<\/p>\n","protected":false},"author":7,"featured_media":73952,"comment_status":"closed","ping_status":"closed","sticky":false,"template":"","format":"standard","meta":{"_coblocks_attr":"","_coblocks_dimensions":"","_coblocks_responsive_height":"","_coblocks_accordion_ie_support":"","_crdt_document":"","advanced_seo_description":"","jetpack_seo_html_title":"","jetpack_seo_noindex":false,"_jetpack_memberships_contains_paid_content":false,"footnotes":""},"categories":[19,209,7],"tags":[],"class_list":["post-73951","post","type-post","status-publish","format-standard","has-post-thumbnail","hentry","category-colima","category-importantes","category-noticias"],"jetpack_featured_media_url":"https:\/\/diarioavanzada.com.mx\/wp-content\/uploads\/2025\/02\/5ca9cb55-de26-4d1e-af45-90e9a780a010-1.jpg","jetpack-related-posts":[],"jetpack_sharing_enabled":true,"amp_enabled":true,"_links":{"self":[{"href":"https:\/\/diarioavanzada.com.mx\/index.php?rest_route=\/wp\/v2\/posts\/73951","targetHints":{"allow":["GET"]}}],"collection":[{"href":"https:\/\/diarioavanzada.com.mx\/index.php?rest_route=\/wp\/v2\/posts"}],"about":[{"href":"https:\/\/diarioavanzada.com.mx\/index.php?rest_route=\/wp\/v2\/types\/post"}],"author":[{"embeddable":true,"href":"https:\/\/diarioavanzada.com.mx\/index.php?rest_route=\/wp\/v2\/users\/7"}],"replies":[{"embeddable":true,"href":"https:\/\/diarioavanzada.com.mx\/index.php?rest_route=%2Fwp%2Fv2%2Fcomments&post=73951"}],"version-history":[{"count":2,"href":"https:\/\/diarioavanzada.com.mx\/index.php?rest_route=\/wp\/v2\/posts\/73951\/revisions"}],"predecessor-version":[{"id":73954,"href":"https:\/\/diarioavanzada.com.mx\/index.php?rest_route=\/wp\/v2\/posts\/73951\/revisions\/73954"}],"wp:featuredmedia":[{"embeddable":true,"href":"https:\/\/diarioavanzada.com.mx\/index.php?rest_route=\/wp\/v2\/media\/73952"}],"wp:attachment":[{"href":"https:\/\/diarioavanzada.com.mx\/index.php?rest_route=%2Fwp%2Fv2%2Fmedia&parent=73951"}],"wp:term":[{"taxonomy":"category","embeddable":true,"href":"https:\/\/diarioavanzada.com.mx\/index.php?rest_route=%2Fwp%2Fv2%2Fcategories&post=73951"},{"taxonomy":"post_tag","embeddable":true,"href":"https:\/\/diarioavanzada.com.mx\/index.php?rest_route=%2Fwp%2Fv2%2Ftags&post=73951"}],"curies":[{"name":"wp","href":"https:\/\/api.w.org\/{rel}","templated":true}]}}