{"id":73901,"date":"2025-01-31T19:35:41","date_gmt":"2025-02-01T01:35:41","guid":{"rendered":"https:\/\/diarioavanzada.com.mx\/?p=73901"},"modified":"2025-01-31T19:35:41","modified_gmt":"2025-02-01T01:35:41","slug":"dan-bienvenida-a-29-estudiantes-de-8-paises-que-cursaran-un-semestre-en-la-udec","status":"publish","type":"post","link":"https:\/\/diarioavanzada.com.mx\/?p=73901","title":{"rendered":"Dan bienvenida a 29 estudiantes de 8 pa\u00edses que cursar\u00e1n un semestre en la UdeC"},"content":{"rendered":"\n<p class=\"wp-block-paragraph\"><em>Los y las estudiantes provienen de Argentina, Colombia, Corea del Sur, Espa\u00f1a, Nicaragua, Noruega, Rusia, Tailandia y M\u00e9xico, lo que enriquece la diversidad cultural de esta casa de estudios.<\/em><\/p>\n\n\n\n<p class=\"wp-block-paragraph\">Colima, M\u00e9xico, Comunicado (31\/01\/2025).- Con el objetivo de fortalecer una visi\u00f3n global y promover el intercambio cultural y acad\u00e9mico, este viernes la Universidad de Colima (UdeC) dio la bienvenida a 29 estudiantes nacionales y extranjeros que cursar\u00e1n un semestre en alguna facultad de esta casa de estudios. El evento, organizado por la Oficina de Relaciones Internacionales y Cooperaci\u00f3n Acad\u00e9mica, refleja el inter\u00e9s de la instituci\u00f3n por consolidar su presencia en el \u00e1mbito internacional y ofrecer una experiencia enriquecedora a los y las j\u00f3venes visitantes.<\/p>\n\n\n\n<p class=\"wp-block-paragraph\">La jornada de bienvenida, realizada en el Aula 12 de la Facultad de Enfermer\u00eda, incluy\u00f3 una sesi\u00f3n de orientaci\u00f3n educativa, un recorrido por el campus central y actividades recreativas que fomentaron la convivencia entre los participantes. Durante la sesi\u00f3n, la directora general de la oficina de Relaciones Internacionales, Ana Cecilia Garc\u00eda Valencia, destac\u00f3 la importancia de aprovechar al m\u00e1ximo esta experiencia de movilidad, tanto en el \u00e1mbito acad\u00e9mico como en el cultural. \u201cAprovechen los conocimientos que adquirir\u00e1n aqu\u00ed, conozcan la cultura mexicana y compartan la suya con sus compa\u00f1eros\u201d, expres\u00f3.<\/p>\n\n\n\n<p class=\"wp-block-paragraph\">Los estudiantes provienen de pa\u00edses como Argentina, Colombia, Corea del Sur, Espa\u00f1a, Nicaragua, Noruega, Rusia, Tailandia y M\u00e9xico, lo que enriquece la diversidad cultural de la Universidad de Colima.<\/p>\n\n\n\n<p class=\"wp-block-paragraph\">Durante la jornada de orientaci\u00f3n, que dur\u00f3 gran parte de la ma\u00f1ana, se les inform\u00f3 sobre los tr\u00e1mites administrativos necesarios, el reglamento universitario, la ubicaci\u00f3n de los campus, los beneficios disponibles, el uso de bibliotecas y plataformas digitales, as\u00ed como las actividades extracurriculares y deportivas que ofrece la instituci\u00f3n. Adem\u00e1s, les proyectaron el video \u201cDel Mar a la Monta\u00f1a\u201d, producido por la Subsecretar\u00eda de Turismo del estado, para mostrarles la riqueza natural y cultural de la regi\u00f3n.<\/p>\n\n\n\n<p class=\"wp-block-paragraph\">La jornada tambi\u00e9n incluy\u00f3 una charla sobre el programa \u201cAmigo Loro\u201d, que busca facilitar la integraci\u00f3n de los estudiantes extranjeros, as\u00ed como informaci\u00f3n sobre viajes culturales y el Registro Acad\u00e9mico de Estudiantes en Movilidad (RAEM). Para fomentar la interacci\u00f3n, se organizaron juegos tradicionales y una kerm\u00e9s, actividades que permitieron a los y las visitantes conocerse entre s\u00ed y generar lazos de amistad.<\/p>\n\n\n\n<figure class=\"wp-block-image size-large\"><img loading=\"lazy\" decoding=\"async\" width=\"1024\" height=\"683\" src=\"https:\/\/diarioavanzada.com.mx\/wp-content\/uploads\/2025\/01\/Da-UdeC-bienvenida-a-29-estudiantes-de-8-paises-1024x683.jpg\" alt=\"\" class=\"wp-image-73903\" srcset=\"https:\/\/diarioavanzada.com.mx\/wp-content\/uploads\/2025\/01\/Da-UdeC-bienvenida-a-29-estudiantes-de-8-paises-1024x683.jpg 1024w, https:\/\/diarioavanzada.com.mx\/wp-content\/uploads\/2025\/01\/Da-UdeC-bienvenida-a-29-estudiantes-de-8-paises-300x200.jpg 300w, https:\/\/diarioavanzada.com.mx\/wp-content\/uploads\/2025\/01\/Da-UdeC-bienvenida-a-29-estudiantes-de-8-paises-768x512.jpg 768w, https:\/\/diarioavanzada.com.mx\/wp-content\/uploads\/2025\/01\/Da-UdeC-bienvenida-a-29-estudiantes-de-8-paises-1200x800.jpg 1200w, https:\/\/diarioavanzada.com.mx\/wp-content\/uploads\/2025\/01\/Da-UdeC-bienvenida-a-29-estudiantes-de-8-paises.jpg 1224w\" sizes=\"auto, (max-width: 1024px) 100vw, 1024px\" \/><\/figure>\n\n\n\n<figure class=\"wp-block-image size-large\"><img loading=\"lazy\" decoding=\"async\" width=\"1024\" height=\"683\" src=\"https:\/\/diarioavanzada.com.mx\/wp-content\/uploads\/2025\/01\/Da-UdeC-bienvenida-a-29-estudiantes-de-8-paises_Cecilia-1024x683.jpg\" alt=\"\" class=\"wp-image-73905\" srcset=\"https:\/\/diarioavanzada.com.mx\/wp-content\/uploads\/2025\/01\/Da-UdeC-bienvenida-a-29-estudiantes-de-8-paises_Cecilia-1024x683.jpg 1024w, https:\/\/diarioavanzada.com.mx\/wp-content\/uploads\/2025\/01\/Da-UdeC-bienvenida-a-29-estudiantes-de-8-paises_Cecilia-300x200.jpg 300w, https:\/\/diarioavanzada.com.mx\/wp-content\/uploads\/2025\/01\/Da-UdeC-bienvenida-a-29-estudiantes-de-8-paises_Cecilia-768x512.jpg 768w, https:\/\/diarioavanzada.com.mx\/wp-content\/uploads\/2025\/01\/Da-UdeC-bienvenida-a-29-estudiantes-de-8-paises_Cecilia-1200x800.jpg 1200w, https:\/\/diarioavanzada.com.mx\/wp-content\/uploads\/2025\/01\/Da-UdeC-bienvenida-a-29-estudiantes-de-8-paises_Cecilia.jpg 1224w\" sizes=\"auto, (max-width: 1024px) 100vw, 1024px\" \/><\/figure>\n\n\n\n<figure class=\"wp-block-image size-large\"><img loading=\"lazy\" decoding=\"async\" width=\"1024\" height=\"683\" src=\"https:\/\/diarioavanzada.com.mx\/wp-content\/uploads\/2025\/01\/Da-UdeC-bienvenida-a-29-estudiantes-de-8-paises_b-1024x683.jpg\" alt=\"\" class=\"wp-image-73906\" srcset=\"https:\/\/diarioavanzada.com.mx\/wp-content\/uploads\/2025\/01\/Da-UdeC-bienvenida-a-29-estudiantes-de-8-paises_b-1024x683.jpg 1024w, https:\/\/diarioavanzada.com.mx\/wp-content\/uploads\/2025\/01\/Da-UdeC-bienvenida-a-29-estudiantes-de-8-paises_b-300x200.jpg 300w, https:\/\/diarioavanzada.com.mx\/wp-content\/uploads\/2025\/01\/Da-UdeC-bienvenida-a-29-estudiantes-de-8-paises_b-768x512.jpg 768w, https:\/\/diarioavanzada.com.mx\/wp-content\/uploads\/2025\/01\/Da-UdeC-bienvenida-a-29-estudiantes-de-8-paises_b-1200x800.jpg 1200w, https:\/\/diarioavanzada.com.mx\/wp-content\/uploads\/2025\/01\/Da-UdeC-bienvenida-a-29-estudiantes-de-8-paises_b.jpg 1224w\" sizes=\"auto, (max-width: 1024px) 100vw, 1024px\" \/><\/figure>\n\n\n\n<p class=\"wp-block-paragraph\"><\/p>\n<div class=\"fb-background-color\">\n\t\t\t  <div \n\t\t\t  \tclass = \"fb-comments\" \n\t\t\t  \tdata-href = \"https:\/\/diarioavanzada.com.mx\/?p=73901\"\n\t\t\t  \tdata-numposts = \"10\"\n\t\t\t  \tdata-lazy = \"true\"\n\t\t\t\tdata-colorscheme = \"light\"\n\t\t\t\tdata-order-by = \"social\"\n\t\t\t\tdata-mobile=true>\n\t\t\t  <\/div><\/div>\n\t\t  <style>\n\t\t    .fb-background-color {\n\t\t\t\tbackground:  !important;\n\t\t\t}\n\t\t\t.fb_iframe_widget_fluid_desktop iframe {\n\t\t\t    width: 100% !important;\n\t\t\t}\n\t\t  <\/style>\n\t\t  ","protected":false},"excerpt":{"rendered":"<p>Los y las estudiantes provienen de Argentina, Colombia, Corea del Sur, Espa\u00f1a, Nicaragua, Noruega, Rusia, Tailandia y M\u00e9xico, lo que enriquece la diversidad cultural de esta casa de estudios. Colima, M\u00e9xico, Comunicado (31\/01\/2025).- Con el objetivo de fortalecer una visi\u00f3n global y promover el intercambio cultural y acad\u00e9mico, este viernes la Universidad de Colima (UdeC) [&hellip;]<\/p>\n","protected":false},"author":7,"featured_media":73919,"comment_status":"closed","ping_status":"closed","sticky":false,"template":"","format":"standard","meta":{"_coblocks_attr":"","_coblocks_dimensions":"","_coblocks_responsive_height":"","_coblocks_accordion_ie_support":"","_crdt_document":"","advanced_seo_description":"","jetpack_seo_html_title":"","jetpack_seo_noindex":false,"_jetpack_memberships_contains_paid_content":false,"footnotes":""},"categories":[19,209,7],"tags":[],"class_list":["post-73901","post","type-post","status-publish","format-standard","has-post-thumbnail","hentry","category-colima","category-importantes","category-noticias"],"jetpack_featured_media_url":"https:\/\/diarioavanzada.com.mx\/wp-content\/uploads\/2025\/01\/aa1b1cb6-97ac-4486-a3e5-8d14810435b6-1.jpg","jetpack-related-posts":[],"jetpack_sharing_enabled":true,"amp_enabled":true,"_links":{"self":[{"href":"https:\/\/diarioavanzada.com.mx\/index.php?rest_route=\/wp\/v2\/posts\/73901","targetHints":{"allow":["GET"]}}],"collection":[{"href":"https:\/\/diarioavanzada.com.mx\/index.php?rest_route=\/wp\/v2\/posts"}],"about":[{"href":"https:\/\/diarioavanzada.com.mx\/index.php?rest_route=\/wp\/v2\/types\/post"}],"author":[{"embeddable":true,"href":"https:\/\/diarioavanzada.com.mx\/index.php?rest_route=\/wp\/v2\/users\/7"}],"replies":[{"embeddable":true,"href":"https:\/\/diarioavanzada.com.mx\/index.php?rest_route=%2Fwp%2Fv2%2Fcomments&post=73901"}],"version-history":[{"count":3,"href":"https:\/\/diarioavanzada.com.mx\/index.php?rest_route=\/wp\/v2\/posts\/73901\/revisions"}],"predecessor-version":[{"id":73907,"href":"https:\/\/diarioavanzada.com.mx\/index.php?rest_route=\/wp\/v2\/posts\/73901\/revisions\/73907"}],"wp:featuredmedia":[{"embeddable":true,"href":"https:\/\/diarioavanzada.com.mx\/index.php?rest_route=\/wp\/v2\/media\/73919"}],"wp:attachment":[{"href":"https:\/\/diarioavanzada.com.mx\/index.php?rest_route=%2Fwp%2Fv2%2Fmedia&parent=73901"}],"wp:term":[{"taxonomy":"category","embeddable":true,"href":"https:\/\/diarioavanzada.com.mx\/index.php?rest_route=%2Fwp%2Fv2%2Fcategories&post=73901"},{"taxonomy":"post_tag","embeddable":true,"href":"https:\/\/diarioavanzada.com.mx\/index.php?rest_route=%2Fwp%2Fv2%2Ftags&post=73901"}],"curies":[{"name":"wp","href":"https:\/\/api.w.org\/{rel}","templated":true}]}}