{"id":73865,"date":"2025-01-31T15:25:05","date_gmt":"2025-01-31T21:25:05","guid":{"rendered":"https:\/\/diarioavanzada.com.mx\/?p=73865"},"modified":"2025-01-31T15:25:05","modified_gmt":"2025-01-31T21:25:05","slug":"encuentran-muerto-a-exdirector-de-policia-investigaba-secuestro-de-jueza-de-masterchef","status":"publish","type":"post","link":"https:\/\/diarioavanzada.com.mx\/?p=73865","title":{"rendered":"Encuentran muerto a exdirector de polic\u00eda, investigaba secuestro de jueza de MasterChef"},"content":{"rendered":"\n<p class=\"p1 wp-block-paragraph\">Morelos, M\u00e9xico, Avanzada (31\/01\/2025).- \u00d3scar Meza Garc\u00eda, exdirector de la Polic\u00eda de Tr\u00e1nsito de Huitzilac, fue encontrado sin vida dentro de la cajuela de un veh\u00edculo en los l\u00edmites de Cuernavaca y Tepoztl\u00e1n, un d\u00eda despu\u00e9s de haber sido reportado como desaparecido.<\/p>\n\n\n\n<p class=\"p1 wp-block-paragraph\">El hallazgo ocurri\u00f3 la tarde del jueves en la colonia Ampliaci\u00f3n Milpillas, donde autoridades localizaron el cuerpo envuelto en cobijas dentro de un Nissan Tsuru con placas PVL-785-C. Elementos de la Polic\u00eda Estatal, Guardia Nacional, Ej\u00e9rcito Mexicano y peritos forenses acordonaron la zona y confirmaron la identidad del exfuncionario.<\/p>\n\n\n\n<p class=\"p1 wp-block-paragraph\">Meza Garc\u00eda, de 52 a\u00f1os, hab\u00eda sido reportado como desaparecido el 29 de enero por sus familiares, luego de perder contacto con \u00e9l en Huitzilac. La Fiscal\u00eda General del Estado de Morelos hab\u00eda emitido una ficha de b\u00fasqueda con sus caracter\u00edsticas f\u00edsicas, incluyendo una cicatriz en la espalda y un lunar debajo del ojo derecho.<\/p>\n\n\n\n<p class=\"p1 wp-block-paragraph\">El exjefe de Tr\u00e1nsito hab\u00eda sido citado a declarar como testigo en la investigaci\u00f3n del secuestro de Zahie T\u00e9llez Neme, jueza del programa MasterChef Celebrity, y su esposo, Alberto Escobar, ocurrido en noviembre de 2024.<\/p>\n\n\n\n<p class=\"p1 wp-block-paragraph\">Las pesquisas apuntaban a que elementos de la Polic\u00eda de Huitzilac podr\u00edan haber participado en el plagio, luego de que se difundieran im\u00e1genes de una patrulla escoltando la camioneta robada a la chef.<\/p>\n\n\n\n<p class=\"p1 wp-block-paragraph\">En diciembre pasado, la FGE realiz\u00f3 un operativo en el Ayuntamiento de Huitzilac, donde \u00d3scar Meza y otros agentes fueron retenidos para interrogatorio. Hasta ahora, solo una persona ha sido detenida por el caso: Fernando Jos\u00e9 \u201cN\u201d, acusado de secuestro expr\u00e9s agravado.<\/p>\n\n\n\n<p class=\"p1 wp-block-paragraph\">El alcalde de Huitzilac, C\u00e9sar D\u00e1vila, confirm\u00f3 el fallecimiento de Meza Garc\u00eda y expres\u00f3 sus condolencias en redes sociales.<\/p>\n\n\n\n<p class=\"p1 wp-block-paragraph\">Hasta el momento, se desconoce la causa de su muerte y si est\u00e1 relacionada con el caso de secuestro que investigaba. La Fiscal\u00eda de Morelos inicio las diligencias para esclarecer el homicidio y determinar si hay m\u00e1s involucrados.<\/p>\n<div class=\"fb-background-color\">\n\t\t\t  <div \n\t\t\t  \tclass = \"fb-comments\" \n\t\t\t  \tdata-href = \"https:\/\/diarioavanzada.com.mx\/?p=73865\"\n\t\t\t  \tdata-numposts = \"10\"\n\t\t\t  \tdata-lazy = \"true\"\n\t\t\t\tdata-colorscheme = \"light\"\n\t\t\t\tdata-order-by = \"social\"\n\t\t\t\tdata-mobile=true>\n\t\t\t  <\/div><\/div>\n\t\t  <style>\n\t\t    .fb-background-color {\n\t\t\t\tbackground:  !important;\n\t\t\t}\n\t\t\t.fb_iframe_widget_fluid_desktop iframe {\n\t\t\t    width: 100% !important;\n\t\t\t}\n\t\t  <\/style>\n\t\t  ","protected":false},"excerpt":{"rendered":"<p>Morelos, M\u00e9xico, Avanzada (31\/01\/2025).- \u00d3scar Meza Garc\u00eda, exdirector de la Polic\u00eda de Tr\u00e1nsito de Huitzilac, fue encontrado sin vida dentro de la cajuela de un veh\u00edculo en los l\u00edmites de Cuernavaca y Tepoztl\u00e1n, un d\u00eda despu\u00e9s de haber sido reportado como desaparecido. El hallazgo ocurri\u00f3 la tarde del jueves en la colonia Ampliaci\u00f3n Milpillas, donde [&hellip;]<\/p>\n","protected":false},"author":7,"featured_media":73864,"comment_status":"closed","ping_status":"closed","sticky":false,"template":"","format":"standard","meta":{"_coblocks_attr":"","_coblocks_dimensions":"","_coblocks_responsive_height":"","_coblocks_accordion_ie_support":"","_crdt_document":"","advanced_seo_description":"","jetpack_seo_html_title":"","jetpack_seo_noindex":false,"_jetpack_memberships_contains_paid_content":false,"footnotes":""},"categories":[22,7,231],"tags":[],"class_list":["post-73865","post","type-post","status-publish","format-standard","has-post-thumbnail","hentry","category-nacion","category-noticias","category-seguridad"],"jetpack_featured_media_url":"https:\/\/diarioavanzada.com.mx\/wp-content\/uploads\/2025\/01\/img_6928-1.jpg","jetpack-related-posts":[],"jetpack_sharing_enabled":true,"amp_enabled":true,"_links":{"self":[{"href":"https:\/\/diarioavanzada.com.mx\/index.php?rest_route=\/wp\/v2\/posts\/73865","targetHints":{"allow":["GET"]}}],"collection":[{"href":"https:\/\/diarioavanzada.com.mx\/index.php?rest_route=\/wp\/v2\/posts"}],"about":[{"href":"https:\/\/diarioavanzada.com.mx\/index.php?rest_route=\/wp\/v2\/types\/post"}],"author":[{"embeddable":true,"href":"https:\/\/diarioavanzada.com.mx\/index.php?rest_route=\/wp\/v2\/users\/7"}],"replies":[{"embeddable":true,"href":"https:\/\/diarioavanzada.com.mx\/index.php?rest_route=%2Fwp%2Fv2%2Fcomments&post=73865"}],"version-history":[{"count":1,"href":"https:\/\/diarioavanzada.com.mx\/index.php?rest_route=\/wp\/v2\/posts\/73865\/revisions"}],"predecessor-version":[{"id":73870,"href":"https:\/\/diarioavanzada.com.mx\/index.php?rest_route=\/wp\/v2\/posts\/73865\/revisions\/73870"}],"wp:featuredmedia":[{"embeddable":true,"href":"https:\/\/diarioavanzada.com.mx\/index.php?rest_route=\/wp\/v2\/media\/73864"}],"wp:attachment":[{"href":"https:\/\/diarioavanzada.com.mx\/index.php?rest_route=%2Fwp%2Fv2%2Fmedia&parent=73865"}],"wp:term":[{"taxonomy":"category","embeddable":true,"href":"https:\/\/diarioavanzada.com.mx\/index.php?rest_route=%2Fwp%2Fv2%2Fcategories&post=73865"},{"taxonomy":"post_tag","embeddable":true,"href":"https:\/\/diarioavanzada.com.mx\/index.php?rest_route=%2Fwp%2Fv2%2Ftags&post=73865"}],"curies":[{"name":"wp","href":"https:\/\/api.w.org\/{rel}","templated":true}]}}