{"id":73838,"date":"2025-01-31T13:56:25","date_gmt":"2025-01-31T19:56:25","guid":{"rendered":"https:\/\/diarioavanzada.com.mx\/?p=73838"},"modified":"2025-01-31T13:58:23","modified_gmt":"2025-01-31T19:58:23","slug":"se-busca-jennifer-tiene-15-anos-fue-enganchada-por-un-adulto-en-redes-sociales","status":"publish","type":"post","link":"https:\/\/diarioavanzada.com.mx\/?p=73838","title":{"rendered":"Se busca: Jennifer tiene 15 a\u00f1os, fue enganchada por un adulto en redes sociales"},"content":{"rendered":"\n<p class=\"p1 wp-block-paragraph\">Baja California, M\u00e9xico, Avanzada (31\/01\/2025).- Jennifer Fernanda Camacho Osobampo, de 15 a\u00f1os, fue reportada como desaparecida el pasado mi\u00e9rcoles 29 de enero en Tijuana, Baja California. Su familia se\u00f1ala como presunto responsable a un hombre identificado como \u00d3scar, quien, seg\u00fan denuncian, le enviaba mensajes a trav\u00e9s de redes sociales pidi\u00e9ndole que escapara con \u00e9l.<\/p>\n\n\n\n<p class=\"p1 wp-block-paragraph\">De acuerdo con la Alerta Amber emitida por la Fiscal\u00eda General de Justicia de Baja California, la menor es de nacionalidad mexicana, tez blanca, complexi\u00f3n delgada, mide aproximadamente 1.60 metros y tiene el cabello rizado de color caf\u00e9 oscuro. Como se\u00f1a particular, cuenta con una cicatriz en el lado derecho de la boca.<\/p>\n\n\n\n<p class=\"p1 wp-block-paragraph\">Las autoridades informaron que la adolescente podr\u00eda estar en compa\u00f1\u00eda de un sujeto mayor de edad, lo que la coloca en una situaci\u00f3n de vulnerabilidad y en riesgo de ser v\u00edctima de alg\u00fan delito.<\/p>\n\n\n\n<p class=\"p1 wp-block-paragraph\">Seg\u00fan los testimonios de la familia, en conversaciones con Jennifer Fernanda, el hombre le insisti\u00f3 en que se deshiciera del chip de su celular y lo arrojara a un bote de basura, para luego encontrarse en una terminal de camiones. Adem\u00e1s, le pidi\u00f3 que llevara consigo sus documentos personales.<\/p>\n\n\n\n<p class=\"p1 wp-block-paragraph\">Ante la preocupaci\u00f3n por su paradero, la Fiscal\u00eda de Baja California y sus familiares solicitaron la colaboraci\u00f3n de la ciudadan\u00eda para proporcionar cualquier informaci\u00f3n relevante a los tel\u00e9fonos (664) 683-9643, al 911 o al 089 de denuncia an\u00f3nima.<\/p>\n\n\n\n<figure class=\"wp-block-image size-large\"><img loading=\"lazy\" decoding=\"async\" width=\"707\" height=\"917\" src=\"https:\/\/diarioavanzada.com.mx\/wp-content\/uploads\/2025\/01\/c56946c6-a95a-48a8-aed9-22b339af7006-1.jpg\" class=\"wp-image-73860\" srcset=\"https:\/\/diarioavanzada.com.mx\/wp-content\/uploads\/2025\/01\/c56946c6-a95a-48a8-aed9-22b339af7006-1.jpg 707w, https:\/\/diarioavanzada.com.mx\/wp-content\/uploads\/2025\/01\/c56946c6-a95a-48a8-aed9-22b339af7006-1-231x300.jpg 231w\" sizes=\"auto, (max-width: 707px) 100vw, 707px\" \/><\/figure>\n<div class=\"fb-background-color\">\n\t\t\t  <div \n\t\t\t  \tclass = \"fb-comments\" \n\t\t\t  \tdata-href = \"https:\/\/diarioavanzada.com.mx\/?p=73838\"\n\t\t\t  \tdata-numposts = \"10\"\n\t\t\t  \tdata-lazy = \"true\"\n\t\t\t\tdata-colorscheme = \"light\"\n\t\t\t\tdata-order-by = \"social\"\n\t\t\t\tdata-mobile=true>\n\t\t\t  <\/div><\/div>\n\t\t  <style>\n\t\t    .fb-background-color {\n\t\t\t\tbackground:  !important;\n\t\t\t}\n\t\t\t.fb_iframe_widget_fluid_desktop iframe {\n\t\t\t    width: 100% !important;\n\t\t\t}\n\t\t  <\/style>\n\t\t  ","protected":false},"excerpt":{"rendered":"<p>Baja California, M\u00e9xico, Avanzada (31\/01\/2025).- Jennifer Fernanda Camacho Osobampo, de 15 a\u00f1os, fue reportada como desaparecida el pasado mi\u00e9rcoles 29 de enero en Tijuana, Baja California. Su familia se\u00f1ala como presunto responsable a un hombre identificado como \u00d3scar, quien, seg\u00fan denuncian, le enviaba mensajes a trav\u00e9s de redes sociales pidi\u00e9ndole que escapara con \u00e9l. De [&hellip;]<\/p>\n","protected":false},"author":7,"featured_media":73863,"comment_status":"closed","ping_status":"closed","sticky":false,"template":"","format":"standard","meta":{"_coblocks_attr":"","_coblocks_dimensions":"","_coblocks_responsive_height":"","_coblocks_accordion_ie_support":"","_crdt_document":"","advanced_seo_description":"","jetpack_seo_html_title":"","jetpack_seo_noindex":false,"_jetpack_memberships_contains_paid_content":false,"footnotes":""},"categories":[22,7,231],"tags":[],"class_list":["post-73838","post","type-post","status-publish","format-standard","has-post-thumbnail","hentry","category-nacion","category-noticias","category-seguridad"],"jetpack_featured_media_url":"https:\/\/diarioavanzada.com.mx\/wp-content\/uploads\/2025\/01\/img_4545-1.jpg","jetpack-related-posts":[],"jetpack_sharing_enabled":true,"amp_enabled":true,"_links":{"self":[{"href":"https:\/\/diarioavanzada.com.mx\/index.php?rest_route=\/wp\/v2\/posts\/73838","targetHints":{"allow":["GET"]}}],"collection":[{"href":"https:\/\/diarioavanzada.com.mx\/index.php?rest_route=\/wp\/v2\/posts"}],"about":[{"href":"https:\/\/diarioavanzada.com.mx\/index.php?rest_route=\/wp\/v2\/types\/post"}],"author":[{"embeddable":true,"href":"https:\/\/diarioavanzada.com.mx\/index.php?rest_route=\/wp\/v2\/users\/7"}],"replies":[{"embeddable":true,"href":"https:\/\/diarioavanzada.com.mx\/index.php?rest_route=%2Fwp%2Fv2%2Fcomments&post=73838"}],"version-history":[{"count":1,"href":"https:\/\/diarioavanzada.com.mx\/index.php?rest_route=\/wp\/v2\/posts\/73838\/revisions"}],"predecessor-version":[{"id":73862,"href":"https:\/\/diarioavanzada.com.mx\/index.php?rest_route=\/wp\/v2\/posts\/73838\/revisions\/73862"}],"wp:featuredmedia":[{"embeddable":true,"href":"https:\/\/diarioavanzada.com.mx\/index.php?rest_route=\/wp\/v2\/media\/73863"}],"wp:attachment":[{"href":"https:\/\/diarioavanzada.com.mx\/index.php?rest_route=%2Fwp%2Fv2%2Fmedia&parent=73838"}],"wp:term":[{"taxonomy":"category","embeddable":true,"href":"https:\/\/diarioavanzada.com.mx\/index.php?rest_route=%2Fwp%2Fv2%2Fcategories&post=73838"},{"taxonomy":"post_tag","embeddable":true,"href":"https:\/\/diarioavanzada.com.mx\/index.php?rest_route=%2Fwp%2Fv2%2Ftags&post=73838"}],"curies":[{"name":"wp","href":"https:\/\/api.w.org\/{rel}","templated":true}]}}