{"id":73710,"date":"2025-01-30T08:26:25","date_gmt":"2025-01-30T14:26:25","guid":{"rendered":"https:\/\/diarioavanzada.com.mx\/?p=73710"},"modified":"2025-01-30T08:27:36","modified_gmt":"2025-01-30T14:27:36","slug":"el-proceso-cuenta","status":"publish","type":"post","link":"https:\/\/diarioavanzada.com.mx\/?p=73710","title":{"rendered":"El proceso cuenta"},"content":{"rendered":"\n<p class=\"wp-block-paragraph\"><strong>Columna<\/strong><\/p>\n\n\n\n<p class=\"wp-block-paragraph\"><strong>El Puercoesp\u00edn&nbsp;<\/strong><\/p>\n\n\n\n<p class=\"s4 wp-block-paragraph\">Cuando se propuso la reforma del Poder Judicial en mucho de los mexicanos levant\u00f3 grandes esperanzas de terminar por abrir un Poder herm\u00e9tico del cual no sab\u00edamos nada, o\u00edamos hablar del Poder Judicial y tembl\u00e1bamos o seguimos temblando porque de \u00e9ste tenemos la percepci\u00f3n de&nbsp;que&nbsp;todo juez act\u00faa por consigna.<\/p>\n\n\n\n<p class=\"s4 wp-block-paragraph\">La forma en la que la Suprema Corte de Justicia de la Naci\u00f3n enfrent\u00f3 al Poder Ejecutivo,&nbsp;entonces comandado por&nbsp;Amlo,&nbsp;ratific\u00f3 la percepci\u00f3n mayoritaria de los ciudadanos que es: que la mayor\u00eda de lo jueces se sujetan a los pol\u00edticos o al Poder Ejecutivo (principalmente); que las personas y las empresas u organizaciones que obtienen sentencias favorables y ganan los juicios son los que tienen m\u00e1s dinero y; que el nepotismo es la moneda de curso legal en ese Poder. &nbsp;<\/p>\n\n\n\n<p class=\"s4 wp-block-paragraph\">La&nbsp;conformaci\u00f3n de las comisiones evaluadoras de los aspirantes a magistrados y jueces de primera instancia que tendr\u00e1n derecho a participar ser\u00e1n propuestos por personas con antecedes no presentables que actuaron con cinismo, mala fe y trampas que en la historia de las elecciones gubernamentales en dos ocasiones se han anulado los&nbsp;comicios&nbsp;por culpa de estos nefandos individuos que,&nbsp;hoy en d\u00eda,&nbsp;el Poder Legislativo los pone como responsables de examinar y calificar para poder estar en la boleta.<\/p>\n\n\n\n<p class=\"s4 wp-block-paragraph\">La repetici\u00f3n de las elecciones nos cuesta mucho dinero al pueblo, entre 40 y 48 millones de pesos.<\/p>\n\n\n\n<p class=\"s4 wp-block-paragraph\">El Poder Ejecutivo y el Poder Judicial cerrar\u00e1n el c\u00edrculo y finalmente las boletas se integrar\u00e1n por los mismos bribones de siempre que hoy m\u00e1s que nunca actuar\u00e1n por consigna porque es m\u00e1s que evidente&nbsp;que responder\u00e1n a quienes los inscribir\u00e1n en las boletas mediante \u201cevaluaciones\u201d y una t\u00f3mbola.&nbsp;<\/p>\n\n\n\n<p class=\"s4 wp-block-paragraph\">Es altamente probable que la forma tan desahuciada como se est\u00e1n haciendo las Colima se est\u00e9 haciendo en otras localidades.<\/p>\n\n\n\n<p class=\"s4 wp-block-paragraph\">Quiz\u00e1 la conformaci\u00f3n del Tribuna de Disciplina&nbsp;Judicial, que es una novedad local, algo aporte al proceso de ejercer justicia, pero a como se esta llevando el proceso es de dudosa credibilidad y por tanto poco esperanzador.<\/p>\n\n\n\n<p class=\"s4 wp-block-paragraph\">En&nbsp;s\u00edntesis,&nbsp;nos&nbsp;est\u00e1n&nbsp;diciendo que sale una mafia para que entre otra mafia. No hay cambio,&nbsp;no hay&nbsp;transformaci\u00f3n&nbsp;a favor de los ciudadanos.<\/p>\n\n\n\n<p class=\"s4 wp-block-paragraph\">Lo que est\u00e1 trayendo consigo la reforma judicial es m\u00e1s incertidumbre legal y mayor desconfianza de los ciudadanos.<\/p>\n\n\n\n<p class=\"s4 wp-block-paragraph\">Este tipo de procedimientos no motiva a ir a votar por los nuevos magistrados y jueces.<\/p>\n\n\n\n<p class=\"s4 wp-block-paragraph\">Los dados est\u00e1n cargados a favor de los perfiles que van a imponer los miembros de la c\u00fapula del poder, es decir, la Mafia de las Amiguis.<\/p>\n\n\n\n<p class=\"s4 wp-block-paragraph\">Hay prisa por gastarse 48 millones de pesos para decir que en Colima las cosas son democr\u00e1ticas cuando en realidad hay un verticalismo feroz.&nbsp;<\/p>\n\n\n\n<p class=\"s4 wp-block-paragraph\">En Colima no se ha querido aplicar la revocaci\u00f3n de mandato porque saben que no saldr\u00edan bien librados.<\/p>\n\n\n\n<p class=\"s4 wp-block-paragraph\">Legalmente en Colima qued\u00f3 registrado que les negaron a los ciudadanos organizar una revocaci\u00f3n de mandato. La propuesta de revocaci\u00f3n de mandato de Morena es pura demagogia. (Colima y Sinaloa lo tienen documentado)<\/p>\n\n\n\n<p class=\"s4 wp-block-paragraph\">En el caso de Sinaloa el presidente de la Mesa Directiva&nbsp;del Senado, Gerardo&nbsp;Fern\u00e1ndez&nbsp;Noro\u00f1a, declar\u00f3&nbsp;que \u201cRespaldamos plenamente a nuestro compa\u00f1ero&nbsp;Rub\u00e9nRocha Moya, a pesar de la crisis de violencia y las marchas en su contra\u201d.&nbsp;Noro\u00f1a asegura que Morena apoya al gobernador de Sinaloa,&nbsp;adem\u00e1s, el presidente del&nbsp;Senadodej\u00f3 claro que no hay discusi\u00f3n sobre su permanencia.<\/p>\n\n\n\n<p class=\"s4 wp-block-paragraph\">Dijo que los mecanismos para removerlos ah\u00ed est\u00e1n, pero se le olvid\u00f3 decir que los ciudadanos solicitaron al instituto local electoral los formatos y \u00e9ste los neg\u00f3.<\/p>\n\n\n\n<p class=\"s4 wp-block-paragraph\">En pocas palabras los dichos de Noro\u00f1a caen en la vulgar demagogia&nbsp;al mejor estilo del PRI.<\/p>\n\n\n\n<p class=\"s4 wp-block-paragraph\">En&nbsp;Colima los procedimientos para instrumentar las elecciones del Poder Judicial est\u00e1n dise\u00f1ados para que impere la corrupci\u00f3n de siempre, la no innovaci\u00f3n, la sustituci\u00f3n de mafias con el agregado que se har\u00e1n elecciones para simular una democracia participativa que nos costar\u00e1 a los colimenses 48 millones de pesos.<\/p>\n\n\n\n<p class=\"s4 wp-block-paragraph\">Desde ahora lo digo, es una decepci\u00f3n el proceso de las elecciones judiciales en Colima. Tal vez no vale la pena ir a votar.&nbsp;<\/p>\n\n\n\n<p class=\"s4 wp-block-paragraph\">La farsa ser\u00e1 la esencia de las pr\u00f3ximas elecciones del Poder Judicial estatal. Elecciones de cart\u00f3n muy ad hoc del gobierno local que tenemos.&nbsp;<\/p>\n\n\n\n<p class=\"s4 wp-block-paragraph\">No solamente se trata de ir a votar, el proceso cuenta.&nbsp;<\/p>\n\n\n\n<p class=\"s4 wp-block-paragraph\">Se ve que est\u00e1n disfrutando de las mieles del poder, pero muy pronto estar\u00e1n ingiriendo hieles del desencanto popular.<\/p>\n<div class=\"fb-background-color\">\n\t\t\t  <div \n\t\t\t  \tclass = \"fb-comments\" \n\t\t\t  \tdata-href = \"https:\/\/diarioavanzada.com.mx\/?p=73710\"\n\t\t\t  \tdata-numposts = \"10\"\n\t\t\t  \tdata-lazy = \"true\"\n\t\t\t\tdata-colorscheme = \"light\"\n\t\t\t\tdata-order-by = \"social\"\n\t\t\t\tdata-mobile=true>\n\t\t\t  <\/div><\/div>\n\t\t  <style>\n\t\t    .fb-background-color {\n\t\t\t\tbackground:  !important;\n\t\t\t}\n\t\t\t.fb_iframe_widget_fluid_desktop iframe {\n\t\t\t    width: 100% !important;\n\t\t\t}\n\t\t  <\/style>\n\t\t  ","protected":false},"excerpt":{"rendered":"<p>Columna El Puercoesp\u00edn&nbsp; Cuando se propuso la reforma del Poder Judicial en mucho de los mexicanos levant\u00f3 grandes esperanzas de terminar por abrir un Poder herm\u00e9tico del cual no sab\u00edamos nada, o\u00edamos hablar del Poder Judicial y tembl\u00e1bamos o seguimos temblando porque de \u00e9ste tenemos la percepci\u00f3n de&nbsp;que&nbsp;todo juez act\u00faa por consigna. La forma en [&hellip;]<\/p>\n","protected":false},"author":9,"featured_media":73711,"comment_status":"closed","ping_status":"closed","sticky":false,"template":"","format":"standard","meta":{"_coblocks_attr":"","_coblocks_dimensions":"","_coblocks_responsive_height":"","_coblocks_accordion_ie_support":"","advanced_seo_description":"","jetpack_seo_html_title":"","jetpack_seo_noindex":false,"jetpack_seo_schema_type":"","_jetpack_newsletter_access":"","_jetpack_dont_email_post_to_subs":false,"_jetpack_newsletter_tier_id":0,"_jetpack_memberships_contains_paywalled_content":false,"_wpcom_ai_launchpad_first_post":false,"_jetpack_feature_clip_id":0,"_jetpack_memberships_contains_paid_content":false,"footnotes":"","jetpack_post_was_ever_published":false},"categories":[19,209,24],"tags":[],"class_list":["post-73710","post","type-post","status-publish","format-standard","has-post-thumbnail","hentry","category-colima","category-importantes","category-opinion"],"jetpack-related-posts":[],"jetpack_sharing_enabled":true,"amp_enabled":true,"jetpack_featured_media_url":"https:\/\/diarioavanzada.com.mx\/wp-content\/uploads\/2025\/01\/img_4483-1.jpg","_links":{"self":[{"href":"https:\/\/diarioavanzada.com.mx\/index.php?rest_route=\/wp\/v2\/posts\/73710","targetHints":{"allow":["GET"]}}],"collection":[{"href":"https:\/\/diarioavanzada.com.mx\/index.php?rest_route=\/wp\/v2\/posts"}],"about":[{"href":"https:\/\/diarioavanzada.com.mx\/index.php?rest_route=\/wp\/v2\/types\/post"}],"author":[{"embeddable":true,"href":"https:\/\/diarioavanzada.com.mx\/index.php?rest_route=\/wp\/v2\/users\/9"}],"replies":[{"embeddable":true,"href":"https:\/\/diarioavanzada.com.mx\/index.php?rest_route=%2Fwp%2Fv2%2Fcomments&post=73710"}],"version-history":[{"count":2,"href":"https:\/\/diarioavanzada.com.mx\/index.php?rest_route=\/wp\/v2\/posts\/73710\/revisions"}],"predecessor-version":[{"id":73713,"href":"https:\/\/diarioavanzada.com.mx\/index.php?rest_route=\/wp\/v2\/posts\/73710\/revisions\/73713"}],"wp:featuredmedia":[{"embeddable":true,"href":"https:\/\/diarioavanzada.com.mx\/index.php?rest_route=\/wp\/v2\/media\/73711"}],"wp:attachment":[{"href":"https:\/\/diarioavanzada.com.mx\/index.php?rest_route=%2Fwp%2Fv2%2Fmedia&parent=73710"}],"wp:term":[{"taxonomy":"category","embeddable":true,"href":"https:\/\/diarioavanzada.com.mx\/index.php?rest_route=%2Fwp%2Fv2%2Fcategories&post=73710"},{"taxonomy":"post_tag","embeddable":true,"href":"https:\/\/diarioavanzada.com.mx\/index.php?rest_route=%2Fwp%2Fv2%2Ftags&post=73710"}],"curies":[{"name":"wp","href":"https:\/\/api.w.org\/{rel}","templated":true}]}}