{"id":73548,"date":"2025-01-29T06:46:36","date_gmt":"2025-01-29T12:46:36","guid":{"rendered":"https:\/\/diarioavanzada.com.mx\/?p=73548"},"modified":"2025-01-29T06:46:36","modified_gmt":"2025-01-29T12:46:36","slug":"mexico-morena-y-el-desafio-de-donaldtrump","status":"publish","type":"post","link":"https:\/\/diarioavanzada.com.mx\/?p=73548","title":{"rendered":"M\u00e9xico, Morena y el&nbsp;desaf\u00edo&nbsp;de DonaldTrump"},"content":{"rendered":"\n<p class=\"s3 wp-block-paragraph\">Columna<\/p>\n\n\n\n<p class=\"s3 wp-block-paragraph\">El Puercoesp\u00edn&nbsp;<\/p>\n\n\n\n<p class=\"s6 wp-block-paragraph\">Veo en M\u00e9xico a una oposici\u00f3n esperanzada en que M\u00e9xico colapse por la v\u00eda de la deportaci\u00f3n de los migrantes mexicanos, la contenci\u00f3n de las&nbsp;remesas y la imposici\u00f3n de aranceles extraordinarios.&nbsp;<\/p>\n\n\n\n<p class=\"s6 wp-block-paragraph\">Si bien, al principio, la oposici\u00f3n en M\u00e9xico&nbsp;repudiaba&nbsp;a DonaldTrump para presentarnos una cara muy dem\u00f3crata,&nbsp;hoy en masa,muy descaradamente,&nbsp;la mayor\u00eda&nbsp;de la oposici\u00f3n&nbsp;quieren que triunfe el proyecto fascista de Trump;&nbsp;otra parte de la oposici\u00f3n,m\u00e1s mesurada,&nbsp;est\u00e1 esperando un colapso de la econom\u00eda que ven inminente; sin embargo, no suceder\u00e1 as\u00ed porque el entrelazamiento de nuestros pa\u00edses es muy complejo.<\/p>\n\n\n\n<p class=\"s6 wp-block-paragraph\">Las medidas antiinmigrantes implementadas por la nueva&nbsp;administraci\u00f3n estadounidense de&nbsp;Donald Trump&nbsp;no tendr\u00edan un impacto significativo en el flujo de&nbsp;remesas&nbsp;enviadas desde Estados Unidos a M\u00e9xico, seg\u00fan un an\u00e1lisis del&nbsp;BBVA&nbsp;Research&nbsp;publicado este mi\u00e9rcoles&nbsp;22 de enero.<\/p>\n\n\n\n<p class=\"s6 wp-block-paragraph\">En la nota, incluso recuerda que, durante la primera Administraci\u00f3n de Trump (2017-2021), las&nbsp;remesas&nbsp;a M\u00e9xico crecieron m\u00e1s del 50%, y la instituci\u00f3n financiera prev\u00e9 que el panorama actual ser\u00e1 similar.<\/p>\n\n\n\n<p class=\"s6 wp-block-paragraph\">\u201cSi llegara a darse una reducci\u00f3n en las&nbsp;remesas&nbsp;a M\u00e9xico se explicar\u00e1 principalmente por menos oportunidades de empleo para los migrantes (desaceleraci\u00f3n econ\u00f3mica), y no por factores relacionados a la pol\u00edtica migratoria estadounidense\u201d, explica el documento.<\/p>\n\n\n\n<p class=\"s6 wp-block-paragraph\">Actualmente, hay m\u00e1s de 12 millones de migrantes mexicanos en Estados Unidos, de los que 4,1 millones carecen de documentaci\u00f3n legal, cit\u00f3 el reporte.<\/p>\n\n\n\n<p class=\"s6 wp-block-paragraph\">Por ello,&nbsp;BBVA&nbsp;enfatiz\u00f3 que solo un tercio de los mexicanos en el pa\u00eds vecino son indocumentados, lo que limitar\u00eda el impacto de eventuales deportaciones masivas en el flujo de&nbsp;remesas.<\/p>\n\n\n\n<p class=\"s6 wp-block-paragraph\">Adem\u00e1s, precis\u00f3 que una menor oferta laboral migrante podr\u00eda incrementar los salarios de los trabajadores existentes, fortaleciendo su capacidad de env\u00edo de&nbsp;remesas.<\/p>\n\n\n\n<p class=\"s6 wp-block-paragraph\">Los anterior significa que las remesas que son una importante inyecci\u00f3n de liquides al pa\u00eds,&nbsp;en el peor de los escenarios,caer\u00edan un tercio, algo muy superable, por lo tanto, la cosa no va por ah\u00ed.<\/p>\n\n\n\n<p class=\"s6 wp-block-paragraph\">M\u00e9xico se ha beneficiados por la vecindad de los EE. UU., ya que, los americanos han tolerado la&nbsp;inmigraci\u00f3n de&nbsp;mexicanos para despresurizar las demandas de los mexicanos que no encuentran un trabajo bien remunerado que les d\u00e9 la oportunidad de una vida&nbsp;decorosa en nuestro propio pa\u00eds.<\/p>\n\n\n\n<p class=\"s6 wp-block-paragraph\">El PRI, el PAN y ahora Morena tuvieron y tienen en las remesas una inyecci\u00f3n de divisas para&nbsp;que&nbsp;miles de rancher\u00edas sobrevivan.<\/p>\n\n\n\n<p class=\"s6 wp-block-paragraph\">Hay que reconocer que la actual presidenta est\u00e1 muy atenta a las amenazas de la imposici\u00f3n de aranceles y sanciones financieras de cualquier tipo. Lo m\u00e1s probable es que el tratado de libre comercio sea renegociado en forma adelantada y los aranceles extraordinarios s\u00ed&nbsp;meten presi\u00f3n a la econom\u00eda de M\u00e9xico, pero est\u00e1 muy lejos de colapsar y someterla a una crisis financiera eludible.<\/p>\n\n\n\n<p class=\"s6 wp-block-paragraph\">Desde mi punto de vista la verdadera amenaza de los Estados Unidos vendr\u00e1 por la presi\u00f3n sobre el control de la violencia.<\/p>\n\n\n\n<p class=\"s6 wp-block-paragraph\">En M\u00e9xico los ciudadanos estamos entrando en un periodo de hartazgos de la violencia producida por el crimen organizado, es decir, por los narcotraficantes y sus socios en el gobierno. &nbsp;<\/p>\n\n\n\n<p class=\"s6 wp-block-paragraph\">Algunos gobernadores de Morena no parecen tomar muy en serio las amenazas de Trump de castigar a los miembros del crimen organizado y a los gobernantes ligados org\u00e1nicamente a estos.&nbsp;<\/p>\n\n\n\n<p class=\"s6 wp-block-paragraph\">La presidenta en forma muy h\u00e1bil habla de que es el pueblo el que pone y el que quita a los gobernadores y no es responsabilidad de la Presidencia influir para castigar a los gobernadores olvidando que fue Morena quien propuso un mecanismo para salvar esta situaci\u00f3n antidemocr\u00e1tica del pasado: la revocaci\u00f3n de mandato.<\/p>\n\n\n\n<p class=\"s6 wp-block-paragraph\">En un video que circula en la red social X&nbsp;el periodista&nbsp;Jes\u00fas Lemus habla de que en las elecciones de Sinaloa quien m\u00e1s aport\u00f3 a la campa\u00f1a de Rub\u00e9n Rocha Moya&nbsp;y de Claudia&nbsp;fue&nbsp;elyerno&nbsp;de Rocha Moya. Incluso comenta que gran cantidad de personajes de Morena se acercaron a Rocha Moya para que su yerno los apoyara.<\/p>\n\n\n\n<p class=\"s6 wp-block-paragraph\">Yo si estoy convencido que Trump bajo el argumento, v\u00e1lido, por cierto, del aumento de la violencia de alto impacto y de las repercusiones en los EE. UU. el est\u00e1 viendo justificarse ante sus electores y est\u00e1 muy dispuesto a hacerlo.<\/p>\n\n\n\n<p class=\"s6 wp-block-paragraph\">Los mexicanos tenemos una cultura muy nacionalista que est\u00e1 por el respeto a la soberan\u00eda nacional pero tambi\u00e9n estamos hartos de la corrupci\u00f3n de los malos gobernadores.<\/p>\n\n\n\n<p class=\"s6 wp-block-paragraph\">Si M\u00e9xico tiene que investigar y castigar a los gobernadores y a cualquier pol\u00edtico involucrado con el crimen organizado debe ser investigado y entregado a la justicia y no cubrirse con el manto de la defensa de la soberan\u00eda nacional, porque se trata de cosas perfectamente diferentes. &nbsp;<\/p>\n<div class=\"fb-background-color\">\n\t\t\t  <div \n\t\t\t  \tclass = \"fb-comments\" \n\t\t\t  \tdata-href = \"https:\/\/diarioavanzada.com.mx\/?p=73548\"\n\t\t\t  \tdata-numposts = \"10\"\n\t\t\t  \tdata-lazy = \"true\"\n\t\t\t\tdata-colorscheme = \"light\"\n\t\t\t\tdata-order-by = \"social\"\n\t\t\t\tdata-mobile=true>\n\t\t\t  <\/div><\/div>\n\t\t  <style>\n\t\t    .fb-background-color {\n\t\t\t\tbackground:  !important;\n\t\t\t}\n\t\t\t.fb_iframe_widget_fluid_desktop iframe {\n\t\t\t    width: 100% !important;\n\t\t\t}\n\t\t  <\/style>\n\t\t  ","protected":false},"excerpt":{"rendered":"<p>Columna El Puercoesp\u00edn&nbsp; Veo en M\u00e9xico a una oposici\u00f3n esperanzada en que M\u00e9xico colapse por la v\u00eda de la deportaci\u00f3n de los migrantes mexicanos, la contenci\u00f3n de las&nbsp;remesas y la imposici\u00f3n de aranceles extraordinarios.&nbsp; Si bien, al principio, la oposici\u00f3n en M\u00e9xico&nbsp;repudiaba&nbsp;a DonaldTrump para presentarnos una cara muy dem\u00f3crata,&nbsp;hoy en masa,muy descaradamente,&nbsp;la mayor\u00eda&nbsp;de la oposici\u00f3n&nbsp;quieren [&hellip;]<\/p>\n","protected":false},"author":9,"featured_media":73547,"comment_status":"closed","ping_status":"closed","sticky":false,"template":"","format":"standard","meta":{"_coblocks_attr":"","_coblocks_dimensions":"","_coblocks_responsive_height":"","_coblocks_accordion_ie_support":"","advanced_seo_description":"","jetpack_seo_html_title":"","jetpack_seo_noindex":false,"jetpack_seo_schema_type":"","_jetpack_newsletter_access":"","_jetpack_dont_email_post_to_subs":false,"_jetpack_newsletter_tier_id":0,"_jetpack_memberships_contains_paywalled_content":false,"_wpcom_ai_launchpad_first_post":false,"_jetpack_feature_clip_id":0,"_jetpack_memberships_contains_paid_content":false,"footnotes":"","jetpack_post_was_ever_published":false},"categories":[19,209,24],"tags":[],"class_list":["post-73548","post","type-post","status-publish","format-standard","has-post-thumbnail","hentry","category-colima","category-importantes","category-opinion"],"jetpack-related-posts":[],"jetpack_sharing_enabled":true,"amp_enabled":true,"jetpack_featured_media_url":"https:\/\/diarioavanzada.com.mx\/wp-content\/uploads\/2025\/01\/img_4415-1.jpg","_links":{"self":[{"href":"https:\/\/diarioavanzada.com.mx\/index.php?rest_route=\/wp\/v2\/posts\/73548","targetHints":{"allow":["GET"]}}],"collection":[{"href":"https:\/\/diarioavanzada.com.mx\/index.php?rest_route=\/wp\/v2\/posts"}],"about":[{"href":"https:\/\/diarioavanzada.com.mx\/index.php?rest_route=\/wp\/v2\/types\/post"}],"author":[{"embeddable":true,"href":"https:\/\/diarioavanzada.com.mx\/index.php?rest_route=\/wp\/v2\/users\/9"}],"replies":[{"embeddable":true,"href":"https:\/\/diarioavanzada.com.mx\/index.php?rest_route=%2Fwp%2Fv2%2Fcomments&post=73548"}],"version-history":[{"count":0,"href":"https:\/\/diarioavanzada.com.mx\/index.php?rest_route=\/wp\/v2\/posts\/73548\/revisions"}],"wp:featuredmedia":[{"embeddable":true,"href":"https:\/\/diarioavanzada.com.mx\/index.php?rest_route=\/wp\/v2\/media\/73547"}],"wp:attachment":[{"href":"https:\/\/diarioavanzada.com.mx\/index.php?rest_route=%2Fwp%2Fv2%2Fmedia&parent=73548"}],"wp:term":[{"taxonomy":"category","embeddable":true,"href":"https:\/\/diarioavanzada.com.mx\/index.php?rest_route=%2Fwp%2Fv2%2Fcategories&post=73548"},{"taxonomy":"post_tag","embeddable":true,"href":"https:\/\/diarioavanzada.com.mx\/index.php?rest_route=%2Fwp%2Fv2%2Ftags&post=73548"}],"curies":[{"name":"wp","href":"https:\/\/api.w.org\/{rel}","templated":true}]}}