{"id":73480,"date":"2025-01-28T12:43:53","date_gmt":"2025-01-28T18:43:53","guid":{"rendered":"https:\/\/diarioavanzada.com.mx\/?p=73480"},"modified":"2025-01-28T12:43:53","modified_gmt":"2025-01-28T18:43:53","slug":"renuncia-el-comite-de-evaluacion-del-poder-judicial-ante-conflicto-juridico","status":"publish","type":"post","link":"https:\/\/diarioavanzada.com.mx\/?p=73480","title":{"rendered":"Renuncia el Comit\u00e9 de Evaluaci\u00f3n del Poder Judicial ante conflicto jur\u00eddico"},"content":{"rendered":"\n<p class=\"p1 wp-block-paragraph\">M\u00e9xico, Avanzada (28\/01\/2025).- Los cinco integrantes del Comit\u00e9 de Evaluaci\u00f3n del Poder Judicial de la Federaci\u00f3n presentaron su renuncia inmediata e irrevocable, argumentando la imposibilidad jur\u00eddica de culminar con el proceso que les fue encomendado. La dimisi\u00f3n ocurre en medio de un conflicto competencial entre la Suprema Corte de Justicia de la Naci\u00f3n (SCJN), el Tribunal Electoral del Poder Judicial de la Federaci\u00f3n (TEPJF) y jueces federales.<\/p>\n\n\n\n<p class=\"p1 wp-block-paragraph\">El comit\u00e9, integrado por Wilfrido Casta\u00f1\u00f3n Le\u00f3n, M\u00f3nica Gonz\u00e1lez Contr\u00f3, Emma Meza Fonseca, Hortencia Mar\u00eda Emilia Molina de la Puente y Luis Enrique Pereda Trejo, destac\u00f3 en su comunicado que su labor se vio obstaculizada por sentencias contradictorias. Un juez de amparo les orden\u00f3 frenar la evaluaci\u00f3n de candidatos, mientras que el TEPJF les exigi\u00f3 continuar. Ante esta situaci\u00f3n, el comit\u00e9 recurri\u00f3 a la SCJN para resolver el conflicto; sin embargo, un nuevo fallo del Tribunal Electoral orden\u00f3 al Senado designar las candidaturas mediante sorteo, lo que termin\u00f3 por detonar su decisi\u00f3n.<\/p>\n\n\n\n<p class=\"p1 wp-block-paragraph\">En el escrito dirigido a la SCJN, los integrantes se\u00f1alaron:<\/p>\n\n\n\n<p class=\"p1 wp-block-paragraph\">\u201cAceptamos el cargo con la convicci\u00f3n de que este comit\u00e9 garantizar\u00eda la llegada de perfiles profesionales al proceso de elecci\u00f3n judicial. Sin embargo, hoy percibimos inviable la tarea constitucional que se nos encomend\u00f3.\u201d<\/p>\n\n\n\n<p class=\"p1 wp-block-paragraph\">Desde su instalaci\u00f3n, el comit\u00e9 hab\u00eda trabajado en una agenda dirigida a seleccionar a los mejores perfiles para jueces, magistrados y ministros, como parte de la reforma constitucional al Poder Judicial. No obstante, las diferencias jur\u00eddicas y la intervenci\u00f3n del TEPJF hicieron imposible continuar con sus labores.<\/p>\n\n\n\n<p class=\"p1 wp-block-paragraph\">Ante la renuncia, el presidente de la Mesa Directiva del Senado, Gerardo Fern\u00e1ndez Noro\u00f1a, confirm\u00f3 que los aspirantes registrados ser\u00e1n seleccionados mediante sorteo, lo que elimina el proceso de evaluaci\u00f3n originalmente previsto.<\/p>\n\n\n\n<p class=\"p1 wp-block-paragraph\">Con la salida de los integrantes del comit\u00e9, la responsabilidad de definir a los candidatos recae exclusivamente en el Comit\u00e9 de Evaluaci\u00f3n del Poder Legislativo y del Poder Ejecutivo, quienes deber\u00e1n entregar las listas finales de los aspirantes a m\u00e1s tardar el 31 de enero de 2025.<\/p>\n\n\n\n<figure class=\"wp-block-image size-large\"><img loading=\"lazy\" decoding=\"async\" width=\"798\" height=\"1024\" src=\"https:\/\/diarioavanzada.com.mx\/wp-content\/uploads\/2025\/01\/img_6818-1-798x1024.jpg\" alt=\"\" class=\"wp-image-73478\" srcset=\"https:\/\/diarioavanzada.com.mx\/wp-content\/uploads\/2025\/01\/img_6818-1-798x1024.jpg 798w, https:\/\/diarioavanzada.com.mx\/wp-content\/uploads\/2025\/01\/img_6818-1-234x300.jpg 234w, https:\/\/diarioavanzada.com.mx\/wp-content\/uploads\/2025\/01\/img_6818-1-768x985.jpg 768w, https:\/\/diarioavanzada.com.mx\/wp-content\/uploads\/2025\/01\/img_6818-1.jpg 998w\" sizes=\"auto, (max-width: 798px) 100vw, 798px\" \/><\/figure>\n<div class=\"fb-background-color\">\n\t\t\t  <div \n\t\t\t  \tclass = \"fb-comments\" \n\t\t\t  \tdata-href = \"https:\/\/diarioavanzada.com.mx\/?p=73480\"\n\t\t\t  \tdata-numposts = \"10\"\n\t\t\t  \tdata-lazy = \"true\"\n\t\t\t\tdata-colorscheme = \"light\"\n\t\t\t\tdata-order-by = \"social\"\n\t\t\t\tdata-mobile=true>\n\t\t\t  <\/div><\/div>\n\t\t  <style>\n\t\t    .fb-background-color {\n\t\t\t\tbackground:  !important;\n\t\t\t}\n\t\t\t.fb_iframe_widget_fluid_desktop iframe {\n\t\t\t    width: 100% !important;\n\t\t\t}\n\t\t  <\/style>\n\t\t  ","protected":false},"excerpt":{"rendered":"<p>M\u00e9xico, Avanzada (28\/01\/2025).- Los cinco integrantes del Comit\u00e9 de Evaluaci\u00f3n del Poder Judicial de la Federaci\u00f3n presentaron su renuncia inmediata e irrevocable, argumentando la imposibilidad jur\u00eddica de culminar con el proceso que les fue encomendado. La dimisi\u00f3n ocurre en medio de un conflicto competencial entre la Suprema Corte de Justicia de la Naci\u00f3n (SCJN), el [&hellip;]<\/p>\n","protected":false},"author":7,"featured_media":73479,"comment_status":"closed","ping_status":"closed","sticky":false,"template":"","format":"standard","meta":{"_coblocks_attr":"","_coblocks_dimensions":"","_coblocks_responsive_height":"","_coblocks_accordion_ie_support":"","_crdt_document":"","advanced_seo_description":"","jetpack_seo_html_title":"","jetpack_seo_noindex":false,"_jetpack_memberships_contains_paid_content":false,"footnotes":""},"categories":[22,7],"tags":[],"class_list":["post-73480","post","type-post","status-publish","format-standard","has-post-thumbnail","hentry","category-nacion","category-noticias"],"jetpack_featured_media_url":"https:\/\/diarioavanzada.com.mx\/wp-content\/uploads\/2025\/01\/img_6821-1.jpg","jetpack-related-posts":[],"jetpack_sharing_enabled":true,"amp_enabled":true,"_links":{"self":[{"href":"https:\/\/diarioavanzada.com.mx\/index.php?rest_route=\/wp\/v2\/posts\/73480","targetHints":{"allow":["GET"]}}],"collection":[{"href":"https:\/\/diarioavanzada.com.mx\/index.php?rest_route=\/wp\/v2\/posts"}],"about":[{"href":"https:\/\/diarioavanzada.com.mx\/index.php?rest_route=\/wp\/v2\/types\/post"}],"author":[{"embeddable":true,"href":"https:\/\/diarioavanzada.com.mx\/index.php?rest_route=\/wp\/v2\/users\/7"}],"replies":[{"embeddable":true,"href":"https:\/\/diarioavanzada.com.mx\/index.php?rest_route=%2Fwp%2Fv2%2Fcomments&post=73480"}],"version-history":[{"count":1,"href":"https:\/\/diarioavanzada.com.mx\/index.php?rest_route=\/wp\/v2\/posts\/73480\/revisions"}],"predecessor-version":[{"id":73481,"href":"https:\/\/diarioavanzada.com.mx\/index.php?rest_route=\/wp\/v2\/posts\/73480\/revisions\/73481"}],"wp:featuredmedia":[{"embeddable":true,"href":"https:\/\/diarioavanzada.com.mx\/index.php?rest_route=\/wp\/v2\/media\/73479"}],"wp:attachment":[{"href":"https:\/\/diarioavanzada.com.mx\/index.php?rest_route=%2Fwp%2Fv2%2Fmedia&parent=73480"}],"wp:term":[{"taxonomy":"category","embeddable":true,"href":"https:\/\/diarioavanzada.com.mx\/index.php?rest_route=%2Fwp%2Fv2%2Fcategories&post=73480"},{"taxonomy":"post_tag","embeddable":true,"href":"https:\/\/diarioavanzada.com.mx\/index.php?rest_route=%2Fwp%2Fv2%2Ftags&post=73480"}],"curies":[{"name":"wp","href":"https:\/\/api.w.org\/{rel}","templated":true}]}}