{"id":73461,"date":"2025-01-28T08:43:06","date_gmt":"2025-01-28T14:43:06","guid":{"rendered":"https:\/\/diarioavanzada.com.mx\/?p=73461"},"modified":"2025-01-28T08:43:06","modified_gmt":"2025-01-28T14:43:06","slug":"el-29-de-los-hogares-en-colima-tiene-al-menos-una-victima-de-delito-inegi","status":"publish","type":"post","link":"https:\/\/diarioavanzada.com.mx\/?p=73461","title":{"rendered":"El 29 % de los hogares en Colima tiene al menos una v\u00edctima de delito: INEGI"},"content":{"rendered":"\n<p class=\"wp-block-paragraph\">Colima, M\u00e9xico, Avanzada (27\/01\/2025).- Mientras el discurso oficial en Colima sostiene que los delitos van a la baja, la realidad que reflejan los datos de la Encuesta Nacional de Seguridad P\u00fablica Urbana (ENSU), elaborada por el Instituto Nacional de Estad\u00edstica y Geograf\u00eda (INEGI), muestra un panorama distinto. Seg\u00fan los resultados del segundo semestre de 2024, casi la tercera parte de los hogares en la entidad han sido v\u00edctimas de delitos como extorsi\u00f3n, robo o fraude.<\/p>\n\n\n\n<p class=\"wp-block-paragraph\">De acuerdo con la ENSU, el 29 por ciento de los hogares en la capital colimense report\u00f3 que al menos uno de sus integrantes fue v\u00edctima de estos delitos. En Manzanillo, el porcentaje se ubic\u00f3 en 24.6 por ciento.<\/p>\n\n\n\n<p class=\"wp-block-paragraph\">Adem\u00e1s, la percepci\u00f3n ciudadana muestra un incremento del sentimiento de inseguridad. En Manzanillo, el 55.4 por ciento de los ciudadanos mayores de 18 a\u00f1os se sent\u00eda inseguro en diciembre de 2023, cifra que aument\u00f3 a 61.1 por ciento al cierre de 2024. En la ciudad de Colima, la percepci\u00f3n de inseguridad pas\u00f3 del 70.5 por ciento en diciembre de 2023 al 73.8 por ciento un a\u00f1o despu\u00e9s.<\/p>\n\n\n\n<p class=\"wp-block-paragraph\">Otro dato relevante que destaca la ENSU es la baja confianza de los ciudadanos en las autoridades locales. Solo el 36.7 por ciento de los manzanillenses consideran efectivo el actuar de su gobierno municipal, mientras que en la ciudad de Colima, ese indicador se redujo a 22.3 por ciento.<\/p>\n\n\n\n<p class=\"wp-block-paragraph\">La corrupci\u00f3n tambi\u00e9n sigue siendo un problema latente. Durante el segundo semestre de 2024, el 23.9 por ciento de los ciudadanos en Manzanillo que tuvieron contacto con las autoridades de seguridad p\u00fablica reportaron haber experimentado alg\u00fan acto de corrupci\u00f3n. En Colima capital fue del 34.9 por ciento.<\/p>\n\n\n\n<p class=\"wp-block-paragraph\">Como ha sucedido en trimestres anteriores, los cajeros autom\u00e1ticos en la v\u00eda p\u00fablica contin\u00faan siendo considerados los lugares m\u00e1s inseguros por los ciudadanos. En contraste, la Marina sigue siendo la instituci\u00f3n con mayor reconocimiento en la lucha contra la delincuencia, con un 87.6 por ciento de aprobaci\u00f3n, seguida por el Ej\u00e9rcito con 83.4 por ciento y la Fuerza A\u00e9rea con 83.3 por ciento.<\/p>\n<div class=\"fb-background-color\">\n\t\t\t  <div \n\t\t\t  \tclass = \"fb-comments\" \n\t\t\t  \tdata-href = \"https:\/\/diarioavanzada.com.mx\/?p=73461\"\n\t\t\t  \tdata-numposts = \"10\"\n\t\t\t  \tdata-lazy = \"true\"\n\t\t\t\tdata-colorscheme = \"light\"\n\t\t\t\tdata-order-by = \"social\"\n\t\t\t\tdata-mobile=true>\n\t\t\t  <\/div><\/div>\n\t\t  <style>\n\t\t    .fb-background-color {\n\t\t\t\tbackground:  !important;\n\t\t\t}\n\t\t\t.fb_iframe_widget_fluid_desktop iframe {\n\t\t\t    width: 100% !important;\n\t\t\t}\n\t\t  <\/style>\n\t\t  ","protected":false},"excerpt":{"rendered":"<p>Colima, M\u00e9xico, Avanzada (27\/01\/2025).- Mientras el discurso oficial en Colima sostiene que los delitos van a la baja, la realidad que reflejan los datos de la Encuesta Nacional de Seguridad P\u00fablica Urbana (ENSU), elaborada por el Instituto Nacional de Estad\u00edstica y Geograf\u00eda (INEGI), muestra un panorama distinto. Seg\u00fan los resultados del segundo semestre de 2024, [&hellip;]<\/p>\n","protected":false},"author":7,"featured_media":73482,"comment_status":"closed","ping_status":"closed","sticky":false,"template":"","format":"standard","meta":{"_coblocks_attr":"","_coblocks_dimensions":"","_coblocks_responsive_height":"","_coblocks_accordion_ie_support":"","_crdt_document":"","advanced_seo_description":"","jetpack_seo_html_title":"","jetpack_seo_noindex":false,"_jetpack_memberships_contains_paid_content":false,"footnotes":""},"categories":[22,7,231],"tags":[],"class_list":["post-73461","post","type-post","status-publish","format-standard","has-post-thumbnail","hentry","category-nacion","category-noticias","category-seguridad"],"jetpack_featured_media_url":"https:\/\/diarioavanzada.com.mx\/wp-content\/uploads\/2025\/01\/7c8a2ec7-cb2d-411b-a2fe-14303733438f-1.jpg","jetpack-related-posts":[],"jetpack_sharing_enabled":true,"amp_enabled":true,"_links":{"self":[{"href":"https:\/\/diarioavanzada.com.mx\/index.php?rest_route=\/wp\/v2\/posts\/73461","targetHints":{"allow":["GET"]}}],"collection":[{"href":"https:\/\/diarioavanzada.com.mx\/index.php?rest_route=\/wp\/v2\/posts"}],"about":[{"href":"https:\/\/diarioavanzada.com.mx\/index.php?rest_route=\/wp\/v2\/types\/post"}],"author":[{"embeddable":true,"href":"https:\/\/diarioavanzada.com.mx\/index.php?rest_route=\/wp\/v2\/users\/7"}],"replies":[{"embeddable":true,"href":"https:\/\/diarioavanzada.com.mx\/index.php?rest_route=%2Fwp%2Fv2%2Fcomments&post=73461"}],"version-history":[{"count":2,"href":"https:\/\/diarioavanzada.com.mx\/index.php?rest_route=\/wp\/v2\/posts\/73461\/revisions"}],"predecessor-version":[{"id":73463,"href":"https:\/\/diarioavanzada.com.mx\/index.php?rest_route=\/wp\/v2\/posts\/73461\/revisions\/73463"}],"wp:featuredmedia":[{"embeddable":true,"href":"https:\/\/diarioavanzada.com.mx\/index.php?rest_route=\/wp\/v2\/media\/73482"}],"wp:attachment":[{"href":"https:\/\/diarioavanzada.com.mx\/index.php?rest_route=%2Fwp%2Fv2%2Fmedia&parent=73461"}],"wp:term":[{"taxonomy":"category","embeddable":true,"href":"https:\/\/diarioavanzada.com.mx\/index.php?rest_route=%2Fwp%2Fv2%2Fcategories&post=73461"},{"taxonomy":"post_tag","embeddable":true,"href":"https:\/\/diarioavanzada.com.mx\/index.php?rest_route=%2Fwp%2Fv2%2Ftags&post=73461"}],"curies":[{"name":"wp","href":"https:\/\/api.w.org\/{rel}","templated":true}]}}