{"id":73433,"date":"2025-01-27T13:24:03","date_gmt":"2025-01-27T19:24:03","guid":{"rendered":"https:\/\/diarioavanzada.com.mx\/?p=73433"},"modified":"2025-01-27T13:32:53","modified_gmt":"2025-01-27T19:32:53","slug":"exalcaldesa-enfrenta-segunda-orden-de-aprehension-por-extorsion","status":"publish","type":"post","link":"https:\/\/diarioavanzada.com.mx\/?p=73433","title":{"rendered":"Juez ordena liberar a exalcaldesa; Fiscal\u00eda la reaprehende por extorsi\u00f3n"},"content":{"rendered":"\n<p class=\"p1 wp-block-paragraph\">M\u00e9xico, Avanzada (27\/01\/2025).- Este lunes 27 de enero continuar\u00e1 la audiencia por el primer cargo de extorsi\u00f3n en contra de Mar\u00eda del Rosario Mat\u00edas, exalcaldesa de Santo Tom\u00e1s de los Pl\u00e1tanos, donde se determinar\u00e1 su situaci\u00f3n jur\u00eddica. Aunque una jueza orden\u00f3 su liberaci\u00f3n tras exhibir dos amparos por violaciones a sus derechos durante su detenci\u00f3n el pasado 23 de enero, la Fiscal\u00eda General de Justicia del Estado de M\u00e9xico, cumpliment\u00f3 una segunda orden de aprehensi\u00f3n que la mantiene en reclusi\u00f3n.<\/p>\n\n\n\n<p class=\"p1 wp-block-paragraph\">La defensa de Mat\u00edas argument\u00f3 que el delito de extorsi\u00f3n no amerita prisi\u00f3n preventiva y denunci\u00f3 irregularidades en su detenci\u00f3n. Durante la audiencia de imputaci\u00f3n del domingo en Tenango del Valle, la jueza estatal resolvi\u00f3 declarar nula la detenci\u00f3n inicial y solicit\u00f3 su inmediata liberaci\u00f3n. Sin embargo, la Fiscal\u00eda ejecut\u00f3 la segunda orden de aprehensi\u00f3n por una causa relacionada.<\/p>\n\n\n\n<p class=\"p1 wp-block-paragraph\">Mar\u00eda del Rosario Mat\u00edas, junto con su esposo, Pedro Luis Hern\u00e1ndez, alcalde electo de Santo Tom\u00e1s de los Pl\u00e1tanos, enfrenta acusaciones de otorgar presunta protecci\u00f3n al grupo delictivo La Familia Michoacana a cambio de un supuesto pago de 15 millones de pesos para financiar su campa\u00f1a. Hern\u00e1ndez, quien deb\u00eda asumir el cargo el 17 de diciembre de 2024, se encuentra pr\u00f3fugo desde entonces, tras evadir una orden de aprehensi\u00f3n durante su toma de protesta.<\/p>\n\n\n\n<p class=\"p1 wp-block-paragraph\">Ambos son se\u00f1alados como parte de un grupo dedicado, presuntamente, a la intimidaci\u00f3n y extorsi\u00f3n de habitantes del municipio, seg\u00fan las investigaciones de las autoridades mexiquenses. Estas acciones forman parte de la \u201cOperaci\u00f3n Enjambre\u201d, un operativo conjunto entre autoridades estatales y federales para desarticular presuntos v\u00ednculos entre funcionarios municipales y el crimen organizado.<\/p>\n\n\n\n<p class=\"p1 wp-block-paragraph\">El pasado jueves 23 de enero, agentes ministeriales detuvieron a Mar\u00eda del Rosario Mat\u00edas en una vivienda ubicada en los l\u00edmites de Toluca y Metepec. A pesar de los amparos promovidos por su defensa, la pol\u00edtica permanecer\u00e1 recluida en el penal de Santiaguito mientras se desahogan las audiencias por los cargos que enfrenta.<\/p>\n\n\n\n<p class=\"p1 wp-block-paragraph\">Por su parte, la FGJEM inform\u00f3 que se mantiene la b\u00fasqueda activa de Pedro Luis Hern\u00e1ndez y contin\u00faa con las investigaciones sobre posibles nexos entre funcionarios locales y organizaciones criminales.<\/p>\n<div class=\"fb-background-color\">\n\t\t\t  <div \n\t\t\t  \tclass = \"fb-comments\" \n\t\t\t  \tdata-href = \"https:\/\/diarioavanzada.com.mx\/?p=73433\"\n\t\t\t  \tdata-numposts = \"10\"\n\t\t\t  \tdata-lazy = \"true\"\n\t\t\t\tdata-colorscheme = \"light\"\n\t\t\t\tdata-order-by = \"social\"\n\t\t\t\tdata-mobile=true>\n\t\t\t  <\/div><\/div>\n\t\t  <style>\n\t\t    .fb-background-color {\n\t\t\t\tbackground:  !important;\n\t\t\t}\n\t\t\t.fb_iframe_widget_fluid_desktop iframe {\n\t\t\t    width: 100% !important;\n\t\t\t}\n\t\t  <\/style>\n\t\t  ","protected":false},"excerpt":{"rendered":"<p>M\u00e9xico, Avanzada (27\/01\/2025).- Este lunes 27 de enero continuar\u00e1 la audiencia por el primer cargo de extorsi\u00f3n en contra de Mar\u00eda del Rosario Mat\u00edas, exalcaldesa de Santo Tom\u00e1s de los Pl\u00e1tanos, donde se determinar\u00e1 su situaci\u00f3n jur\u00eddica. Aunque una jueza orden\u00f3 su liberaci\u00f3n tras exhibir dos amparos por violaciones a sus derechos durante su detenci\u00f3n [&hellip;]<\/p>\n","protected":false},"author":7,"featured_media":73432,"comment_status":"closed","ping_status":"closed","sticky":false,"template":"","format":"standard","meta":{"_coblocks_attr":"","_coblocks_dimensions":"","_coblocks_responsive_height":"","_coblocks_accordion_ie_support":"","_crdt_document":"","advanced_seo_description":"","jetpack_seo_html_title":"","jetpack_seo_noindex":false,"_jetpack_memberships_contains_paid_content":false,"footnotes":""},"categories":[22,7,231],"tags":[],"class_list":["post-73433","post","type-post","status-publish","format-standard","has-post-thumbnail","hentry","category-nacion","category-noticias","category-seguridad"],"jetpack_featured_media_url":"https:\/\/diarioavanzada.com.mx\/wp-content\/uploads\/2025\/01\/img_1606-1.jpg","jetpack-related-posts":[],"jetpack_sharing_enabled":true,"amp_enabled":true,"_links":{"self":[{"href":"https:\/\/diarioavanzada.com.mx\/index.php?rest_route=\/wp\/v2\/posts\/73433","targetHints":{"allow":["GET"]}}],"collection":[{"href":"https:\/\/diarioavanzada.com.mx\/index.php?rest_route=\/wp\/v2\/posts"}],"about":[{"href":"https:\/\/diarioavanzada.com.mx\/index.php?rest_route=\/wp\/v2\/types\/post"}],"author":[{"embeddable":true,"href":"https:\/\/diarioavanzada.com.mx\/index.php?rest_route=\/wp\/v2\/users\/7"}],"replies":[{"embeddable":true,"href":"https:\/\/diarioavanzada.com.mx\/index.php?rest_route=%2Fwp%2Fv2%2Fcomments&post=73433"}],"version-history":[{"count":2,"href":"https:\/\/diarioavanzada.com.mx\/index.php?rest_route=\/wp\/v2\/posts\/73433\/revisions"}],"predecessor-version":[{"id":73450,"href":"https:\/\/diarioavanzada.com.mx\/index.php?rest_route=\/wp\/v2\/posts\/73433\/revisions\/73450"}],"wp:featuredmedia":[{"embeddable":true,"href":"https:\/\/diarioavanzada.com.mx\/index.php?rest_route=\/wp\/v2\/media\/73432"}],"wp:attachment":[{"href":"https:\/\/diarioavanzada.com.mx\/index.php?rest_route=%2Fwp%2Fv2%2Fmedia&parent=73433"}],"wp:term":[{"taxonomy":"category","embeddable":true,"href":"https:\/\/diarioavanzada.com.mx\/index.php?rest_route=%2Fwp%2Fv2%2Fcategories&post=73433"},{"taxonomy":"post_tag","embeddable":true,"href":"https:\/\/diarioavanzada.com.mx\/index.php?rest_route=%2Fwp%2Fv2%2Ftags&post=73433"}],"curies":[{"name":"wp","href":"https:\/\/api.w.org\/{rel}","templated":true}]}}