{"id":73415,"date":"2025-01-27T08:00:13","date_gmt":"2025-01-27T14:00:13","guid":{"rendered":"https:\/\/diarioavanzada.com.mx\/?p=73415"},"modified":"2025-01-27T08:00:13","modified_gmt":"2025-01-27T14:00:13","slug":"colima-registrara-temperaturas-entre-30-y-35-c-en-la-costa-y-heladas-en-zonas-altas","status":"publish","type":"post","link":"https:\/\/diarioavanzada.com.mx\/?p=73415","title":{"rendered":"Colima registrar\u00e1 temperaturas entre 30 y 35 \u00b0C en la costa y heladas en zonas altas"},"content":{"rendered":"\n<p class=\"p1 wp-block-paragraph\">Colima, M\u00e9xico, Avanzada (27\/01\/2025).- Este lunes, el estado de Colima experimentar\u00e1 temperaturas c\u00e1lidas, con m\u00e1ximas de 30 a 35 \u00b0C en gran parte de la entidad, debido a la influencia de una circulaci\u00f3n anticicl\u00f3nica en niveles medios de la atm\u00f3sfera que predomina en el occidente del pa\u00eds.<\/p>\n\n\n\n<p class=\"p1 wp-block-paragraph\">Sin embargo, las zonas altas, especialmente las cimas monta\u00f1osas, registrar\u00e1n temperaturas de 0 a 5 \u00b0C durante las primeras horas de la ma\u00f1ana, por lo que se recomienda a la poblaci\u00f3n de estas \u00e1reas tomar precauciones ante el ambiente fr\u00edo.<\/p>\n\n\n\n<p class=\"p1 wp-block-paragraph\">En el resto de la regi\u00f3n del Pac\u00edfico Centro, el d\u00eda se caracterizar\u00e1 por cielo despejado, sin probabilidades de lluvia, y ambiente templado en las costas, mientras que en Jalisco se esperan rachas de viento de hasta 60 km\/h en su zona costera.<\/p>\n\n\n\n<p class=\"p1 wp-block-paragraph\">La Secretar\u00eda de Protecci\u00f3n Civil en Colima hace un llamado a la poblaci\u00f3n para mantenerse informada y tomar medidas preventivas, especialmente en comunidades serranas, donde el descenso de las temperaturas podr\u00eda ser significativo.<\/p>\n\n\n\n<p class=\"p1 wp-block-paragraph\">Por otra parte, se espera que el frente fr\u00edo No. 25, que afecta el norte del pa\u00eds, no genere impactos directos en la entidad. En contraste, el ambiente caluroso y el ascenso gradual de temperaturas diurnas continuar\u00e1n en los pr\u00f3ximos d\u00edas.<\/p>\n<div class=\"fb-background-color\">\n\t\t\t  <div \n\t\t\t  \tclass = \"fb-comments\" \n\t\t\t  \tdata-href = \"https:\/\/diarioavanzada.com.mx\/?p=73415\"\n\t\t\t  \tdata-numposts = \"10\"\n\t\t\t  \tdata-lazy = \"true\"\n\t\t\t\tdata-colorscheme = \"light\"\n\t\t\t\tdata-order-by = \"social\"\n\t\t\t\tdata-mobile=true>\n\t\t\t  <\/div><\/div>\n\t\t  <style>\n\t\t    .fb-background-color {\n\t\t\t\tbackground:  !important;\n\t\t\t}\n\t\t\t.fb_iframe_widget_fluid_desktop iframe {\n\t\t\t    width: 100% !important;\n\t\t\t}\n\t\t  <\/style>\n\t\t  ","protected":false},"excerpt":{"rendered":"<p>Colima, M\u00e9xico, Avanzada (27\/01\/2025).- Este lunes, el estado de Colima experimentar\u00e1 temperaturas c\u00e1lidas, con m\u00e1ximas de 30 a 35 \u00b0C en gran parte de la entidad, debido a la influencia de una circulaci\u00f3n anticicl\u00f3nica en niveles medios de la atm\u00f3sfera que predomina en el occidente del pa\u00eds. Sin embargo, las zonas altas, especialmente las cimas [&hellip;]<\/p>\n","protected":false},"author":7,"featured_media":73414,"comment_status":"closed","ping_status":"closed","sticky":false,"template":"","format":"standard","meta":{"_coblocks_attr":"","_coblocks_dimensions":"","_coblocks_responsive_height":"","_coblocks_accordion_ie_support":"","_crdt_document":"","advanced_seo_description":"","jetpack_seo_html_title":"","jetpack_seo_noindex":false,"_jetpack_memberships_contains_paid_content":false,"footnotes":""},"categories":[19,7],"tags":[],"class_list":["post-73415","post","type-post","status-publish","format-standard","has-post-thumbnail","hentry","category-colima","category-noticias"],"jetpack_featured_media_url":"https:\/\/diarioavanzada.com.mx\/wp-content\/uploads\/2025\/01\/img_6803-1.jpg","jetpack-related-posts":[],"jetpack_sharing_enabled":true,"amp_enabled":true,"_links":{"self":[{"href":"https:\/\/diarioavanzada.com.mx\/index.php?rest_route=\/wp\/v2\/posts\/73415","targetHints":{"allow":["GET"]}}],"collection":[{"href":"https:\/\/diarioavanzada.com.mx\/index.php?rest_route=\/wp\/v2\/posts"}],"about":[{"href":"https:\/\/diarioavanzada.com.mx\/index.php?rest_route=\/wp\/v2\/types\/post"}],"author":[{"embeddable":true,"href":"https:\/\/diarioavanzada.com.mx\/index.php?rest_route=\/wp\/v2\/users\/7"}],"replies":[{"embeddable":true,"href":"https:\/\/diarioavanzada.com.mx\/index.php?rest_route=%2Fwp%2Fv2%2Fcomments&post=73415"}],"version-history":[{"count":0,"href":"https:\/\/diarioavanzada.com.mx\/index.php?rest_route=\/wp\/v2\/posts\/73415\/revisions"}],"wp:featuredmedia":[{"embeddable":true,"href":"https:\/\/diarioavanzada.com.mx\/index.php?rest_route=\/wp\/v2\/media\/73414"}],"wp:attachment":[{"href":"https:\/\/diarioavanzada.com.mx\/index.php?rest_route=%2Fwp%2Fv2%2Fmedia&parent=73415"}],"wp:term":[{"taxonomy":"category","embeddable":true,"href":"https:\/\/diarioavanzada.com.mx\/index.php?rest_route=%2Fwp%2Fv2%2Fcategories&post=73415"},{"taxonomy":"post_tag","embeddable":true,"href":"https:\/\/diarioavanzada.com.mx\/index.php?rest_route=%2Fwp%2Fv2%2Ftags&post=73415"}],"curies":[{"name":"wp","href":"https:\/\/api.w.org\/{rel}","templated":true}]}}