{"id":73397,"date":"2025-01-26T21:55:58","date_gmt":"2025-01-27T03:55:58","guid":{"rendered":"https:\/\/diarioavanzada.com.mx\/?p=73397"},"modified":"2025-01-26T21:55:58","modified_gmt":"2025-01-27T03:55:58","slug":"se-instalo-en-la-secretaria-de-economia-el-comite-de-abasto-privado","status":"publish","type":"post","link":"https:\/\/diarioavanzada.com.mx\/?p=73397","title":{"rendered":"Se instal\u00f3 en la Secretar\u00eda de Econom\u00eda el Comit\u00e9 de Abasto Privado"},"content":{"rendered":"\n<p class=\"wp-block-paragraph\">M\u00e9xico, Comunicado (26\/01\/2025).-Qued\u00f3 instalado en la Secretar\u00eda de Econom\u00eda el Comit\u00e9 de Abasto Privado en Situaciones en Emergencia (PRAPSE), donde los acuerdos fueron comunicaci\u00f3n constante, seguimiento, participaci\u00f3n y realizaci\u00f3n de simulacros.<\/p>\n\n\n\n<p class=\"wp-block-paragraph\">Asistieron a la reuni\u00f3n dirigentes y representantes de c\u00e1maras empresariales, asociaciones, adem\u00e1s de dependencias federales y de la CDMX, en donde se acord\u00f3 ser un comit\u00e9 activo y permanente, con prioridad a la prevenci\u00f3n y los simulacros.<\/p>\n\n\n\n<p class=\"wp-block-paragraph\">El PREPASE tiene como objetivo&nbsp;reestablecer el abasto privado de los productos b\u00e1sicos en el menor tiempo posible en zonas afectadas por situaciones de desastre por fen\u00f3menos naturales.<\/p>\n\n\n\n<p class=\"wp-block-paragraph\">Luego de una convocatoria que los propios participantes calificaron como in\u00e9dita, directivos y representantes de organizaciones empresariales y dependencias federales, agradecieron el impulso que el secretario Marcelo Ebrard le da a este ejercicio de prevenci\u00f3n ante desastres naturales.<\/p>\n\n\n\n<p class=\"wp-block-paragraph\">As\u00ed, Ricardo Arturo Villavicencio, presidente de la CANILEC;&nbsp;Antonio Pascual Feria, presidente de ANAFARMEX;&nbsp;Miguel \u00c1ngel Far\u00edas Fern\u00e1ndez, vicepresidente de la Confederaci\u00f3n Nacional de Agrupaciones de Comerciantes de Abastos;&nbsp;Eduardo Maupom\u00e9 Orozco, vicepresidente de Abarrotes de la Uni\u00f3n de Comerciantes en Frutas, Legumbres, Abarrotes y Locales Comerciales de la Central de Abasto de la CDMX;&nbsp;entre otros, concordaron que ante los cada vez m\u00e1s evidentes desastres naturales que ocurren producto del cambio clim\u00e1tico, saludan esta iniciativa y est\u00e1n m\u00e1s que dispuestos a colaborar para mitigar estas consecuencias, por lo que es fundamental contar con un plan que sea m\u00e1s preventivo que reactivo.<\/p>\n\n\n\n<p class=\"wp-block-paragraph\">Por lo anterior, el director general de Innovaci\u00f3n, Servicios y Comercio Exterior, Jos\u00e9 Ignacio Aguado Hern\u00e1ndez, y el director general de Coordinaci\u00f3n Territorial de Tr\u00e1mites y Servicios, Marlon Mart\u00ednez P\u00e9rez, les dieron la bienvenida a nombre del secretario Marcelo Ebrard, e indicaron que la instrucci\u00f3n fue precisa, &#8220;no se trata de la foto, ni de cumplir con un requisito, sino contar con un comit\u00e9 activo, de presencia constante, de soluciones y reacci\u00f3n inmediata, as\u00ed como&nbsp;un ejemplo de metodolog\u00eda en la fase de prevenci\u00f3n&#8221;, por lo que este primer encuentro marca una l\u00ednea de acci\u00f3n que ser\u00e1&nbsp; coordinada desde la Unidad de Prospectiva, Planeaci\u00f3n y Evaluaci\u00f3n, dirigida por su titular Carlos Candelaria L\u00f3pez.<\/p>\n\n\n\n<p class=\"wp-block-paragraph\">El ingeniero Ren\u00e9 Fonseca Medina, director general de la C\u00e1mara de Industriales de la Leche (CANILEC); Octavio C\u00e9sar Hern\u00e1ndez \u00c1lvarez, director general de la Asociaci\u00f3n de Productores de Leche; Diana Silva Canchola, directora general de la Asociaci\u00f3n Mexicana de Industriales de Galletas y Pastas; Jonathan Casilla Anaya, coordinador de Abasto de la C\u00e1mara Nacional de la Industria Farmace\u00fatica; y Mar\u00eda Eugenia Cruz Mote, directora de la Asociaci\u00f3n Nacional de Farmacias de M\u00e9xico, destacaron que nunca hab\u00edan visto tal convocatoria, por lo que solicitaron ser requeridos cuantas veces sea necesario a los simulacros, adem\u00e1s de reiterar su apoyo al comit\u00e9 presidido por el secretario Marcelo Ebrard.<\/p>\n\n\n\n<p class=\"wp-block-paragraph\">En el encuentro participaron tambi\u00e9n dirigentes y representantes de la CANIMOLT, ANTAD, AMID, AMELAF, ANAFAM, CANAINCA, CNA, CNIPMT, CANIFARMA, CANAINTEX, CANAMI, COMECARNE, entre otros m\u00e1s.<\/p>\n\n\n\n<p class=\"wp-block-paragraph\">Asimismo, la COFEPRIS, CANAPRED, SGIRPC, SSC CDMX, SEDECO CDMX, PROFECO, CEDA, LICONSA, PC, etc.<\/p>\n<div class=\"fb-background-color\">\n\t\t\t  <div \n\t\t\t  \tclass = \"fb-comments\" \n\t\t\t  \tdata-href = \"https:\/\/diarioavanzada.com.mx\/?p=73397\"\n\t\t\t  \tdata-numposts = \"10\"\n\t\t\t  \tdata-lazy = \"true\"\n\t\t\t\tdata-colorscheme = \"light\"\n\t\t\t\tdata-order-by = \"social\"\n\t\t\t\tdata-mobile=true>\n\t\t\t  <\/div><\/div>\n\t\t  <style>\n\t\t    .fb-background-color {\n\t\t\t\tbackground:  !important;\n\t\t\t}\n\t\t\t.fb_iframe_widget_fluid_desktop iframe {\n\t\t\t    width: 100% !important;\n\t\t\t}\n\t\t  <\/style>\n\t\t  ","protected":false},"excerpt":{"rendered":"<p>M\u00e9xico, Comunicado (26\/01\/2025).-Qued\u00f3 instalado en la Secretar\u00eda de Econom\u00eda el Comit\u00e9 de Abasto Privado en Situaciones en Emergencia (PRAPSE), donde los acuerdos fueron comunicaci\u00f3n constante, seguimiento, participaci\u00f3n y realizaci\u00f3n de simulacros. Asistieron a la reuni\u00f3n dirigentes y representantes de c\u00e1maras empresariales, asociaciones, adem\u00e1s de dependencias federales y de la CDMX, en donde se acord\u00f3 ser [&hellip;]<\/p>\n","protected":false},"author":7,"featured_media":73396,"comment_status":"closed","ping_status":"closed","sticky":false,"template":"","format":"standard","meta":{"_coblocks_attr":"","_coblocks_dimensions":"","_coblocks_responsive_height":"","_coblocks_accordion_ie_support":"","_crdt_document":"","advanced_seo_description":"","jetpack_seo_html_title":"","jetpack_seo_noindex":false,"_jetpack_memberships_contains_paid_content":false,"footnotes":""},"categories":[22],"tags":[],"class_list":["post-73397","post","type-post","status-publish","format-standard","has-post-thumbnail","hentry","category-nacion"],"jetpack_featured_media_url":"https:\/\/diarioavanzada.com.mx\/wp-content\/uploads\/2025\/01\/img_2233-1.jpg","jetpack-related-posts":[],"jetpack_sharing_enabled":true,"amp_enabled":true,"_links":{"self":[{"href":"https:\/\/diarioavanzada.com.mx\/index.php?rest_route=\/wp\/v2\/posts\/73397","targetHints":{"allow":["GET"]}}],"collection":[{"href":"https:\/\/diarioavanzada.com.mx\/index.php?rest_route=\/wp\/v2\/posts"}],"about":[{"href":"https:\/\/diarioavanzada.com.mx\/index.php?rest_route=\/wp\/v2\/types\/post"}],"author":[{"embeddable":true,"href":"https:\/\/diarioavanzada.com.mx\/index.php?rest_route=\/wp\/v2\/users\/7"}],"replies":[{"embeddable":true,"href":"https:\/\/diarioavanzada.com.mx\/index.php?rest_route=%2Fwp%2Fv2%2Fcomments&post=73397"}],"version-history":[{"count":1,"href":"https:\/\/diarioavanzada.com.mx\/index.php?rest_route=\/wp\/v2\/posts\/73397\/revisions"}],"predecessor-version":[{"id":73398,"href":"https:\/\/diarioavanzada.com.mx\/index.php?rest_route=\/wp\/v2\/posts\/73397\/revisions\/73398"}],"wp:featuredmedia":[{"embeddable":true,"href":"https:\/\/diarioavanzada.com.mx\/index.php?rest_route=\/wp\/v2\/media\/73396"}],"wp:attachment":[{"href":"https:\/\/diarioavanzada.com.mx\/index.php?rest_route=%2Fwp%2Fv2%2Fmedia&parent=73397"}],"wp:term":[{"taxonomy":"category","embeddable":true,"href":"https:\/\/diarioavanzada.com.mx\/index.php?rest_route=%2Fwp%2Fv2%2Fcategories&post=73397"},{"taxonomy":"post_tag","embeddable":true,"href":"https:\/\/diarioavanzada.com.mx\/index.php?rest_route=%2Fwp%2Fv2%2Ftags&post=73397"}],"curies":[{"name":"wp","href":"https:\/\/api.w.org\/{rel}","templated":true}]}}