{"id":73336,"date":"2025-01-26T13:11:56","date_gmt":"2025-01-26T19:11:56","guid":{"rendered":"https:\/\/diarioavanzada.com.mx\/?p=73336"},"modified":"2025-01-26T13:11:56","modified_gmt":"2025-01-26T19:11:56","slug":"sep-invita-a-tramitar-la-cedula-profesional-en-linea","status":"publish","type":"post","link":"https:\/\/diarioavanzada.com.mx\/?p=73336","title":{"rendered":"SEP invita a tramitar la c\u00e9dula profesional en l\u00ednea"},"content":{"rendered":"\n<p class=\"p1 wp-block-paragraph\">M\u00e9xico, Avanzada (26\/01\/2025).- La Secretar\u00eda de Educaci\u00f3n P\u00fablica (SEP) inform\u00f3 que los egresados de bachillerato t\u00e9cnico, t\u00e9cnico superior universitario, licenciatura, maestr\u00eda o posgrado ya pueden tramitar su c\u00e9dula profesional a trav\u00e9s de su plataforma en l\u00ednea, haciendo m\u00e1s accesible este procedimiento indispensable para ejercer profesionalmente en M\u00e9xico.<\/p>\n\n\n\n<p class=\"p1 wp-block-paragraph\">Para iniciar el tr\u00e1mite, se deben cumplir con los siguientes requisitos: CURP, e.firma, correo electr\u00f3nico y un m\u00e9todo de pago. Los interesados pueden acceder al portal oficial <a href=\"http:\/\/www.gob.mx\/cedulaprofesional\" rel=\"nofollow\">http:\/\/www.gob.mx\/cedulaprofesional<\/a> para completar el proceso.<\/p>\n\n\n\n<p class=\"p1 wp-block-paragraph\">Adem\u00e1s, la SEP pone a disposici\u00f3n un video tutorial en su canal oficial de YouTube (@canalsep) para guiar a los usuarios paso a paso en la plataforma de c\u00e9dulas profesionales.<\/p>\n\n\n\n<p class=\"p1 wp-block-paragraph\">La dependencia tambi\u00e9n hizo un llamado a tener paciencia, ya que algunas instituciones educativas podr\u00edan tardar en actualizar los datos de registro de las personas que concluyeron sus estudios, lo cual podr\u00eda afectar la aparici\u00f3n de sus datos en el sistema.<\/p>\n\n\n\n<p class=\"p1 wp-block-paragraph\">Con esta medida, la SEP busca agilizar los tr\u00e1mites para los egresados y reforzar la validez oficial de los t\u00edtulos acad\u00e9micos en M\u00e9xico.<\/p>\n<div class=\"fb-background-color\">\n\t\t\t  <div \n\t\t\t  \tclass = \"fb-comments\" \n\t\t\t  \tdata-href = \"https:\/\/diarioavanzada.com.mx\/?p=73336\"\n\t\t\t  \tdata-numposts = \"10\"\n\t\t\t  \tdata-lazy = \"true\"\n\t\t\t\tdata-colorscheme = \"light\"\n\t\t\t\tdata-order-by = \"social\"\n\t\t\t\tdata-mobile=true>\n\t\t\t  <\/div><\/div>\n\t\t  <style>\n\t\t    .fb-background-color {\n\t\t\t\tbackground:  !important;\n\t\t\t}\n\t\t\t.fb_iframe_widget_fluid_desktop iframe {\n\t\t\t    width: 100% !important;\n\t\t\t}\n\t\t  <\/style>\n\t\t  ","protected":false},"excerpt":{"rendered":"<p>M\u00e9xico, Avanzada (26\/01\/2025).- La Secretar\u00eda de Educaci\u00f3n P\u00fablica (SEP) inform\u00f3 que los egresados de bachillerato t\u00e9cnico, t\u00e9cnico superior universitario, licenciatura, maestr\u00eda o posgrado ya pueden tramitar su c\u00e9dula profesional a trav\u00e9s de su plataforma en l\u00ednea, haciendo m\u00e1s accesible este procedimiento indispensable para ejercer profesionalmente en M\u00e9xico. Para iniciar el tr\u00e1mite, se deben cumplir con [&hellip;]<\/p>\n","protected":false},"author":7,"featured_media":73335,"comment_status":"closed","ping_status":"closed","sticky":false,"template":"","format":"standard","meta":{"_coblocks_attr":"","_coblocks_dimensions":"","_coblocks_responsive_height":"","_coblocks_accordion_ie_support":"","_crdt_document":"","advanced_seo_description":"","jetpack_seo_html_title":"","jetpack_seo_noindex":false,"_jetpack_memberships_contains_paid_content":false,"footnotes":""},"categories":[22],"tags":[],"class_list":["post-73336","post","type-post","status-publish","format-standard","has-post-thumbnail","hentry","category-nacion"],"jetpack_featured_media_url":"https:\/\/diarioavanzada.com.mx\/wp-content\/uploads\/2025\/01\/img_4288-1.png","jetpack-related-posts":[],"jetpack_sharing_enabled":true,"amp_enabled":true,"_links":{"self":[{"href":"https:\/\/diarioavanzada.com.mx\/index.php?rest_route=\/wp\/v2\/posts\/73336","targetHints":{"allow":["GET"]}}],"collection":[{"href":"https:\/\/diarioavanzada.com.mx\/index.php?rest_route=\/wp\/v2\/posts"}],"about":[{"href":"https:\/\/diarioavanzada.com.mx\/index.php?rest_route=\/wp\/v2\/types\/post"}],"author":[{"embeddable":true,"href":"https:\/\/diarioavanzada.com.mx\/index.php?rest_route=\/wp\/v2\/users\/7"}],"replies":[{"embeddable":true,"href":"https:\/\/diarioavanzada.com.mx\/index.php?rest_route=%2Fwp%2Fv2%2Fcomments&post=73336"}],"version-history":[{"count":0,"href":"https:\/\/diarioavanzada.com.mx\/index.php?rest_route=\/wp\/v2\/posts\/73336\/revisions"}],"wp:featuredmedia":[{"embeddable":true,"href":"https:\/\/diarioavanzada.com.mx\/index.php?rest_route=\/wp\/v2\/media\/73335"}],"wp:attachment":[{"href":"https:\/\/diarioavanzada.com.mx\/index.php?rest_route=%2Fwp%2Fv2%2Fmedia&parent=73336"}],"wp:term":[{"taxonomy":"category","embeddable":true,"href":"https:\/\/diarioavanzada.com.mx\/index.php?rest_route=%2Fwp%2Fv2%2Fcategories&post=73336"},{"taxonomy":"post_tag","embeddable":true,"href":"https:\/\/diarioavanzada.com.mx\/index.php?rest_route=%2Fwp%2Fv2%2Ftags&post=73336"}],"curies":[{"name":"wp","href":"https:\/\/api.w.org\/{rel}","templated":true}]}}