{"id":73319,"date":"2025-01-26T08:50:10","date_gmt":"2025-01-26T14:50:10","guid":{"rendered":"https:\/\/diarioavanzada.com.mx\/?p=73319"},"modified":"2025-01-26T08:50:10","modified_gmt":"2025-01-26T14:50:10","slug":"asesinan-a-maestra-de-primaria-y-a-sus-dos-hijos-en-guanajuato","status":"publish","type":"post","link":"https:\/\/diarioavanzada.com.mx\/?p=73319","title":{"rendered":"Asesinan a maestra de primaria y a sus dos hijos en Guanajuato"},"content":{"rendered":"\n<p class=\"p1 wp-block-paragraph\">Guanajuato, M\u00e9xico, Avanzada (26\/01\/2025).- En la tranquila colonia donde Juana Edith Rivera \u00c1lvarez viv\u00eda con sus dos hijos, la cotidianidad se rompi\u00f3 de manera abrupta y tr\u00e1gica. La madrugada del 23 de enero, la violencia irrumpi\u00f3 en su hogar, dejando una huella imborrable de dolor.<\/p>\n\n\n\n<p class=\"p1 wp-block-paragraph\">Juana, maestra de primaria, fue ejecutada dentro de su propia casa, un lugar que hasta entonces representaba refugio y seguridad. Pero la tragedia no termin\u00f3 ah\u00ed. Sus hijos, Samuel y Diego Land\u00edn Rivera, fueron secuestrados en medio del caos. Lo que sigui\u00f3 fue un calvario para quienes esperaban encontrarlos con vida.<\/p>\n\n\n\n<p class=\"p1 wp-block-paragraph\">Horas m\u00e1s tarde, en los l\u00edmites de Juventino Rosas y Celaya, los cuerpos de los j\u00f3venes fueron localizados con evidentes signos de violencia. Samuel y Diego, que apenas comenzaban a forjar su futuro \u2013Diego como estudiante del Instituto Tecnol\u00f3gico de Celaya\u2013, se convirtieron en v\u00edctimas de un crimen que sacude no solo a una familia, sino a toda una comunidad.<\/p>\n\n\n\n<p class=\"p1 wp-block-paragraph\">La noticia corri\u00f3 como p\u00f3lvora. El Sindicato Nacional de Trabajadores de la Educaci\u00f3n lament\u00f3 profundamente la p\u00e9rdida de Juana, mientras que colectivos como \u201cLuz y Justicia\u201d expresaron su indignaci\u00f3n y exigieron respuestas. \u201cEsto no puede seguir as\u00ed\u201d, reclamaban en redes sociales, donde las voces de protesta crecieron frente a un estado que parece sumido en la inseguridad.<\/p>\n\n\n\n<p class=\"p1 wp-block-paragraph\">El presidente municipal de Juventino Rosas, Fidel Armando Ru\u00edz Ram\u00edrez, asegur\u00f3 estar en di\u00e1logo con la Fiscal\u00eda General del Estado, aunque reconoci\u00f3 no haber podido contactar al esposo de Juana, quien reside en Estados Unidos. Mientras tanto, los cuerpos de la maestra y sus hijos permanecen en el Servicio M\u00e9dico Forense, donde sus vidas quedaron reducidas a expedientes forenses.<\/p>\n\n\n\n<p class=\"p1 wp-block-paragraph\">Guanajuato, un estado golpeado por la violencia, suma a su larga lista de tragedias la historia de Juana, Samuel y Diego. Una familia destrozada, un hogar vac\u00edo y una comunidad que hoy llora en silencio.<\/p>\n\n\n\n<p class=\"p1 wp-block-paragraph\">La pregunta que resuena en cada rinc\u00f3n es inevitable: \u00bfhasta cu\u00e1ndo?<\/p>\n<div class=\"fb-background-color\">\n\t\t\t  <div \n\t\t\t  \tclass = \"fb-comments\" \n\t\t\t  \tdata-href = \"https:\/\/diarioavanzada.com.mx\/?p=73319\"\n\t\t\t  \tdata-numposts = \"10\"\n\t\t\t  \tdata-lazy = \"true\"\n\t\t\t\tdata-colorscheme = \"light\"\n\t\t\t\tdata-order-by = \"social\"\n\t\t\t\tdata-mobile=true>\n\t\t\t  <\/div><\/div>\n\t\t  <style>\n\t\t    .fb-background-color {\n\t\t\t\tbackground:  !important;\n\t\t\t}\n\t\t\t.fb_iframe_widget_fluid_desktop iframe {\n\t\t\t    width: 100% !important;\n\t\t\t}\n\t\t  <\/style>\n\t\t  ","protected":false},"excerpt":{"rendered":"<p>Guanajuato, M\u00e9xico, Avanzada (26\/01\/2025).- En la tranquila colonia donde Juana Edith Rivera \u00c1lvarez viv\u00eda con sus dos hijos, la cotidianidad se rompi\u00f3 de manera abrupta y tr\u00e1gica. La madrugada del 23 de enero, la violencia irrumpi\u00f3 en su hogar, dejando una huella imborrable de dolor. Juana, maestra de primaria, fue ejecutada dentro de su propia [&hellip;]<\/p>\n","protected":false},"author":7,"featured_media":73318,"comment_status":"closed","ping_status":"closed","sticky":false,"template":"","format":"standard","meta":{"_coblocks_attr":"","_coblocks_dimensions":"","_coblocks_responsive_height":"","_coblocks_accordion_ie_support":"","_crdt_document":"","advanced_seo_description":"","jetpack_seo_html_title":"","jetpack_seo_noindex":false,"_jetpack_memberships_contains_paid_content":false,"footnotes":""},"categories":[22,7,231],"tags":[],"class_list":["post-73319","post","type-post","status-publish","format-standard","has-post-thumbnail","hentry","category-nacion","category-noticias","category-seguridad"],"jetpack_featured_media_url":"https:\/\/diarioavanzada.com.mx\/wp-content\/uploads\/2025\/01\/e00b5979-effc-416e-9ce2-b93671666995-1.jpg","jetpack-related-posts":[],"jetpack_sharing_enabled":true,"amp_enabled":true,"_links":{"self":[{"href":"https:\/\/diarioavanzada.com.mx\/index.php?rest_route=\/wp\/v2\/posts\/73319","targetHints":{"allow":["GET"]}}],"collection":[{"href":"https:\/\/diarioavanzada.com.mx\/index.php?rest_route=\/wp\/v2\/posts"}],"about":[{"href":"https:\/\/diarioavanzada.com.mx\/index.php?rest_route=\/wp\/v2\/types\/post"}],"author":[{"embeddable":true,"href":"https:\/\/diarioavanzada.com.mx\/index.php?rest_route=\/wp\/v2\/users\/7"}],"replies":[{"embeddable":true,"href":"https:\/\/diarioavanzada.com.mx\/index.php?rest_route=%2Fwp%2Fv2%2Fcomments&post=73319"}],"version-history":[{"count":1,"href":"https:\/\/diarioavanzada.com.mx\/index.php?rest_route=\/wp\/v2\/posts\/73319\/revisions"}],"predecessor-version":[{"id":73320,"href":"https:\/\/diarioavanzada.com.mx\/index.php?rest_route=\/wp\/v2\/posts\/73319\/revisions\/73320"}],"wp:featuredmedia":[{"embeddable":true,"href":"https:\/\/diarioavanzada.com.mx\/index.php?rest_route=\/wp\/v2\/media\/73318"}],"wp:attachment":[{"href":"https:\/\/diarioavanzada.com.mx\/index.php?rest_route=%2Fwp%2Fv2%2Fmedia&parent=73319"}],"wp:term":[{"taxonomy":"category","embeddable":true,"href":"https:\/\/diarioavanzada.com.mx\/index.php?rest_route=%2Fwp%2Fv2%2Fcategories&post=73319"},{"taxonomy":"post_tag","embeddable":true,"href":"https:\/\/diarioavanzada.com.mx\/index.php?rest_route=%2Fwp%2Fv2%2Ftags&post=73319"}],"curies":[{"name":"wp","href":"https:\/\/api.w.org\/{rel}","templated":true}]}}