{"id":73316,"date":"2025-01-26T08:29:36","date_gmt":"2025-01-26T14:29:36","guid":{"rendered":"https:\/\/diarioavanzada.com.mx\/?p=73316"},"modified":"2025-01-26T08:29:36","modified_gmt":"2025-01-26T14:29:36","slug":"cruz-roja-de-sinaloa-suspende-traslados-de-heridos-de-bala-tras-ataque-armado","status":"publish","type":"post","link":"https:\/\/diarioavanzada.com.mx\/?p=73316","title":{"rendered":"Cruz Roja de Sinaloa suspende traslados de heridos de bala tras ataque armado"},"content":{"rendered":"\n<p class=\"p1 wp-block-paragraph\">Sinaloa, M\u00e9xico, Avanzada (26\/01\/2025).- La Cruz Roja en Sinaloa decidi\u00f3 suspender temporalmente los traslados de heridos de bala como medida para proteger la integridad de sus socorristas, luego de un violento incidente en el que sujetos armados interceptaron una ambulancia y asesinaron al paciente que era trasladado.<\/p>\n\n\n\n<p class=\"p1 wp-block-paragraph\">Verona Hern\u00e1ndez Valenzuela, vocera de la Secretar\u00eda de Seguridad de Sinaloa, confirm\u00f3 la suspensi\u00f3n de este servicio, aunque destac\u00f3 que el resto de las emergencias siguen siendo atendidas con normalidad en las instalaciones de la Cruz Roja. \u201cNo est\u00e1n acudiendo a atender heridos de bala, pero s\u00ed a otras emergencias\u201d, subray\u00f3.<\/p>\n\n\n\n<p class=\"p1 wp-block-paragraph\">El ataque ocurri\u00f3 esta semana en la colonia El Barrio, al oriente de Culiac\u00e1n. Un hombre de 60 a\u00f1os, que hab\u00eda sido herido por arma de fuego, era trasladado en una ambulancia cuando el veh\u00edculo fue interceptado por hombres armados. Los socorristas fueron amenazados y el paciente fue ejecutado en el lugar.<\/p>\n\n\n\n<p class=\"p1 wp-block-paragraph\">Tras el suceso, el secretario de Seguridad P\u00fablica estatal, \u00d3scar Renter\u00eda Schazarino, sostuvo una reuni\u00f3n con directivos de cuerpos de auxilio, autoridades municipales y personal de C-4 para establecer medidas de colaboraci\u00f3n y protocolos de actuaci\u00f3n en casos de emergencia.<\/p>\n\n\n\n<p class=\"p1 wp-block-paragraph\">A pesar de la gravedad del hecho, las autoridades no informaron sobre personas detenidas en relaci\u00f3n con este ataque.<\/p>\n\n\n\n<p class=\"p1 wp-block-paragraph\">La suspensi\u00f3n de traslados de heridos de bala en Sinaloa pone de manifiesto los riesgos a los que se enfrentan los cuerpos de auxilio en el estado, marcado por la violencia, y genera preocupaci\u00f3n sobre la atenci\u00f3n a v\u00edctimas de este tipo de incidentes.<\/p>\n<div class=\"fb-background-color\">\n\t\t\t  <div \n\t\t\t  \tclass = \"fb-comments\" \n\t\t\t  \tdata-href = \"https:\/\/diarioavanzada.com.mx\/?p=73316\"\n\t\t\t  \tdata-numposts = \"10\"\n\t\t\t  \tdata-lazy = \"true\"\n\t\t\t\tdata-colorscheme = \"light\"\n\t\t\t\tdata-order-by = \"social\"\n\t\t\t\tdata-mobile=true>\n\t\t\t  <\/div><\/div>\n\t\t  <style>\n\t\t    .fb-background-color {\n\t\t\t\tbackground:  !important;\n\t\t\t}\n\t\t\t.fb_iframe_widget_fluid_desktop iframe {\n\t\t\t    width: 100% !important;\n\t\t\t}\n\t\t  <\/style>\n\t\t  ","protected":false},"excerpt":{"rendered":"<p>Sinaloa, M\u00e9xico, Avanzada (26\/01\/2025).- La Cruz Roja en Sinaloa decidi\u00f3 suspender temporalmente los traslados de heridos de bala como medida para proteger la integridad de sus socorristas, luego de un violento incidente en el que sujetos armados interceptaron una ambulancia y asesinaron al paciente que era trasladado. Verona Hern\u00e1ndez Valenzuela, vocera de la Secretar\u00eda de [&hellip;]<\/p>\n","protected":false},"author":7,"featured_media":73315,"comment_status":"closed","ping_status":"closed","sticky":false,"template":"","format":"standard","meta":{"_coblocks_attr":"","_coblocks_dimensions":"","_coblocks_responsive_height":"","_coblocks_accordion_ie_support":"","_crdt_document":"","advanced_seo_description":"","jetpack_seo_html_title":"","jetpack_seo_noindex":false,"_jetpack_memberships_contains_paid_content":false,"footnotes":""},"categories":[22,7,231],"tags":[],"class_list":["post-73316","post","type-post","status-publish","format-standard","has-post-thumbnail","hentry","category-nacion","category-noticias","category-seguridad"],"jetpack_featured_media_url":"https:\/\/diarioavanzada.com.mx\/wp-content\/uploads\/2025\/01\/img_6771-1.jpg","jetpack-related-posts":[],"jetpack_sharing_enabled":true,"amp_enabled":true,"_links":{"self":[{"href":"https:\/\/diarioavanzada.com.mx\/index.php?rest_route=\/wp\/v2\/posts\/73316","targetHints":{"allow":["GET"]}}],"collection":[{"href":"https:\/\/diarioavanzada.com.mx\/index.php?rest_route=\/wp\/v2\/posts"}],"about":[{"href":"https:\/\/diarioavanzada.com.mx\/index.php?rest_route=\/wp\/v2\/types\/post"}],"author":[{"embeddable":true,"href":"https:\/\/diarioavanzada.com.mx\/index.php?rest_route=\/wp\/v2\/users\/7"}],"replies":[{"embeddable":true,"href":"https:\/\/diarioavanzada.com.mx\/index.php?rest_route=%2Fwp%2Fv2%2Fcomments&post=73316"}],"version-history":[{"count":1,"href":"https:\/\/diarioavanzada.com.mx\/index.php?rest_route=\/wp\/v2\/posts\/73316\/revisions"}],"predecessor-version":[{"id":73317,"href":"https:\/\/diarioavanzada.com.mx\/index.php?rest_route=\/wp\/v2\/posts\/73316\/revisions\/73317"}],"wp:featuredmedia":[{"embeddable":true,"href":"https:\/\/diarioavanzada.com.mx\/index.php?rest_route=\/wp\/v2\/media\/73315"}],"wp:attachment":[{"href":"https:\/\/diarioavanzada.com.mx\/index.php?rest_route=%2Fwp%2Fv2%2Fmedia&parent=73316"}],"wp:term":[{"taxonomy":"category","embeddable":true,"href":"https:\/\/diarioavanzada.com.mx\/index.php?rest_route=%2Fwp%2Fv2%2Fcategories&post=73316"},{"taxonomy":"post_tag","embeddable":true,"href":"https:\/\/diarioavanzada.com.mx\/index.php?rest_route=%2Fwp%2Fv2%2Ftags&post=73316"}],"curies":[{"name":"wp","href":"https:\/\/api.w.org\/{rel}","templated":true}]}}