{"id":73284,"date":"2025-01-25T20:42:55","date_gmt":"2025-01-26T02:42:55","guid":{"rendered":"https:\/\/diarioavanzada.com.mx\/?p=73284"},"modified":"2025-01-25T20:42:55","modified_gmt":"2025-01-26T02:42:55","slug":"mejora-bachillerato-8-proceso-de-evaluacion-y-entorno-socioemocional","status":"publish","type":"post","link":"https:\/\/diarioavanzada.com.mx\/?p=73284","title":{"rendered":"Mejora Bachillerato 8 proceso de evaluaci\u00f3n y entorno socioemocional"},"content":{"rendered":"\n<p class=\"wp-block-paragraph\"><em>Como parte de las Jornadas Acad\u00e9micas 2025.<\/em><\/p>\n\n\n\n<p class=\"wp-block-paragraph\">Colima, M\u00e9xico, Comunicado (25\/01\/2025).- Como parte de las Jornadas Acad\u00e9micas 2025 de la Universidad de Colima (UdeC), el Bachillerato 8, ubicado en San Pedrito, Manzanillo, llev\u00f3 a cabo dos talleres presenciales enfocados en el fortalecimiento del proceso de evaluaci\u00f3n y la gesti\u00f3n emocional del personal. Estas actividades, desarrolladas la semana pasada, tuvieron como objetivo brindar herramientas clave para mejorar el desempe\u00f1o profesional y promover un ambiente laboral m\u00e1s armonioso y colaborativo.<\/p>\n\n\n\n<p class=\"wp-block-paragraph\">El primer taller, \u201cDise\u00f1o y construcci\u00f3n de instrumentos para el proceso de evaluaci\u00f3n\u201d, fue impartido por Fidel Lozano Salmor\u00e1n. Esta capacitaci\u00f3n estuvo dirigida a docentes y personal de apoyo acad\u00e9mico, quienes recibieron estrategias pr\u00e1cticas para optimizar los procesos de evaluaci\u00f3n y garantizar su claridad y eficacia.<\/p>\n\n\n\n<p class=\"wp-block-paragraph\">El segundo taller, \u201cGesti\u00f3n emocional\u201d, impartido por Patricia Murillo Chac\u00f3n, se centr\u00f3 en desarrollar habilidades emocionales y sociales, proporcionando herramientas para manejar el estr\u00e9s, fomentar la comunicaci\u00f3n y fortalecer las relaciones interpersonales.<\/p>\n\n\n\n<p class=\"wp-block-paragraph\">Alejandrina Covarrubias, directora del Bachillerato 8, agradeci\u00f3 la asistencia y el compromiso de los participantes en ambos talleres. \u201cEl prop\u00f3sito de estos talleres es doble: por un lado, actualizar y dar mayor claridad al proceso de evaluaci\u00f3n y, por otro, desarrollar habilidades sociales con un enfoque humanista, aspectos que son pilares fundamentales de la Nueva Escuela Mexicana\u201d.<\/p>\n\n\n\n<figure class=\"wp-block-image size-large\"><img loading=\"lazy\" decoding=\"async\" width=\"1024\" height=\"768\" src=\"https:\/\/diarioavanzada.com.mx\/wp-content\/uploads\/2025\/01\/Realizan-2-talleres-en-el-Bachillerato-8-1-1024x768.jpg\" alt=\"\" class=\"wp-image-73286\" srcset=\"https:\/\/diarioavanzada.com.mx\/wp-content\/uploads\/2025\/01\/Realizan-2-talleres-en-el-Bachillerato-8-1-1024x768.jpg 1024w, https:\/\/diarioavanzada.com.mx\/wp-content\/uploads\/2025\/01\/Realizan-2-talleres-en-el-Bachillerato-8-1-300x225.jpg 300w, https:\/\/diarioavanzada.com.mx\/wp-content\/uploads\/2025\/01\/Realizan-2-talleres-en-el-Bachillerato-8-1-768x576.jpg 768w, https:\/\/diarioavanzada.com.mx\/wp-content\/uploads\/2025\/01\/Realizan-2-talleres-en-el-Bachillerato-8-1-1536x1152.jpg 1536w, https:\/\/diarioavanzada.com.mx\/wp-content\/uploads\/2025\/01\/Realizan-2-talleres-en-el-Bachillerato-8-1-2048x1536.jpg 2048w, https:\/\/diarioavanzada.com.mx\/wp-content\/uploads\/2025\/01\/Realizan-2-talleres-en-el-Bachillerato-8-1-1200x900.jpg?crop=1 1200w, https:\/\/diarioavanzada.com.mx\/wp-content\/uploads\/2025\/01\/Realizan-2-talleres-en-el-Bachillerato-8-1-800x600.jpg?crop=1 800w, https:\/\/diarioavanzada.com.mx\/wp-content\/uploads\/2025\/01\/Realizan-2-talleres-en-el-Bachillerato-8-1-600x450.jpg?crop=1 600w, https:\/\/diarioavanzada.com.mx\/wp-content\/uploads\/2025\/01\/Realizan-2-talleres-en-el-Bachillerato-8-1-400x300.jpg?crop=1 400w, https:\/\/diarioavanzada.com.mx\/wp-content\/uploads\/2025\/01\/Realizan-2-talleres-en-el-Bachillerato-8-1-200x150.jpg?crop=1 200w\" sizes=\"auto, (max-width: 1024px) 100vw, 1024px\" \/><\/figure>\n\n\n\n<figure class=\"wp-block-image size-large\"><img loading=\"lazy\" decoding=\"async\" width=\"1024\" height=\"768\" src=\"https:\/\/diarioavanzada.com.mx\/wp-content\/uploads\/2025\/01\/Realizan-2-talleres-en-el-Bachillerato-8_b-1024x768.jpg\" alt=\"\" class=\"wp-image-73288\" srcset=\"https:\/\/diarioavanzada.com.mx\/wp-content\/uploads\/2025\/01\/Realizan-2-talleres-en-el-Bachillerato-8_b-1024x768.jpg 1024w, https:\/\/diarioavanzada.com.mx\/wp-content\/uploads\/2025\/01\/Realizan-2-talleres-en-el-Bachillerato-8_b-300x225.jpg 300w, https:\/\/diarioavanzada.com.mx\/wp-content\/uploads\/2025\/01\/Realizan-2-talleres-en-el-Bachillerato-8_b-768x576.jpg 768w, https:\/\/diarioavanzada.com.mx\/wp-content\/uploads\/2025\/01\/Realizan-2-talleres-en-el-Bachillerato-8_b-1536x1152.jpg 1536w, https:\/\/diarioavanzada.com.mx\/wp-content\/uploads\/2025\/01\/Realizan-2-talleres-en-el-Bachillerato-8_b-2048x1536.jpg 2048w, https:\/\/diarioavanzada.com.mx\/wp-content\/uploads\/2025\/01\/Realizan-2-talleres-en-el-Bachillerato-8_b-1200x900.jpg?crop=1 1200w, https:\/\/diarioavanzada.com.mx\/wp-content\/uploads\/2025\/01\/Realizan-2-talleres-en-el-Bachillerato-8_b-800x600.jpg?crop=1 800w, https:\/\/diarioavanzada.com.mx\/wp-content\/uploads\/2025\/01\/Realizan-2-talleres-en-el-Bachillerato-8_b-600x450.jpg?crop=1 600w, https:\/\/diarioavanzada.com.mx\/wp-content\/uploads\/2025\/01\/Realizan-2-talleres-en-el-Bachillerato-8_b-400x300.jpg?crop=1 400w, https:\/\/diarioavanzada.com.mx\/wp-content\/uploads\/2025\/01\/Realizan-2-talleres-en-el-Bachillerato-8_b-200x150.jpg?crop=1 200w\" sizes=\"auto, (max-width: 1024px) 100vw, 1024px\" \/><\/figure>\n\n\n\n<figure class=\"wp-block-image size-large\"><img loading=\"lazy\" decoding=\"async\" width=\"1024\" height=\"768\" src=\"https:\/\/diarioavanzada.com.mx\/wp-content\/uploads\/2025\/01\/Realizan-2-talleres-en-el-Bachillerato-8_a-1024x768.jpg\" alt=\"\" class=\"wp-image-73289\" srcset=\"https:\/\/diarioavanzada.com.mx\/wp-content\/uploads\/2025\/01\/Realizan-2-talleres-en-el-Bachillerato-8_a-1024x768.jpg 1024w, https:\/\/diarioavanzada.com.mx\/wp-content\/uploads\/2025\/01\/Realizan-2-talleres-en-el-Bachillerato-8_a-300x225.jpg 300w, https:\/\/diarioavanzada.com.mx\/wp-content\/uploads\/2025\/01\/Realizan-2-talleres-en-el-Bachillerato-8_a-768x576.jpg 768w, https:\/\/diarioavanzada.com.mx\/wp-content\/uploads\/2025\/01\/Realizan-2-talleres-en-el-Bachillerato-8_a-1536x1152.jpg 1536w, https:\/\/diarioavanzada.com.mx\/wp-content\/uploads\/2025\/01\/Realizan-2-talleres-en-el-Bachillerato-8_a-2048x1536.jpg 2048w, https:\/\/diarioavanzada.com.mx\/wp-content\/uploads\/2025\/01\/Realizan-2-talleres-en-el-Bachillerato-8_a-1200x900.jpg?crop=1 1200w, https:\/\/diarioavanzada.com.mx\/wp-content\/uploads\/2025\/01\/Realizan-2-talleres-en-el-Bachillerato-8_a-800x600.jpg?crop=1 800w, https:\/\/diarioavanzada.com.mx\/wp-content\/uploads\/2025\/01\/Realizan-2-talleres-en-el-Bachillerato-8_a-600x450.jpg?crop=1 600w, https:\/\/diarioavanzada.com.mx\/wp-content\/uploads\/2025\/01\/Realizan-2-talleres-en-el-Bachillerato-8_a-400x300.jpg?crop=1 400w, https:\/\/diarioavanzada.com.mx\/wp-content\/uploads\/2025\/01\/Realizan-2-talleres-en-el-Bachillerato-8_a-200x150.jpg?crop=1 200w\" sizes=\"auto, (max-width: 1024px) 100vw, 1024px\" \/><\/figure>\n<div class=\"fb-background-color\">\n\t\t\t  <div \n\t\t\t  \tclass = \"fb-comments\" \n\t\t\t  \tdata-href = \"https:\/\/diarioavanzada.com.mx\/?p=73284\"\n\t\t\t  \tdata-numposts = \"10\"\n\t\t\t  \tdata-lazy = \"true\"\n\t\t\t\tdata-colorscheme = \"light\"\n\t\t\t\tdata-order-by = \"social\"\n\t\t\t\tdata-mobile=true>\n\t\t\t  <\/div><\/div>\n\t\t  <style>\n\t\t    .fb-background-color {\n\t\t\t\tbackground:  !important;\n\t\t\t}\n\t\t\t.fb_iframe_widget_fluid_desktop iframe {\n\t\t\t    width: 100% !important;\n\t\t\t}\n\t\t  <\/style>\n\t\t  ","protected":false},"excerpt":{"rendered":"<p>Como parte de las Jornadas Acad\u00e9micas 2025. Colima, M\u00e9xico, Comunicado (25\/01\/2025).- Como parte de las Jornadas Acad\u00e9micas 2025 de la Universidad de Colima (UdeC), el Bachillerato 8, ubicado en San Pedrito, Manzanillo, llev\u00f3 a cabo dos talleres presenciales enfocados en el fortalecimiento del proceso de evaluaci\u00f3n y la gesti\u00f3n emocional del personal. Estas actividades, desarrolladas [&hellip;]<\/p>\n","protected":false},"author":7,"featured_media":73293,"comment_status":"closed","ping_status":"closed","sticky":false,"template":"","format":"standard","meta":{"_coblocks_attr":"","_coblocks_dimensions":"","_coblocks_responsive_height":"","_coblocks_accordion_ie_support":"","_crdt_document":"","advanced_seo_description":"","jetpack_seo_html_title":"","jetpack_seo_noindex":false,"_jetpack_memberships_contains_paid_content":false,"footnotes":""},"categories":[19,209,7],"tags":[],"class_list":["post-73284","post","type-post","status-publish","format-standard","has-post-thumbnail","hentry","category-colima","category-importantes","category-noticias"],"jetpack_featured_media_url":"https:\/\/diarioavanzada.com.mx\/wp-content\/uploads\/2025\/01\/91c84877-8088-42e0-954f-f4b3dfe488c7-1.jpg","jetpack-related-posts":[],"jetpack_sharing_enabled":true,"amp_enabled":true,"_links":{"self":[{"href":"https:\/\/diarioavanzada.com.mx\/index.php?rest_route=\/wp\/v2\/posts\/73284","targetHints":{"allow":["GET"]}}],"collection":[{"href":"https:\/\/diarioavanzada.com.mx\/index.php?rest_route=\/wp\/v2\/posts"}],"about":[{"href":"https:\/\/diarioavanzada.com.mx\/index.php?rest_route=\/wp\/v2\/types\/post"}],"author":[{"embeddable":true,"href":"https:\/\/diarioavanzada.com.mx\/index.php?rest_route=\/wp\/v2\/users\/7"}],"replies":[{"embeddable":true,"href":"https:\/\/diarioavanzada.com.mx\/index.php?rest_route=%2Fwp%2Fv2%2Fcomments&post=73284"}],"version-history":[{"count":5,"href":"https:\/\/diarioavanzada.com.mx\/index.php?rest_route=\/wp\/v2\/posts\/73284\/revisions"}],"predecessor-version":[{"id":73294,"href":"https:\/\/diarioavanzada.com.mx\/index.php?rest_route=\/wp\/v2\/posts\/73284\/revisions\/73294"}],"wp:featuredmedia":[{"embeddable":true,"href":"https:\/\/diarioavanzada.com.mx\/index.php?rest_route=\/wp\/v2\/media\/73293"}],"wp:attachment":[{"href":"https:\/\/diarioavanzada.com.mx\/index.php?rest_route=%2Fwp%2Fv2%2Fmedia&parent=73284"}],"wp:term":[{"taxonomy":"category","embeddable":true,"href":"https:\/\/diarioavanzada.com.mx\/index.php?rest_route=%2Fwp%2Fv2%2Fcategories&post=73284"},{"taxonomy":"post_tag","embeddable":true,"href":"https:\/\/diarioavanzada.com.mx\/index.php?rest_route=%2Fwp%2Fv2%2Ftags&post=73284"}],"curies":[{"name":"wp","href":"https:\/\/api.w.org\/{rel}","templated":true}]}}