{"id":73277,"date":"2025-01-25T20:44:24","date_gmt":"2025-01-26T02:44:24","guid":{"rendered":"https:\/\/diarioavanzada.com.mx\/?p=73277"},"modified":"2025-01-25T20:44:24","modified_gmt":"2025-01-26T02:44:24","slug":"capacitacion-en-trabajo-colaborativo-fortalece-al-personal-de-la-delegacion-manzanillo","status":"publish","type":"post","link":"https:\/\/diarioavanzada.com.mx\/?p=73277","title":{"rendered":"Capacitaci\u00f3n en trabajo colaborativo fortalece al personal de la Delegaci\u00f3n Manzanillo"},"content":{"rendered":"\n<p class=\"wp-block-paragraph\"><em>Realizaron actividades que promueven la importancia de la comunicaci\u00f3n abierta y la resoluci\u00f3n de conflictos de manera constructiva<\/em><em>.<\/em><\/p>\n\n\n\n<p class=\"wp-block-paragraph\">Colima, M\u00e9xico, Comunicado (25\/01\/2025).- En d\u00edas recientes, personal de la Delegaci\u00f3n Manzanillo de la Universidad de Colima particip\u00f3 en una capacitaci\u00f3n sobre trabajo colaborativo, impartida por la psic\u00f3loga Patricia Liliana Murillo Chac\u00f3n. La actividad tuvo lugar en el auditorio del Centro de Tecnolog\u00eda Educativa, ubicado en el campus El Naranjo.<\/p>\n\n\n\n<p class=\"wp-block-paragraph\">El objetivo de la capacitaci\u00f3n fue potenciar las competencias laborales y optimizar las din\u00e1micas internas del equipo. Liliana Murillo, especialista del Centro Universitario para el Bienestar Integral, abord\u00f3 t\u00e9cnicas y estrategias orientadas a fomentar la cooperaci\u00f3n, la comunicaci\u00f3n efectiva y la resoluci\u00f3n constructiva de conflictos.<\/p>\n\n\n\n<p class=\"wp-block-paragraph\">Entre las din\u00e1micas realizadas destacaron actividades como cuidar un globo en equipo, presentarse mediante m\u00edmica y completar una tarea con \u201cesp\u00edas infiltrados\u201d. Estas experiencias ilustraron de manera pr\u00e1ctica la relevancia de una comunicaci\u00f3n abierta, la importancia de trabajar unidos para alcanzar objetivos comunes y la necesidad de gestionar conflictos de forma positiva.<\/p>\n\n\n\n<p class=\"wp-block-paragraph\">Adem\u00e1s, la psic\u00f3loga comparti\u00f3 herramientas aplicables a la vida diaria, como evaluar los propios estilos de comunicaci\u00f3n, practicar la asertividad al decir \u201cno\u201d, ensayar discursos importantes, usar el lenguaje corporal de forma consciente, controlar las emociones y avanzar con pasos firmes hacia las metas.<\/p>\n\n\n\n<p class=\"wp-block-paragraph\">Las y los asistentes pusieron en pr\u00e1ctica los conceptos aprendidos y reflexionaron sobre \u00e1reas de mejora en su desempe\u00f1o laboral. La sesi\u00f3n concluy\u00f3 con un an\u00e1lisis sobre los estilos de comunicaci\u00f3n \u2014asertivo, agresivo y pasivo\u2014, lo que permiti\u00f3 a los participantes identificar sus propias tendencias y trabajar en su desarrollo personal y profesional.<\/p>\n\n\n\n<p class=\"wp-block-paragraph\">Este tipo de actividades forman parte de los esfuerzos de la Delegaci\u00f3n Manzanillo por consolidar equipos de trabajo m\u00e1s cohesionados, productivos y comprometidos con su entorno, reafirmando su compromiso con el fortalecimiento de sus recursos humanos.<\/p>\n\n\n\n<figure class=\"wp-block-image size-large\"><img loading=\"lazy\" decoding=\"async\" width=\"1024\" height=\"683\" src=\"https:\/\/diarioavanzada.com.mx\/wp-content\/uploads\/2025\/01\/Realizan-capacitacion-en-trabajo-colaborativo-Manzanillo_Liliana-Murillo-1024x683.jpg\" alt=\"\" class=\"wp-image-73279\" srcset=\"https:\/\/diarioavanzada.com.mx\/wp-content\/uploads\/2025\/01\/Realizan-capacitacion-en-trabajo-colaborativo-Manzanillo_Liliana-Murillo-1024x683.jpg 1024w, https:\/\/diarioavanzada.com.mx\/wp-content\/uploads\/2025\/01\/Realizan-capacitacion-en-trabajo-colaborativo-Manzanillo_Liliana-Murillo-300x200.jpg 300w, https:\/\/diarioavanzada.com.mx\/wp-content\/uploads\/2025\/01\/Realizan-capacitacion-en-trabajo-colaborativo-Manzanillo_Liliana-Murillo-768x512.jpg 768w, https:\/\/diarioavanzada.com.mx\/wp-content\/uploads\/2025\/01\/Realizan-capacitacion-en-trabajo-colaborativo-Manzanillo_Liliana-Murillo-1536x1024.jpg 1536w, https:\/\/diarioavanzada.com.mx\/wp-content\/uploads\/2025\/01\/Realizan-capacitacion-en-trabajo-colaborativo-Manzanillo_Liliana-Murillo-2048x1365.jpg 2048w, https:\/\/diarioavanzada.com.mx\/wp-content\/uploads\/2025\/01\/Realizan-capacitacion-en-trabajo-colaborativo-Manzanillo_Liliana-Murillo-1200x800.jpg 1200w\" sizes=\"auto, (max-width: 1024px) 100vw, 1024px\" \/><\/figure>\n\n\n\n<figure class=\"wp-block-image size-large\"><img loading=\"lazy\" decoding=\"async\" width=\"1024\" height=\"683\" src=\"https:\/\/diarioavanzada.com.mx\/wp-content\/uploads\/2025\/01\/Realizan-capacitacion-en-trabajo-colaborativo-Manzanillo_a-1024x683.jpg\" alt=\"\" class=\"wp-image-73282\" srcset=\"https:\/\/diarioavanzada.com.mx\/wp-content\/uploads\/2025\/01\/Realizan-capacitacion-en-trabajo-colaborativo-Manzanillo_a-1024x683.jpg 1024w, https:\/\/diarioavanzada.com.mx\/wp-content\/uploads\/2025\/01\/Realizan-capacitacion-en-trabajo-colaborativo-Manzanillo_a-300x200.jpg 300w, https:\/\/diarioavanzada.com.mx\/wp-content\/uploads\/2025\/01\/Realizan-capacitacion-en-trabajo-colaborativo-Manzanillo_a-768x512.jpg 768w, https:\/\/diarioavanzada.com.mx\/wp-content\/uploads\/2025\/01\/Realizan-capacitacion-en-trabajo-colaborativo-Manzanillo_a-1536x1024.jpg 1536w, https:\/\/diarioavanzada.com.mx\/wp-content\/uploads\/2025\/01\/Realizan-capacitacion-en-trabajo-colaborativo-Manzanillo_a-2048x1365.jpg 2048w, https:\/\/diarioavanzada.com.mx\/wp-content\/uploads\/2025\/01\/Realizan-capacitacion-en-trabajo-colaborativo-Manzanillo_a-1200x800.jpg 1200w\" sizes=\"auto, (max-width: 1024px) 100vw, 1024px\" \/><\/figure>\n<div class=\"fb-background-color\">\n\t\t\t  <div \n\t\t\t  \tclass = \"fb-comments\" \n\t\t\t  \tdata-href = \"https:\/\/diarioavanzada.com.mx\/?p=73277\"\n\t\t\t  \tdata-numposts = \"10\"\n\t\t\t  \tdata-lazy = \"true\"\n\t\t\t\tdata-colorscheme = \"light\"\n\t\t\t\tdata-order-by = \"social\"\n\t\t\t\tdata-mobile=true>\n\t\t\t  <\/div><\/div>\n\t\t  <style>\n\t\t    .fb-background-color {\n\t\t\t\tbackground:  !important;\n\t\t\t}\n\t\t\t.fb_iframe_widget_fluid_desktop iframe {\n\t\t\t    width: 100% !important;\n\t\t\t}\n\t\t  <\/style>\n\t\t  ","protected":false},"excerpt":{"rendered":"<p>Realizaron actividades que promueven la importancia de la comunicaci\u00f3n abierta y la resoluci\u00f3n de conflictos de manera constructiva. Colima, M\u00e9xico, Comunicado (25\/01\/2025).- En d\u00edas recientes, personal de la Delegaci\u00f3n Manzanillo de la Universidad de Colima particip\u00f3 en una capacitaci\u00f3n sobre trabajo colaborativo, impartida por la psic\u00f3loga Patricia Liliana Murillo Chac\u00f3n. La actividad tuvo lugar en [&hellip;]<\/p>\n","protected":false},"author":7,"featured_media":73295,"comment_status":"closed","ping_status":"closed","sticky":false,"template":"","format":"standard","meta":{"_coblocks_attr":"","_coblocks_dimensions":"","_coblocks_responsive_height":"","_coblocks_accordion_ie_support":"","_crdt_document":"","advanced_seo_description":"","jetpack_seo_html_title":"","jetpack_seo_noindex":false,"_jetpack_memberships_contains_paid_content":false,"footnotes":""},"categories":[19,209,7],"tags":[],"class_list":["post-73277","post","type-post","status-publish","format-standard","has-post-thumbnail","hentry","category-colima","category-importantes","category-noticias"],"jetpack_featured_media_url":"https:\/\/diarioavanzada.com.mx\/wp-content\/uploads\/2025\/01\/783779f0-febb-4ab9-9ad2-14cade106812-1.jpg","jetpack-related-posts":[],"jetpack_sharing_enabled":true,"amp_enabled":true,"_links":{"self":[{"href":"https:\/\/diarioavanzada.com.mx\/index.php?rest_route=\/wp\/v2\/posts\/73277","targetHints":{"allow":["GET"]}}],"collection":[{"href":"https:\/\/diarioavanzada.com.mx\/index.php?rest_route=\/wp\/v2\/posts"}],"about":[{"href":"https:\/\/diarioavanzada.com.mx\/index.php?rest_route=\/wp\/v2\/types\/post"}],"author":[{"embeddable":true,"href":"https:\/\/diarioavanzada.com.mx\/index.php?rest_route=\/wp\/v2\/users\/7"}],"replies":[{"embeddable":true,"href":"https:\/\/diarioavanzada.com.mx\/index.php?rest_route=%2Fwp%2Fv2%2Fcomments&post=73277"}],"version-history":[{"count":4,"href":"https:\/\/diarioavanzada.com.mx\/index.php?rest_route=\/wp\/v2\/posts\/73277\/revisions"}],"predecessor-version":[{"id":73296,"href":"https:\/\/diarioavanzada.com.mx\/index.php?rest_route=\/wp\/v2\/posts\/73277\/revisions\/73296"}],"wp:featuredmedia":[{"embeddable":true,"href":"https:\/\/diarioavanzada.com.mx\/index.php?rest_route=\/wp\/v2\/media\/73295"}],"wp:attachment":[{"href":"https:\/\/diarioavanzada.com.mx\/index.php?rest_route=%2Fwp%2Fv2%2Fmedia&parent=73277"}],"wp:term":[{"taxonomy":"category","embeddable":true,"href":"https:\/\/diarioavanzada.com.mx\/index.php?rest_route=%2Fwp%2Fv2%2Fcategories&post=73277"},{"taxonomy":"post_tag","embeddable":true,"href":"https:\/\/diarioavanzada.com.mx\/index.php?rest_route=%2Fwp%2Fv2%2Ftags&post=73277"}],"curies":[{"name":"wp","href":"https:\/\/api.w.org\/{rel}","templated":true}]}}