{"id":73177,"date":"2025-01-25T08:28:56","date_gmt":"2025-01-25T14:28:56","guid":{"rendered":"https:\/\/diarioavanzada.com.mx\/?p=73177"},"modified":"2025-01-25T08:28:56","modified_gmt":"2025-01-25T14:28:56","slug":"para-este-dia-colima-alcanzara-entre-35-y-40-c-en-la-costa-y-heladas-en-zonas-altas-5","status":"publish","type":"post","link":"https:\/\/diarioavanzada.com.mx\/?p=73177","title":{"rendered":"Para este d\u00eda, Colima alcanzar\u00e1 entre 35 y 40 \u00b0C en la costa y heladas en zonas altas"},"content":{"rendered":"\n<p class=\"p1 wp-block-paragraph\">Colima, M\u00e9xico, Avanzada (25\/01\/2025).- Este s\u00e1bado 25 de enero, Colima experimentar\u00e1 un contraste de temperaturas a lo largo del d\u00eda, seg\u00fan el pron\u00f3stico del Servicio Meteorol\u00f3gico Nacional. Durante la ma\u00f1ana, se prev\u00e9 un ambiente fresco en general, con temperaturas de 0 a 5 \u00b0C en zonas altas, mientras que por la tarde se registrar\u00e1n temperaturas calurosas, alcanzando hasta los 40 \u00b0C en algunas \u00e1reas del estado.<\/p>\n\n\n\n<p class=\"p1 wp-block-paragraph\">Aunque no se esperan lluvias en la regi\u00f3n, se podr\u00edan presentar bancos de niebla en las zonas costeras por la ma\u00f1ana. En las zonas serranas de estados vecinos como Jalisco y Michoac\u00e1n, se reportar\u00e1n temperaturas muy fr\u00edas y posibles heladas, mientras que en Colima el clima ser\u00e1 templado en las costas antes de dar paso al calor caracter\u00edstico de la tarde.<\/p>\n\n\n\n<p class=\"p1 wp-block-paragraph\">Las autoridades de Protecci\u00f3n Civil exhortan a la poblaci\u00f3n de Colima, especialmente a quienes habitan en zonas altas, a tomar precauciones ante el fr\u00edo matutino y mantenerse hidratados durante el calor de la tarde. Este tipo de variaciones t\u00e9rmicas pueden afectar la salud, por lo que es importante vestir ropa adecuada seg\u00fan las condiciones del d\u00eda.<\/p>\n\n\n\n<p class=\"p1 wp-block-paragraph\">Con un d\u00eda despejado y sin probabilidades de lluvia, el estado de Colima continuar\u00e1 disfrutando de cielos soleados y condiciones estables, pero con un llamado a la precauci\u00f3n por los cambios bruscos de temperatura.<\/p>\n<div class=\"fb-background-color\">\n\t\t\t  <div \n\t\t\t  \tclass = \"fb-comments\" \n\t\t\t  \tdata-href = \"https:\/\/diarioavanzada.com.mx\/?p=73177\"\n\t\t\t  \tdata-numposts = \"10\"\n\t\t\t  \tdata-lazy = \"true\"\n\t\t\t\tdata-colorscheme = \"light\"\n\t\t\t\tdata-order-by = \"social\"\n\t\t\t\tdata-mobile=true>\n\t\t\t  <\/div><\/div>\n\t\t  <style>\n\t\t    .fb-background-color {\n\t\t\t\tbackground:  !important;\n\t\t\t}\n\t\t\t.fb_iframe_widget_fluid_desktop iframe {\n\t\t\t    width: 100% !important;\n\t\t\t}\n\t\t  <\/style>\n\t\t  ","protected":false},"excerpt":{"rendered":"<p>Colima, M\u00e9xico, Avanzada (25\/01\/2025).- Este s\u00e1bado 25 de enero, Colima experimentar\u00e1 un contraste de temperaturas a lo largo del d\u00eda, seg\u00fan el pron\u00f3stico del Servicio Meteorol\u00f3gico Nacional. Durante la ma\u00f1ana, se prev\u00e9 un ambiente fresco en general, con temperaturas de 0 a 5 \u00b0C en zonas altas, mientras que por la tarde se registrar\u00e1n temperaturas [&hellip;]<\/p>\n","protected":false},"author":7,"featured_media":73176,"comment_status":"closed","ping_status":"closed","sticky":false,"template":"","format":"standard","meta":{"_coblocks_attr":"","_coblocks_dimensions":"","_coblocks_responsive_height":"","_coblocks_accordion_ie_support":"","_crdt_document":"","advanced_seo_description":"","jetpack_seo_html_title":"","jetpack_seo_noindex":false,"_jetpack_memberships_contains_paid_content":false,"footnotes":""},"categories":[19,7],"tags":[],"class_list":["post-73177","post","type-post","status-publish","format-standard","has-post-thumbnail","hentry","category-colima","category-noticias"],"jetpack_featured_media_url":"https:\/\/diarioavanzada.com.mx\/wp-content\/uploads\/2025\/01\/img_6743-1.jpg","jetpack-related-posts":[],"jetpack_sharing_enabled":true,"amp_enabled":true,"_links":{"self":[{"href":"https:\/\/diarioavanzada.com.mx\/index.php?rest_route=\/wp\/v2\/posts\/73177","targetHints":{"allow":["GET"]}}],"collection":[{"href":"https:\/\/diarioavanzada.com.mx\/index.php?rest_route=\/wp\/v2\/posts"}],"about":[{"href":"https:\/\/diarioavanzada.com.mx\/index.php?rest_route=\/wp\/v2\/types\/post"}],"author":[{"embeddable":true,"href":"https:\/\/diarioavanzada.com.mx\/index.php?rest_route=\/wp\/v2\/users\/7"}],"replies":[{"embeddable":true,"href":"https:\/\/diarioavanzada.com.mx\/index.php?rest_route=%2Fwp%2Fv2%2Fcomments&post=73177"}],"version-history":[{"count":0,"href":"https:\/\/diarioavanzada.com.mx\/index.php?rest_route=\/wp\/v2\/posts\/73177\/revisions"}],"wp:featuredmedia":[{"embeddable":true,"href":"https:\/\/diarioavanzada.com.mx\/index.php?rest_route=\/wp\/v2\/media\/73176"}],"wp:attachment":[{"href":"https:\/\/diarioavanzada.com.mx\/index.php?rest_route=%2Fwp%2Fv2%2Fmedia&parent=73177"}],"wp:term":[{"taxonomy":"category","embeddable":true,"href":"https:\/\/diarioavanzada.com.mx\/index.php?rest_route=%2Fwp%2Fv2%2Fcategories&post=73177"},{"taxonomy":"post_tag","embeddable":true,"href":"https:\/\/diarioavanzada.com.mx\/index.php?rest_route=%2Fwp%2Fv2%2Ftags&post=73177"}],"curies":[{"name":"wp","href":"https:\/\/api.w.org\/{rel}","templated":true}]}}