{"id":73148,"date":"2025-01-24T20:34:18","date_gmt":"2025-01-25T02:34:18","guid":{"rendered":"https:\/\/diarioavanzada.com.mx\/?p=73148"},"modified":"2025-01-24T20:35:44","modified_gmt":"2025-01-25T02:35:44","slug":"el-mencho-se-prepara-para-pelear-contra-donald-trump-asegura-anabel-hernandez","status":"publish","type":"post","link":"https:\/\/diarioavanzada.com.mx\/?p=73148","title":{"rendered":"El Mencho se prepara para pelear contra Donald Trump, asegura Anabel Hern\u00e1ndez"},"content":{"rendered":"\n<p class=\"p1 wp-block-paragraph\">M\u00e9xico, Avanzada (24\/01\/2025).- En su m\u00e1s reciente podcast de \u201cNarcosistema\u201d, la periodista de investigaci\u00f3n Anabel Hern\u00e1ndez revel\u00f3 que Nemesio Oseguera Cervantes, alias El Mencho, l\u00edder del C\u00e1rtel Jalisco Nueva Generaci\u00f3n (CJNG), goza de excelente salud y se encuentra listo para enfrentar lo que \u00e9l mismo ha denominado \u201cla madre de todas las batallas\u201d. Seg\u00fan Hern\u00e1ndez, esta declaraci\u00f3n habr\u00eda sido realizada en reuniones privadas con integrantes de la organizaci\u00f3n criminal.<\/p>\n\n\n\n<p class=\"p1 wp-block-paragraph\">La periodista detall\u00f3 que, tras las recientes declaraciones del expresidente de Estados Unidos Donald Trump sobre su intenci\u00f3n de combatir frontalmente a los c\u00e1rteles del narcotr\u00e1fico, el CJNG se ha intensificado en la compra de armamento, prepar\u00e1ndose para lo que consideran una \u201ctormenta inevitable\u201d en territorio mexicano.<\/p>\n\n\n\n<p class=\"p1 wp-block-paragraph\">Entre las adquisiciones recientes del grupo destaca un arsenal de lanzamisiles, con un costo estimado de 60,000 d\u00f3lares por unidad, capaces de destruir autom\u00f3viles blindados y aeronaves, lo que representa un incremento significativo en su poder\u00edo militar.<\/p>\n\n\n\n<p class=\"p1 wp-block-paragraph\">A sus 58 a\u00f1os, El Mencho es uno de los criminales m\u00e1s buscados por las autoridades de Estados Unidos. La DEA mantiene una recompensa de 10 millones de d\u00f3lares por informaci\u00f3n que lleve a su captura, lo que lo convierte en uno de los objetivos prioritarios en la lucha contra el narcotr\u00e1fico.<\/p>\n\n\n\n<p class=\"p1 wp-block-paragraph\">Hern\u00e1ndez subray\u00f3 que este contexto de fortalecimiento del CJNG ocurre en un momento cr\u00edtico para M\u00e9xico, ya que podr\u00eda intensificarse la violencia en regiones controladas por este c\u00e1rtel.<\/p>\n<div class=\"fb-background-color\">\n\t\t\t  <div \n\t\t\t  \tclass = \"fb-comments\" \n\t\t\t  \tdata-href = \"https:\/\/diarioavanzada.com.mx\/?p=73148\"\n\t\t\t  \tdata-numposts = \"10\"\n\t\t\t  \tdata-lazy = \"true\"\n\t\t\t\tdata-colorscheme = \"light\"\n\t\t\t\tdata-order-by = \"social\"\n\t\t\t\tdata-mobile=true>\n\t\t\t  <\/div><\/div>\n\t\t  <style>\n\t\t    .fb-background-color {\n\t\t\t\tbackground:  !important;\n\t\t\t}\n\t\t\t.fb_iframe_widget_fluid_desktop iframe {\n\t\t\t    width: 100% !important;\n\t\t\t}\n\t\t  <\/style>\n\t\t  ","protected":false},"excerpt":{"rendered":"<p>M\u00e9xico, Avanzada (24\/01\/2025).- En su m\u00e1s reciente podcast de \u201cNarcosistema\u201d, la periodista de investigaci\u00f3n Anabel Hern\u00e1ndez revel\u00f3 que Nemesio Oseguera Cervantes, alias El Mencho, l\u00edder del C\u00e1rtel Jalisco Nueva Generaci\u00f3n (CJNG), goza de excelente salud y se encuentra listo para enfrentar lo que \u00e9l mismo ha denominado \u201cla madre de todas las batallas\u201d. Seg\u00fan Hern\u00e1ndez, [&hellip;]<\/p>\n","protected":false},"author":7,"featured_media":73147,"comment_status":"closed","ping_status":"closed","sticky":false,"template":"","format":"standard","meta":{"_coblocks_attr":"","_coblocks_dimensions":"","_coblocks_responsive_height":"","_coblocks_accordion_ie_support":"","_crdt_document":"","advanced_seo_description":"","jetpack_seo_html_title":"","jetpack_seo_noindex":false,"_jetpack_memberships_contains_paid_content":false,"footnotes":""},"categories":[22,231],"tags":[],"class_list":["post-73148","post","type-post","status-publish","format-standard","has-post-thumbnail","hentry","category-nacion","category-seguridad"],"jetpack_featured_media_url":"https:\/\/diarioavanzada.com.mx\/wp-content\/uploads\/2025\/01\/img_2213-1.jpg","jetpack-related-posts":[],"jetpack_sharing_enabled":true,"amp_enabled":true,"_links":{"self":[{"href":"https:\/\/diarioavanzada.com.mx\/index.php?rest_route=\/wp\/v2\/posts\/73148","targetHints":{"allow":["GET"]}}],"collection":[{"href":"https:\/\/diarioavanzada.com.mx\/index.php?rest_route=\/wp\/v2\/posts"}],"about":[{"href":"https:\/\/diarioavanzada.com.mx\/index.php?rest_route=\/wp\/v2\/types\/post"}],"author":[{"embeddable":true,"href":"https:\/\/diarioavanzada.com.mx\/index.php?rest_route=\/wp\/v2\/users\/7"}],"replies":[{"embeddable":true,"href":"https:\/\/diarioavanzada.com.mx\/index.php?rest_route=%2Fwp%2Fv2%2Fcomments&post=73148"}],"version-history":[{"count":1,"href":"https:\/\/diarioavanzada.com.mx\/index.php?rest_route=\/wp\/v2\/posts\/73148\/revisions"}],"predecessor-version":[{"id":73149,"href":"https:\/\/diarioavanzada.com.mx\/index.php?rest_route=\/wp\/v2\/posts\/73148\/revisions\/73149"}],"wp:featuredmedia":[{"embeddable":true,"href":"https:\/\/diarioavanzada.com.mx\/index.php?rest_route=\/wp\/v2\/media\/73147"}],"wp:attachment":[{"href":"https:\/\/diarioavanzada.com.mx\/index.php?rest_route=%2Fwp%2Fv2%2Fmedia&parent=73148"}],"wp:term":[{"taxonomy":"category","embeddable":true,"href":"https:\/\/diarioavanzada.com.mx\/index.php?rest_route=%2Fwp%2Fv2%2Fcategories&post=73148"},{"taxonomy":"post_tag","embeddable":true,"href":"https:\/\/diarioavanzada.com.mx\/index.php?rest_route=%2Fwp%2Fv2%2Ftags&post=73148"}],"curies":[{"name":"wp","href":"https:\/\/api.w.org\/{rel}","templated":true}]}}