{"id":73126,"date":"2025-01-24T19:39:19","date_gmt":"2025-01-25T01:39:19","guid":{"rendered":"https:\/\/diarioavanzada.com.mx\/?p=73126"},"modified":"2025-01-24T19:43:16","modified_gmt":"2025-01-25T01:43:16","slug":"reflexionan-en-coloquio-regional-sobre-creatividad-y-revistas-culturales","status":"publish","type":"post","link":"https:\/\/diarioavanzada.com.mx\/?p=73126","title":{"rendered":"Reflexionan en coloquio regional sobre creatividad y revistas culturales"},"content":{"rendered":"\n<p class=\"wp-block-paragraph\"><em>Participaron acad\u00e9micos de las universidades Aut\u00f3noma de Baja California Sur, de Guadalajara, la Aut\u00f3noma de Sinaloa (UAS), la Aut\u00f3noma de Baja California y de la Universidad de Colima.<\/em><\/p>\n\n\n\n<p class=\"wp-block-paragraph\">Colima, M\u00e9xico, Comunicado (24\/01\/2025).- Con el tema \u201cRevistas y suplementos culturales\u201d, se llev\u00f3 a cabo de manera virtual, los d\u00edas jueves 23 y viernes 24 de enero, el Segundo Coloquio de Investigaci\u00f3n en Literaturas Regionales, un evento organizado por la Universidad de Colima (UdeC) con la participaci\u00f3n de acad\u00e9micos de las universidades Aut\u00f3noma de Baja California Sur (UABCS), Guadalajara (UdeG), Aut\u00f3noma de Sinaloa (UAS) y Aut\u00f3noma de Baja California (UABC), adem\u00e1s de docentes de la propia UdeC.<\/p>\n\n\n\n<p class=\"wp-block-paragraph\">El coloquio tuvo como objetivo presentar y discutir avances e investigaciones relacionadas con las literaturas regionales y reflexionar sobre su desarrollo a trav\u00e9s de revistas y suplementos culturales. Las actividades incluyeron mesas de trabajo, ponencias y un conversatorio que reuni\u00f3 a investigadores y escritores, fomentando el intercambio acad\u00e9mico e interinstitucional en un ambiente de an\u00e1lisis y creatividad.<\/p>\n\n\n\n<p class=\"wp-block-paragraph\">La directora de la Facultad de Letras y Comunicaci\u00f3n de la UdeC, Krishna Naranjo Zavala, inaugur\u00f3 el evento describi\u00e9ndolo como un espacio de an\u00e1lisis indispensable. \u201cDesde un principio se respira y se siente el \u00e1nimo de reflexi\u00f3n, de compartir con colegas lo que pensamos de diferentes temas\u201d.&nbsp;<\/p>\n\n\n\n<p class=\"wp-block-paragraph\">Agreg\u00f3 que \u201ces un gusto participar en este coloquio, pues somos muy conscientes del valor de una revista o suplemento cultural. Estos materiales registran los pasos de la evoluci\u00f3n de nuestros autores, sus curiosidades, preferencias, estilos y sensibilidad, adem\u00e1s de ser testigos de su progreso o decadencia. Este evento concilia la investigaci\u00f3n y la reflexi\u00f3n, siempre necesarias en la actividad creativa\u201d.<\/p>\n\n\n\n<p class=\"wp-block-paragraph\">Por su parte, Ada Aurora S\u00e1nchez Pe\u00f1a, integrante del comit\u00e9 organizador, destac\u00f3 la trayectoria del proyecto acad\u00e9mico:<\/p>\n\n\n\n<p class=\"wp-block-paragraph\">\u201cSon tres a\u00f1os ya desde que iniciamos esta labor acad\u00e9mica en torno al estudio y difusi\u00f3n de las literaturas regionales. Hemos organizado seminarios virtuales con excelentes participaciones y un primer coloquio dedicado a la poes\u00eda de cuatro estados del Pac\u00edfico mexicano, del cual surgi\u00f3 un libro colectivo que pronto ver\u00e1 la luz. Adem\u00e1s, hemos llevado a cabo clases espejo, conferencias, conversatorios y presentaciones de libros, logrando un intenso y apasionado intercambio acad\u00e9mico\u201d.<\/p>\n\n\n\n<p class=\"wp-block-paragraph\">Durante la inauguraci\u00f3n, Elvia Guadalupe Espinoza R\u00edos, jefa del Departamento de Artes y Humanidades del CUSUR (UdeG), subray\u00f3 la relevancia de este encuentro:&nbsp;<\/p>\n\n\n\n<p class=\"wp-block-paragraph\">\u201cEste espacio no solo representa una oportunidad invaluable para el intercambio acad\u00e9mico, sino tambi\u00e9n un puente que nos conecta con las ricas tradiciones, voces y perspectivas que conforman nuestro panorama literario regional. Ustedes, como investigadoras e investigadores, son los arquitectos de un trabajo imprescindible: rescatar, documentar y analizar las huellas culturales que, a trav\u00e9s de revistas y suplementos, nos narran qui\u00e9nes fuimos, qui\u00e9nes somos y hacia d\u00f3nde podemos ir como sociedad\u201d.<\/p>\n\n\n\n<p class=\"wp-block-paragraph\">Marta Pi\u00f1a Zentella, jefa del Departamento Acad\u00e9mico de Humanidades de la UABCS, a\u00f1adi\u00f3 que el coloquio fomenta un di\u00e1logo acad\u00e9mico interinstitucional que contribuye a ampliar los paradigmas culturales. \u201cEste tipo de encuentros nos permite seguir fortaleciendo la reflexi\u00f3n acad\u00e9mica sobre las literaturas regionales, promoviendo un di\u00e1logo continuo entre instituciones que enriquece la investigaci\u00f3n en el \u00e1mbito cultural\u201d.<\/p>\n\n\n\n<p class=\"wp-block-paragraph\">Durante los dos d\u00edas del coloquio, se presentaron investigaciones sobre revistas culturales como <em>Textos<\/em>, <em>La Cachora<\/em> y <em>B\u00e1culo<\/em>, as\u00ed como publicaciones clave del feminismo y plataformas culturales digitales.<\/p>\n\n\n\n<p class=\"wp-block-paragraph\">En la jornada inaugural del jueves 23, se realizaron ponencias como la del doctor Javier Vel\u00e1zquez (UAS), quien analiz\u00f3 la revista <em>Textos<\/em>, y la doctora Mar\u00eda del Carmen Zamora Ch\u00e1vez (UdeC), quien reflexion\u00f3 sobre <em>B\u00e1culo<\/em>. Tambi\u00e9n se abordaron estudios sobre publicaciones de Baja California, Colima, Jalisco y Sinaloa, permitiendo un panorama amplio de las revistas literarias regionales.<\/p>\n\n\n\n<p class=\"wp-block-paragraph\">El viernes 24, la tercera mesa de trabajo se centr\u00f3 en la evoluci\u00f3n de las revistas literarias hacia la digitalizaci\u00f3n, incluyendo el auge de la blog\u00f3sfera literaria. Entre los ponentes destacaron el doctor Marco Antonio Vuelvas Sol\u00f3rzano (UdeC) y el doctor Ra\u00fal Fernando Linares Borboa (UABC).<\/p>\n\n\n\n<p class=\"wp-block-paragraph\">El evento concluy\u00f3 con un conversatorio entre escritores, quienes reflexionaron sobre la relaci\u00f3n entre la escritura creativa y las revistas culturales, subrayando el impacto de estas publicaciones como espacios esenciales para la expresi\u00f3n art\u00edstica y el pensamiento cr\u00edtico.<\/p>\n\n\n\n<figure class=\"wp-block-image size-large\"><img loading=\"lazy\" decoding=\"async\" width=\"1024\" height=\"602\" src=\"https:\/\/diarioavanzada.com.mx\/wp-content\/uploads\/2025\/01\/Reflexionan-en-coloquio-regional-sobre-creatividad-y-revistas-culturales_Krishna-1024x602.jpg\" alt=\"\" class=\"wp-image-73128\" srcset=\"https:\/\/diarioavanzada.com.mx\/wp-content\/uploads\/2025\/01\/Reflexionan-en-coloquio-regional-sobre-creatividad-y-revistas-culturales_Krishna-1024x602.jpg 1024w, https:\/\/diarioavanzada.com.mx\/wp-content\/uploads\/2025\/01\/Reflexionan-en-coloquio-regional-sobre-creatividad-y-revistas-culturales_Krishna-300x176.jpg 300w, https:\/\/diarioavanzada.com.mx\/wp-content\/uploads\/2025\/01\/Reflexionan-en-coloquio-regional-sobre-creatividad-y-revistas-culturales_Krishna-768x452.jpg 768w, https:\/\/diarioavanzada.com.mx\/wp-content\/uploads\/2025\/01\/Reflexionan-en-coloquio-regional-sobre-creatividad-y-revistas-culturales_Krishna-1200x706.jpg 1200w, https:\/\/diarioavanzada.com.mx\/wp-content\/uploads\/2025\/01\/Reflexionan-en-coloquio-regional-sobre-creatividad-y-revistas-culturales_Krishna.jpg 1251w\" sizes=\"auto, (max-width: 1024px) 100vw, 1024px\" \/><\/figure>\n\n\n\n<figure class=\"wp-block-image size-large\"><img loading=\"lazy\" decoding=\"async\" width=\"1024\" height=\"637\" src=\"https:\/\/diarioavanzada.com.mx\/wp-content\/uploads\/2025\/01\/Reflexionan-en-coloquio-regional-sobre-creatividad-y-revistas-culturales_Marta-1024x637.jpg\" alt=\"\" class=\"wp-image-73131\" srcset=\"https:\/\/diarioavanzada.com.mx\/wp-content\/uploads\/2025\/01\/Reflexionan-en-coloquio-regional-sobre-creatividad-y-revistas-culturales_Marta-1024x637.jpg 1024w, https:\/\/diarioavanzada.com.mx\/wp-content\/uploads\/2025\/01\/Reflexionan-en-coloquio-regional-sobre-creatividad-y-revistas-culturales_Marta-300x187.jpg 300w, https:\/\/diarioavanzada.com.mx\/wp-content\/uploads\/2025\/01\/Reflexionan-en-coloquio-regional-sobre-creatividad-y-revistas-culturales_Marta-768x477.jpg 768w, https:\/\/diarioavanzada.com.mx\/wp-content\/uploads\/2025\/01\/Reflexionan-en-coloquio-regional-sobre-creatividad-y-revistas-culturales_Marta.jpg 1171w\" sizes=\"auto, (max-width: 1024px) 100vw, 1024px\" \/><\/figure>\n\n\n\n<figure class=\"wp-block-image size-large\"><img loading=\"lazy\" decoding=\"async\" width=\"1023\" height=\"570\" src=\"https:\/\/diarioavanzada.com.mx\/wp-content\/uploads\/2025\/01\/img_2199-1.jpg\" class=\"wp-image-73140\" srcset=\"https:\/\/diarioavanzada.com.mx\/wp-content\/uploads\/2025\/01\/img_2199-1.jpg 1023w, https:\/\/diarioavanzada.com.mx\/wp-content\/uploads\/2025\/01\/img_2199-1-300x167.jpg 300w, https:\/\/diarioavanzada.com.mx\/wp-content\/uploads\/2025\/01\/img_2199-1-768x428.jpg 768w\" sizes=\"auto, (max-width: 1023px) 100vw, 1023px\" \/><\/figure>\n<div class=\"fb-background-color\">\n\t\t\t  <div \n\t\t\t  \tclass = \"fb-comments\" \n\t\t\t  \tdata-href = \"https:\/\/diarioavanzada.com.mx\/?p=73126\"\n\t\t\t  \tdata-numposts = \"10\"\n\t\t\t  \tdata-lazy = \"true\"\n\t\t\t\tdata-colorscheme = \"light\"\n\t\t\t\tdata-order-by = \"social\"\n\t\t\t\tdata-mobile=true>\n\t\t\t  <\/div><\/div>\n\t\t  <style>\n\t\t    .fb-background-color {\n\t\t\t\tbackground:  !important;\n\t\t\t}\n\t\t\t.fb_iframe_widget_fluid_desktop iframe {\n\t\t\t    width: 100% !important;\n\t\t\t}\n\t\t  <\/style>\n\t\t  ","protected":false},"excerpt":{"rendered":"<p>Participaron acad\u00e9micos de las universidades Aut\u00f3noma de Baja California Sur, de Guadalajara, la Aut\u00f3noma de Sinaloa (UAS), la Aut\u00f3noma de Baja California y de la Universidad de Colima. Colima, M\u00e9xico, Comunicado (24\/01\/2025).- Con el tema \u201cRevistas y suplementos culturales\u201d, se llev\u00f3 a cabo de manera virtual, los d\u00edas jueves 23 y viernes 24 de enero, [&hellip;]<\/p>\n","protected":false},"author":7,"featured_media":73139,"comment_status":"closed","ping_status":"closed","sticky":false,"template":"","format":"standard","meta":{"_coblocks_attr":"","_coblocks_dimensions":"","_coblocks_responsive_height":"","_coblocks_accordion_ie_support":"","_crdt_document":"","advanced_seo_description":"","jetpack_seo_html_title":"","jetpack_seo_noindex":false,"_jetpack_memberships_contains_paid_content":false,"footnotes":""},"categories":[19,209,22,7],"tags":[],"class_list":["post-73126","post","type-post","status-publish","format-standard","has-post-thumbnail","hentry","category-colima","category-importantes","category-nacion","category-noticias"],"jetpack_featured_media_url":"https:\/\/diarioavanzada.com.mx\/wp-content\/uploads\/2025\/01\/img_2198-1.jpg","jetpack-related-posts":[],"jetpack_sharing_enabled":true,"amp_enabled":true,"_links":{"self":[{"href":"https:\/\/diarioavanzada.com.mx\/index.php?rest_route=\/wp\/v2\/posts\/73126","targetHints":{"allow":["GET"]}}],"collection":[{"href":"https:\/\/diarioavanzada.com.mx\/index.php?rest_route=\/wp\/v2\/posts"}],"about":[{"href":"https:\/\/diarioavanzada.com.mx\/index.php?rest_route=\/wp\/v2\/types\/post"}],"author":[{"embeddable":true,"href":"https:\/\/diarioavanzada.com.mx\/index.php?rest_route=\/wp\/v2\/users\/7"}],"replies":[{"embeddable":true,"href":"https:\/\/diarioavanzada.com.mx\/index.php?rest_route=%2Fwp%2Fv2%2Fcomments&post=73126"}],"version-history":[{"count":6,"href":"https:\/\/diarioavanzada.com.mx\/index.php?rest_route=\/wp\/v2\/posts\/73126\/revisions"}],"predecessor-version":[{"id":73141,"href":"https:\/\/diarioavanzada.com.mx\/index.php?rest_route=\/wp\/v2\/posts\/73126\/revisions\/73141"}],"wp:featuredmedia":[{"embeddable":true,"href":"https:\/\/diarioavanzada.com.mx\/index.php?rest_route=\/wp\/v2\/media\/73139"}],"wp:attachment":[{"href":"https:\/\/diarioavanzada.com.mx\/index.php?rest_route=%2Fwp%2Fv2%2Fmedia&parent=73126"}],"wp:term":[{"taxonomy":"category","embeddable":true,"href":"https:\/\/diarioavanzada.com.mx\/index.php?rest_route=%2Fwp%2Fv2%2Fcategories&post=73126"},{"taxonomy":"post_tag","embeddable":true,"href":"https:\/\/diarioavanzada.com.mx\/index.php?rest_route=%2Fwp%2Fv2%2Ftags&post=73126"}],"curies":[{"name":"wp","href":"https:\/\/api.w.org\/{rel}","templated":true}]}}