{"id":73058,"date":"2025-01-24T08:30:05","date_gmt":"2025-01-24T14:30:05","guid":{"rendered":"https:\/\/diarioavanzada.com.mx\/?p=73058"},"modified":"2025-01-24T08:30:05","modified_gmt":"2025-01-24T14:30:05","slug":"entrego-en-tres-ocasiones-a-nina-de-13-anos-para-realizar-matrimonio-forzoso-o-servil","status":"publish","type":"post","link":"https:\/\/diarioavanzada.com.mx\/?p=73058","title":{"rendered":"Entreg\u00f3 en tres ocasiones a ni\u00f1a de 13 a\u00f1os para realizar matrimonio forzoso o servil"},"content":{"rendered":"\n<p class=\"p1 wp-block-paragraph\">Oaxaca de Ju\u00e1rez, M\u00e9xico, Comunicado (22\/01\/2025).- La aplicaci\u00f3n inmediata de protocolos de g\u00e9nero en la investigaci\u00f3n ministerial que realiza la Fiscal\u00eda General del Estado de Oaxaca (FGEO) hicieron posible obtener auto de vinculaci\u00f3n a proceso en contra de una persona del sexo femenino identificada como E.M.R., por el delito de trata de personas en grado de tentativa en la modalidad de matrimonio forzoso o servil agravado, cometido en la Sierra de Flores Mag\u00f3n en agravio de una adolescente.<\/p>\n\n\n\n<p class=\"p1 wp-block-paragraph\">De acuerdo con la denuncia asentada en el expediente penal del caso, los hechos ocurrieron en la comunidad de Mazatl\u00e1n Villa de Flores, donde personas adultas trataron de obligar a la v\u00edctima (una adolescente de 13 a\u00f1os de edad, cuya identidad est\u00e1 reservada por ley) a ser entregada a diversos adultos para contraer una relaci\u00f3n de pareja, situaci\u00f3n que se repiti\u00f3 en m\u00e1s de una ocasi\u00f3n.<\/p>\n\n\n\n<p class=\"p1 wp-block-paragraph\">La investigaci\u00f3n revela que los acontecimientos m\u00e1s recientes se suscitaron el 8 de junio del 2024, fecha en que una tercera persona dio aviso a la autoridad de la poblaci\u00f3n, quienes rescataron a la v\u00edctima a quien le brindaron medidas de protecci\u00f3n.<\/p>\n\n\n\n<p class=\"p1 wp-block-paragraph\">Una vez que la FGEO tom\u00f3 conocimiento del caso a trav\u00e9s de la Fiscal\u00eda Especializada para la Atenci\u00f3n a Delitos de Alto Impacto, inici\u00f3 las investigaciones correspondientes, gracias a las cuales se obtuvo una orden de aprehensi\u00f3n contra la imputada quien fue detenida para su proceso legal correspondiente.<\/p>\n\n\n\n<p class=\"p1 wp-block-paragraph\">Durante el desahogo de pruebas aportadas por la FGEO, el Juez que atiende la causa determin\u00f3 dictar auto de vinculaci\u00f3n a proceso en contra de E.M.R., por el delito de trata de personas en grado de tentativa en la modalidad de matrimonio forzoso o servil agravado.<\/p>\n\n\n\n<p class=\"p1 wp-block-paragraph\">Adem\u00e1s, como medida cautelar, la autoridad judicial impuso prisi\u00f3n preventiva justificada, otorgando un plazo de 5 meses para el cierre de la investigaci\u00f3n complementaria.<\/p>\n<div class=\"fb-background-color\">\n\t\t\t  <div \n\t\t\t  \tclass = \"fb-comments\" \n\t\t\t  \tdata-href = \"https:\/\/diarioavanzada.com.mx\/?p=73058\"\n\t\t\t  \tdata-numposts = \"10\"\n\t\t\t  \tdata-lazy = \"true\"\n\t\t\t\tdata-colorscheme = \"light\"\n\t\t\t\tdata-order-by = \"social\"\n\t\t\t\tdata-mobile=true>\n\t\t\t  <\/div><\/div>\n\t\t  <style>\n\t\t    .fb-background-color {\n\t\t\t\tbackground:  !important;\n\t\t\t}\n\t\t\t.fb_iframe_widget_fluid_desktop iframe {\n\t\t\t    width: 100% !important;\n\t\t\t}\n\t\t  <\/style>\n\t\t  ","protected":false},"excerpt":{"rendered":"<p>Oaxaca de Ju\u00e1rez, M\u00e9xico, Comunicado (22\/01\/2025).- La aplicaci\u00f3n inmediata de protocolos de g\u00e9nero en la investigaci\u00f3n ministerial que realiza la Fiscal\u00eda General del Estado de Oaxaca (FGEO) hicieron posible obtener auto de vinculaci\u00f3n a proceso en contra de una persona del sexo femenino identificada como E.M.R., por el delito de trata de personas en grado [&hellip;]<\/p>\n","protected":false},"author":7,"featured_media":73057,"comment_status":"closed","ping_status":"closed","sticky":false,"template":"","format":"standard","meta":{"_coblocks_attr":"","_coblocks_dimensions":"","_coblocks_responsive_height":"","_coblocks_accordion_ie_support":"","_crdt_document":"","advanced_seo_description":"","jetpack_seo_html_title":"","jetpack_seo_noindex":false,"_jetpack_memberships_contains_paid_content":false,"footnotes":""},"categories":[22,231],"tags":[],"class_list":["post-73058","post","type-post","status-publish","format-standard","has-post-thumbnail","hentry","category-nacion","category-seguridad"],"jetpack_featured_media_url":"https:\/\/diarioavanzada.com.mx\/wp-content\/uploads\/2025\/01\/img_4096-1.jpg","jetpack-related-posts":[],"jetpack_sharing_enabled":true,"amp_enabled":true,"_links":{"self":[{"href":"https:\/\/diarioavanzada.com.mx\/index.php?rest_route=\/wp\/v2\/posts\/73058","targetHints":{"allow":["GET"]}}],"collection":[{"href":"https:\/\/diarioavanzada.com.mx\/index.php?rest_route=\/wp\/v2\/posts"}],"about":[{"href":"https:\/\/diarioavanzada.com.mx\/index.php?rest_route=\/wp\/v2\/types\/post"}],"author":[{"embeddable":true,"href":"https:\/\/diarioavanzada.com.mx\/index.php?rest_route=\/wp\/v2\/users\/7"}],"replies":[{"embeddable":true,"href":"https:\/\/diarioavanzada.com.mx\/index.php?rest_route=%2Fwp%2Fv2%2Fcomments&post=73058"}],"version-history":[{"count":0,"href":"https:\/\/diarioavanzada.com.mx\/index.php?rest_route=\/wp\/v2\/posts\/73058\/revisions"}],"wp:featuredmedia":[{"embeddable":true,"href":"https:\/\/diarioavanzada.com.mx\/index.php?rest_route=\/wp\/v2\/media\/73057"}],"wp:attachment":[{"href":"https:\/\/diarioavanzada.com.mx\/index.php?rest_route=%2Fwp%2Fv2%2Fmedia&parent=73058"}],"wp:term":[{"taxonomy":"category","embeddable":true,"href":"https:\/\/diarioavanzada.com.mx\/index.php?rest_route=%2Fwp%2Fv2%2Fcategories&post=73058"},{"taxonomy":"post_tag","embeddable":true,"href":"https:\/\/diarioavanzada.com.mx\/index.php?rest_route=%2Fwp%2Fv2%2Ftags&post=73058"}],"curies":[{"name":"wp","href":"https:\/\/api.w.org\/{rel}","templated":true}]}}