{"id":72937,"date":"2025-01-23T05:48:46","date_gmt":"2025-01-23T11:48:46","guid":{"rendered":"https:\/\/diarioavanzada.com.mx\/?p=72937"},"modified":"2025-01-23T05:48:46","modified_gmt":"2025-01-23T11:48:46","slug":"obligaban-a-trabajar-en-condiciones-de-esclavitud-a-sus-victimas-pasaran-12-anos-en-prision","status":"publish","type":"post","link":"https:\/\/diarioavanzada.com.mx\/?p=72937","title":{"rendered":"Obligaban a trabajar en condiciones de esclavitud a sus v\u00edctimas: pasar\u00e1n 12 a\u00f1os en prisi\u00f3n"},"content":{"rendered":"\n<p class=\"wp-block-paragraph\">Chihuahua, M\u00e9xico, Comunicado (23\/01\/2024).- La Fiscal\u00eda Especializada en Investigaci\u00f3n de Violaciones a Derechos Humanos y Desaparici\u00f3n Forzada, concluy\u00f3 con sentencias condenatorias, el proceso seguido en contra tres integrantes de un grupo delictivo que obligaba a sus v\u00edctimas a realizar trabajos forzados en la zona occidente del estado.<\/p>\n\n\n\n<p class=\"wp-block-paragraph\">A trav\u00e9s de un procedimiento especial abreviado, los imputados reconocieron ante un Juez de Control con sede en Guerrero, Chihuahua, formar parte de una estructura criminal que por varios a\u00f1os se dedic\u00f3 a captar personas por medio de enga\u00f1os, para luego obligarlas a trabajar todos los d\u00edas por m\u00e1s de 12 horas en campos de cultivos de enervantes.<\/p>\n\n\n\n<p class=\"wp-block-paragraph\">Los procesados fueron sentenciado a cumplir cada uno, una condena de 12 a\u00f1os y 6 meses de prisi\u00f3n por el delito de trata de personas con penalidad agravada, en la modalidad de trabajos forzados, el cual fue cometido en perjuicio de cinco adultos del sexo masculino y un adolescente integrante del pueblo originario rar\u00e1muri.<\/p>\n\n\n\n<p class=\"wp-block-paragraph\">Cabe destacar que, por tratarse de una violaci\u00f3n grave a los Derechos Humanos, se les neg\u00f3 el acceso a cualquier beneficio que permita su liberaci\u00f3n anticipada, por lo que deber\u00e1n compurgar la totalidad de la sentencia en prisi\u00f3n.<\/p>\n\n\n\n<p class=\"wp-block-paragraph\">Las investigaciones ministeriales efectuadas por la Unidad Especializada de Investigaci\u00f3n de Violaciones a Derechos Humanos, demostraron que el ahora sentenciado, identificado como Alfredo B. E., alias El Comandante, junto con otras personas, se encargaba de vigilar un campamento localizado en la localidad de Yoquivo, Municipio de Ocampo, y como parte de sus funciones en la estructura, impon\u00eda castigos crueles a las v\u00edctimas que incumpl\u00edan con el trabajo.<\/p>\n\n\n\n<p class=\"wp-block-paragraph\">Por su parte, el procesado Manuel de Jes\u00fas R. M., alias El \u00c1guila Dos, se encargaba del campamento y desempe\u00f1aba varias funciones dentro del mismo, entre ellas, la de obligar a las v\u00edctimas a cumplir con jornadas de trabajo bajo condiciones inhumanas.<\/p>\n\n\n\n<p class=\"wp-block-paragraph\">El tercer sentenciado, identificado como Domingo V. B., alias El Mingo, se desempe\u00f1aba como custodio de las v\u00edctimas durante los traslados desde el lugar conocido como Lago de Las Garzas hacia el campamento, y quitaba todas sus pertenencias a las v\u00edctimas para evitar que escaparan o tuvieran contacto con sus familiares.<\/p>\n\n\n\n<p class=\"wp-block-paragraph\">La informaci\u00f3n obtenida durante el proceso de investigaci\u00f3n, se\u00f1ala que el grupo delictivo alimentaba a las v\u00edctimas una sola vez al d\u00eda solo con Maseca, agua y frijoles con gorgojo; no se les permit\u00eda ba\u00f1arse ni cambiarse y en todo momento, los custodiaban para evitar que pudieran huir.<\/p>\n\n\n\n<p class=\"wp-block-paragraph\">Se document\u00f3, adem\u00e1s, que, si dejaban de trabajar por cansancio, los torturaban at\u00e1ndolos en pinos y los dejaban por horas sin ropa bajo el sol, adem\u00e1s de mantenerlos descalzos para que no pudieran correr.<\/p>\n\n\n\n<p class=\"wp-block-paragraph\">Durante la audiencia, los sentenciados presentaron voluntariamente una disculpa p\u00fablica que se har\u00e1 llegar a las v\u00edctimas, y realizaron un pago de 50 mil pesos como parte de las medidas de reparaci\u00f3n y no repetici\u00f3n, que se determinar\u00e1n durante la etapa de ejecuci\u00f3n de la sentencia.<\/p>\n\n\n\n<p class=\"wp-block-paragraph\">Cabe hacer menci\u00f3n, que existe un cuarto implicado relacionado con el caso, identificado como Henri Jovany V. B. alias \u201cEl Chiapas\u201d, quien a\u00fan se encuentra en espera de ser juzgado a trav\u00e9s de un Juicio Oral.<\/p>\n\n\n\n<p class=\"wp-block-paragraph\"><\/p>\n<div class=\"fb-background-color\">\n\t\t\t  <div \n\t\t\t  \tclass = \"fb-comments\" \n\t\t\t  \tdata-href = \"https:\/\/diarioavanzada.com.mx\/?p=72937\"\n\t\t\t  \tdata-numposts = \"10\"\n\t\t\t  \tdata-lazy = \"true\"\n\t\t\t\tdata-colorscheme = \"light\"\n\t\t\t\tdata-order-by = \"social\"\n\t\t\t\tdata-mobile=true>\n\t\t\t  <\/div><\/div>\n\t\t  <style>\n\t\t    .fb-background-color {\n\t\t\t\tbackground:  !important;\n\t\t\t}\n\t\t\t.fb_iframe_widget_fluid_desktop iframe {\n\t\t\t    width: 100% !important;\n\t\t\t}\n\t\t  <\/style>\n\t\t  ","protected":false},"excerpt":{"rendered":"<p>Chihuahua, M\u00e9xico, Comunicado (23\/01\/2024).- La Fiscal\u00eda Especializada en Investigaci\u00f3n de Violaciones a Derechos Humanos y Desaparici\u00f3n Forzada, concluy\u00f3 con sentencias condenatorias, el proceso seguido en contra tres integrantes de un grupo delictivo que obligaba a sus v\u00edctimas a realizar trabajos forzados en la zona occidente del estado. A trav\u00e9s de un procedimiento especial abreviado, los [&hellip;]<\/p>\n","protected":false},"author":7,"featured_media":72936,"comment_status":"closed","ping_status":"closed","sticky":false,"template":"","format":"standard","meta":{"_coblocks_attr":"","_coblocks_dimensions":"","_coblocks_responsive_height":"","_coblocks_accordion_ie_support":"","_crdt_document":"","advanced_seo_description":"","jetpack_seo_html_title":"","jetpack_seo_noindex":false,"_jetpack_memberships_contains_paid_content":false,"footnotes":""},"categories":[22,231],"tags":[],"class_list":["post-72937","post","type-post","status-publish","format-standard","has-post-thumbnail","hentry","category-nacion","category-seguridad"],"jetpack_featured_media_url":"https:\/\/diarioavanzada.com.mx\/wp-content\/uploads\/2025\/01\/img_4040-1.jpg","jetpack-related-posts":[],"jetpack_sharing_enabled":true,"amp_enabled":true,"_links":{"self":[{"href":"https:\/\/diarioavanzada.com.mx\/index.php?rest_route=\/wp\/v2\/posts\/72937","targetHints":{"allow":["GET"]}}],"collection":[{"href":"https:\/\/diarioavanzada.com.mx\/index.php?rest_route=\/wp\/v2\/posts"}],"about":[{"href":"https:\/\/diarioavanzada.com.mx\/index.php?rest_route=\/wp\/v2\/types\/post"}],"author":[{"embeddable":true,"href":"https:\/\/diarioavanzada.com.mx\/index.php?rest_route=\/wp\/v2\/users\/7"}],"replies":[{"embeddable":true,"href":"https:\/\/diarioavanzada.com.mx\/index.php?rest_route=%2Fwp%2Fv2%2Fcomments&post=72937"}],"version-history":[{"count":0,"href":"https:\/\/diarioavanzada.com.mx\/index.php?rest_route=\/wp\/v2\/posts\/72937\/revisions"}],"wp:featuredmedia":[{"embeddable":true,"href":"https:\/\/diarioavanzada.com.mx\/index.php?rest_route=\/wp\/v2\/media\/72936"}],"wp:attachment":[{"href":"https:\/\/diarioavanzada.com.mx\/index.php?rest_route=%2Fwp%2Fv2%2Fmedia&parent=72937"}],"wp:term":[{"taxonomy":"category","embeddable":true,"href":"https:\/\/diarioavanzada.com.mx\/index.php?rest_route=%2Fwp%2Fv2%2Fcategories&post=72937"},{"taxonomy":"post_tag","embeddable":true,"href":"https:\/\/diarioavanzada.com.mx\/index.php?rest_route=%2Fwp%2Fv2%2Ftags&post=72937"}],"curies":[{"name":"wp","href":"https:\/\/api.w.org\/{rel}","templated":true}]}}