{"id":72926,"date":"2025-01-23T05:16:32","date_gmt":"2025-01-23T11:16:32","guid":{"rendered":"https:\/\/diarioavanzada.com.mx\/?p=72926"},"modified":"2025-01-23T05:20:38","modified_gmt":"2025-01-23T11:20:38","slug":"un-nuevo-impuesto-mas-de-396-mil-colimotes-en-la-mira","status":"publish","type":"post","link":"https:\/\/diarioavanzada.com.mx\/?p=72926","title":{"rendered":"Un nuevo impuesto: m\u00e1s de 396 mil colimotes&nbsp;en la mira"},"content":{"rendered":"\n<p class=\"s2 wp-block-paragraph\"><strong>Columna<\/strong><\/p>\n\n\n\n<p class=\"s2 wp-block-paragraph\"><strong>El Puercoesp\u00edn<\/strong><\/p>\n\n\n\n<p class=\"s2 wp-block-paragraph\">Tener en la mira a algo o a alguien significa que dicho objeto o persona est\u00e1 siendo objeto de atenci\u00f3n y observado muy detenidamente. En sentido figurado,&nbsp;significa tenerlo en el blanco como si estuviera escrutado a trav\u00e9s de una mira telesc\u00f3pica.<\/p>\n\n\n\n<p class=\"s2 wp-block-paragraph\">Colima tiene aproximadamente 750 mil habitantes de los cuales m\u00e1s de 396 mil cuentan con&nbsp;un veh\u00edculo particular para transportarse.&nbsp;El parque vehicular aumenta&nbsp;anualmente 15 mil unidades, entre flota priva y mercantil. En el estado circulan autom\u00f3viles, camiones, motocicletas y remolques. Todos pagan su calcoman\u00eda. Lo anterior significa que el 52 % de los habitantes,&nbsp;cuando menos,&nbsp;cuentan con una unidad motorizada para movilizarse.<\/p>\n\n\n\n<p class=\"s2 wp-block-paragraph\">El gobierno del estado est\u00e1 estudiando la posibilidad de imponer un gravamen a los camiones que circulen por el llamado macro libramiento que ser\u00edan en gran cantidad por el crecimiento del puerto de Manzanillo.<\/p>\n\n\n\n<p class=\"s2 wp-block-paragraph\">La titular del Poder Ejecutivo coment\u00f3 en su conferencia de prensa&nbsp;Di\u00e1logos por la Transformaci\u00f3n,&nbsp;a pregunta expresa de uno de los reporteros, que se estaba estudiando, en conjunto con el Gobierno de M\u00e9xico, crear un impuesto al transporte de carga, pues las ampliaciones del puerto de Manzanillo provocar\u00e1n una mayor cantidad de tr\u00e1fico y ella ve,&nbsp;como&nbsp;muy conveniente,&nbsp;imponerles un gravamen como una forma de aumentar la recaudaci\u00f3n fiscal y as\u00ed aumentar los ingresos propios y poder pagar las deudas que nos dejaron los anteriores gobiernos.<\/p>\n\n\n\n<p class=\"s2 wp-block-paragraph\">La versi\u00f3n de la gobernadora de que se est\u00e1 estudiando un posible impuesto al transporte de carga&nbsp;en conjunto con la federaci\u00f3n&nbsp;no resulta cre\u00edble. En la agenda del Gobierno de M\u00e9xico no se contempla ninguna reforma&nbsp;fiscal&nbsp;y mucho menos el aumento o la creaci\u00f3n de nuevos impuestos, solo actualizarlos conforme a la tasa inflacionaria. La presidentade M\u00e9xico&nbsp;lo ha reiterado en m\u00faltiples ocasiones.<\/p>\n\n\n\n<p class=\"s2 wp-block-paragraph\">El gobierno de Colima podr\u00e1 estar pidiendo asesor\u00eda de c\u00f3mo instrumenta el impuesto al transporte de carga, pero que est\u00e9n estudiando la creaci\u00f3n de un posible impuesto no resulta cre\u00edble.<\/p>\n\n\n\n<p class=\"s2 wp-block-paragraph\">En el fondo lo que est\u00e1 pensando hacer el gobierno de Colima es crear un impuesto al transporte de carga por la v\u00eda de la reciente aprobaci\u00f3n de la ley medioambiental del gravamen al CO2.&nbsp;<\/p>\n\n\n\n<p class=\"s2 wp-block-paragraph\">Al parecer la estrategia es principiar con gravar el transporte de cargo y como segundo paso gravar todos los veh\u00edculos por la v\u00eda del holograma.<\/p>\n\n\n\n<p class=\"s2 wp-block-paragraph\">Que bueno que la gobernadora se sincer\u00f3. No contest\u00f3 cu\u00e1nto se ha reducido la deuda ni cuantos prestamos ha pedido, pero lo \u00fanico certero es que el gobierno est\u00e1 con&nbsp;las&nbsp;finanzas al filo del desastre y precisa de aumentar su recaudaci\u00f3n fiscal.<\/p>\n\n\n\n<p class=\"s2 wp-block-paragraph\">Mi tesis es que van a probar,&nbsp;por la v\u00eda&nbsp;de imponer un gravamen al transporte de carga,&nbsp;c\u00f3mo reaccionan los ciudadanos y dependiendo de la reacci\u00f3n, cualquier d\u00eda, como acostumbra el&nbsp;Congreso del Estado, imponer un gravamen a los m\u00e1s de 396 veh\u00edculos con los que cuenta el estado de Colima.<\/p>\n\n\n\n<p class=\"s2 wp-block-paragraph\">O de plano en forma directa&nbsp;van a&nbsp;imponer el gravamen y pasar a pagar los desv\u00edos y&nbsp;rater\u00edas&nbsp;de los gobiernos quienes tenemos autos, pero los que&nbsp;no&nbsp;tienen&nbsp;veh\u00edculo&nbsp;tambi\u00e9nterminar\u00edan&nbsp;afectados porque el transporte&nbsp;p\u00fablicoigualmente&nbsp;se ver\u00eda gravado y el costo se lo pasar\u00edan a los usuarios.<\/p>\n\n\n\n<p class=\"s2 wp-block-paragraph\">No ser\u00eda mejor lograr consensos por la v\u00eda de recuperar los recursos p\u00fablicos perdidos y castigar a los culpables para mandar el mensaje&nbsp;de&nbsp;que se necesita m\u00e1s dinero, pero ese dinero ser\u00eda bien aplicado y los culpables castigados.<\/p>\n\n\n\n<p class=\"s2 wp-block-paragraph\">Hasta ahora no sabemos cu\u00e1nto dinero se ha recuperado y qui\u00e9n o qui\u00e9nes han sido castigados.&nbsp;<\/p>\n\n\n\n<p class=\"s2 wp-block-paragraph\">Si el gobierno no transparenta la aplicaci\u00f3n del impuesto y act\u00faa con honestidad y claridad y construyendo una agenda para el beneficio de los ciudadanos, los colimenses no vamos a tolerar la imposici\u00f3n de un gravamen para salvar a los rateros.<\/p>\n\n\n\n<p class=\"s2 wp-block-paragraph\">Por lo pronto 396 mil ciudadanos estamos en la mira para saquear nuestros bolsillos por un gobierno que no trata de&nbsp;convencernos,&nbsp;sino que intenta imponer porque no ha tenido la honestidad de abrir el debate p\u00fablico.<\/p>\n<div class=\"fb-background-color\">\n\t\t\t  <div \n\t\t\t  \tclass = \"fb-comments\" \n\t\t\t  \tdata-href = \"https:\/\/diarioavanzada.com.mx\/?p=72926\"\n\t\t\t  \tdata-numposts = \"10\"\n\t\t\t  \tdata-lazy = \"true\"\n\t\t\t\tdata-colorscheme = \"light\"\n\t\t\t\tdata-order-by = \"social\"\n\t\t\t\tdata-mobile=true>\n\t\t\t  <\/div><\/div>\n\t\t  <style>\n\t\t    .fb-background-color {\n\t\t\t\tbackground:  !important;\n\t\t\t}\n\t\t\t.fb_iframe_widget_fluid_desktop iframe {\n\t\t\t    width: 100% !important;\n\t\t\t}\n\t\t  <\/style>\n\t\t  ","protected":false},"excerpt":{"rendered":"<p>Columna El Puercoesp\u00edn Tener en la mira a algo o a alguien significa que dicho objeto o persona est\u00e1 siendo objeto de atenci\u00f3n y observado muy detenidamente. En sentido figurado,&nbsp;significa tenerlo en el blanco como si estuviera escrutado a trav\u00e9s de una mira telesc\u00f3pica. Colima tiene aproximadamente 750 mil habitantes de los cuales m\u00e1s de [&hellip;]<\/p>\n","protected":false},"author":9,"featured_media":72933,"comment_status":"closed","ping_status":"closed","sticky":false,"template":"","format":"standard","meta":{"_coblocks_attr":"","_coblocks_dimensions":"","_coblocks_responsive_height":"","_coblocks_accordion_ie_support":"","advanced_seo_description":"","jetpack_seo_html_title":"","jetpack_seo_noindex":false,"jetpack_seo_schema_type":"","_jetpack_newsletter_access":"","_jetpack_dont_email_post_to_subs":false,"_jetpack_newsletter_tier_id":0,"_jetpack_memberships_contains_paywalled_content":false,"_wpcom_ai_launchpad_first_post":false,"_jetpack_feature_clip_id":0,"_jetpack_memberships_contains_paid_content":false,"footnotes":"","jetpack_post_was_ever_published":false},"categories":[19,209,7,24],"tags":[],"class_list":["post-72926","post","type-post","status-publish","format-standard","has-post-thumbnail","hentry","category-colima","category-importantes","category-noticias","category-opinion"],"jetpack-related-posts":[],"jetpack_sharing_enabled":true,"amp_enabled":true,"jetpack_featured_media_url":"https:\/\/diarioavanzada.com.mx\/wp-content\/uploads\/2025\/01\/9f113315-db85-4466-8bcd-116a47e7e997-1.png","_links":{"self":[{"href":"https:\/\/diarioavanzada.com.mx\/index.php?rest_route=\/wp\/v2\/posts\/72926","targetHints":{"allow":["GET"]}}],"collection":[{"href":"https:\/\/diarioavanzada.com.mx\/index.php?rest_route=\/wp\/v2\/posts"}],"about":[{"href":"https:\/\/diarioavanzada.com.mx\/index.php?rest_route=\/wp\/v2\/types\/post"}],"author":[{"embeddable":true,"href":"https:\/\/diarioavanzada.com.mx\/index.php?rest_route=\/wp\/v2\/users\/9"}],"replies":[{"embeddable":true,"href":"https:\/\/diarioavanzada.com.mx\/index.php?rest_route=%2Fwp%2Fv2%2Fcomments&post=72926"}],"version-history":[{"count":2,"href":"https:\/\/diarioavanzada.com.mx\/index.php?rest_route=\/wp\/v2\/posts\/72926\/revisions"}],"predecessor-version":[{"id":72935,"href":"https:\/\/diarioavanzada.com.mx\/index.php?rest_route=\/wp\/v2\/posts\/72926\/revisions\/72935"}],"wp:featuredmedia":[{"embeddable":true,"href":"https:\/\/diarioavanzada.com.mx\/index.php?rest_route=\/wp\/v2\/media\/72933"}],"wp:attachment":[{"href":"https:\/\/diarioavanzada.com.mx\/index.php?rest_route=%2Fwp%2Fv2%2Fmedia&parent=72926"}],"wp:term":[{"taxonomy":"category","embeddable":true,"href":"https:\/\/diarioavanzada.com.mx\/index.php?rest_route=%2Fwp%2Fv2%2Fcategories&post=72926"},{"taxonomy":"post_tag","embeddable":true,"href":"https:\/\/diarioavanzada.com.mx\/index.php?rest_route=%2Fwp%2Fv2%2Ftags&post=72926"}],"curies":[{"name":"wp","href":"https:\/\/api.w.org\/{rel}","templated":true}]}}