{"id":72821,"date":"2025-01-22T16:06:02","date_gmt":"2025-01-22T22:06:02","guid":{"rendered":"https:\/\/diarioavanzada.com.mx\/?p=72821"},"modified":"2025-01-22T17:12:51","modified_gmt":"2025-01-22T23:12:51","slug":"se-busca-erika-desaparecio-en-manzanillo","status":"publish","type":"post","link":"https:\/\/diarioavanzada.com.mx\/?p=72821","title":{"rendered":"Se busca: Erika desapareci\u00f3 en Manzanillo"},"content":{"rendered":"\n<p class=\"wp-block-paragraph\">Colima, M\u00e9xico, Avanzada (22\/01\/2025).- La Comisi\u00f3n de B\u00fasqueda de Personas del Estado de Colima solicita la colaboraci\u00f3n de la ciudadan\u00eda para localizar a Erika Longoria Carrillo, una mujer de 42 a\u00f1os desaparecida en Manzanillo el pasado 19 de diciembre de 2024. Su ausencia fue reportada oficialmente el 20 de enero de 2025.<\/p>\n\n\n\n<p class=\"wp-block-paragraph\">Erika mide 1.55 metros, tiene el cabello lacio, rapado y de color negro. Sus ojos son peque\u00f1os y de color caf\u00e9 oscuro, su tez es morena clara y presenta rasgos caracter\u00edsticos como nariz achatada, frente chica y ment\u00f3n ovalado.<\/p>\n\n\n\n<p class=\"wp-block-paragraph\">Entre sus se\u00f1as particulares se destacan varios tatuajes: una mariposa en la oreja derecha, la figura de la Santa Muerte en la mu\u00f1eca del brazo izquierdo, el nombre \u201cMARLENE\u201d en la espalda baja y una rosa con atrapasue\u00f1os en una de las piernas. Adem\u00e1s, tiene una cicatriz horizontal de ces\u00e1rea.<\/p>\n\n\n\n<p class=\"wp-block-paragraph\">Erika padece esquizofrenia y, seg\u00fan informes, frecuenta la zona del mercado de Santiago en Manzanillo, donde se encuentra en situaci\u00f3n de calle.<\/p>\n\n\n\n<p class=\"wp-block-paragraph\">Las autoridades piden a quien tenga informaci\u00f3n sobre su paradero comunicarse al n\u00famero de la Comisi\u00f3n de B\u00fasqueda de Personas del Estado de Colima: 312 131 3809. La colaboraci\u00f3n de la comunidad es vital para dar con su ubicaci\u00f3n.<\/p>\n\n\n\n<figure class=\"wp-block-image size-large\"><img loading=\"lazy\" decoding=\"async\" width=\"940\" height=\"788\" src=\"https:\/\/diarioavanzada.com.mx\/wp-content\/uploads\/2025\/01\/801f1c01-381f-4e8a-87d8-a10bdd0d683b-1.jpg\" alt=\"\" class=\"wp-image-72820\" srcset=\"https:\/\/diarioavanzada.com.mx\/wp-content\/uploads\/2025\/01\/801f1c01-381f-4e8a-87d8-a10bdd0d683b-1.jpg 940w, https:\/\/diarioavanzada.com.mx\/wp-content\/uploads\/2025\/01\/801f1c01-381f-4e8a-87d8-a10bdd0d683b-1-300x251.jpg 300w, https:\/\/diarioavanzada.com.mx\/wp-content\/uploads\/2025\/01\/801f1c01-381f-4e8a-87d8-a10bdd0d683b-1-768x644.jpg 768w\" sizes=\"auto, (max-width: 940px) 100vw, 940px\" \/><\/figure>\n<div class=\"fb-background-color\">\n\t\t\t  <div \n\t\t\t  \tclass = \"fb-comments\" \n\t\t\t  \tdata-href = \"https:\/\/diarioavanzada.com.mx\/?p=72821\"\n\t\t\t  \tdata-numposts = \"10\"\n\t\t\t  \tdata-lazy = \"true\"\n\t\t\t\tdata-colorscheme = \"light\"\n\t\t\t\tdata-order-by = \"social\"\n\t\t\t\tdata-mobile=true>\n\t\t\t  <\/div><\/div>\n\t\t  <style>\n\t\t    .fb-background-color {\n\t\t\t\tbackground:  !important;\n\t\t\t}\n\t\t\t.fb_iframe_widget_fluid_desktop iframe {\n\t\t\t    width: 100% !important;\n\t\t\t}\n\t\t  <\/style>\n\t\t  ","protected":false},"excerpt":{"rendered":"<p>Colima, M\u00e9xico, Avanzada (22\/01\/2025).- La Comisi\u00f3n de B\u00fasqueda de Personas del Estado de Colima solicita la colaboraci\u00f3n de la ciudadan\u00eda para localizar a Erika Longoria Carrillo, una mujer de 42 a\u00f1os desaparecida en Manzanillo el pasado 19 de diciembre de 2024. Su ausencia fue reportada oficialmente el 20 de enero de 2025. Erika mide 1.55 [&hellip;]<\/p>\n","protected":false},"author":7,"featured_media":72822,"comment_status":"closed","ping_status":"closed","sticky":false,"template":"","format":"standard","meta":{"_coblocks_attr":"","_coblocks_dimensions":"","_coblocks_responsive_height":"","_coblocks_accordion_ie_support":"","_crdt_document":"","advanced_seo_description":"","jetpack_seo_html_title":"","jetpack_seo_noindex":false,"_jetpack_memberships_contains_paid_content":false,"footnotes":""},"categories":[19,209,7,231],"tags":[],"class_list":["post-72821","post","type-post","status-publish","format-standard","has-post-thumbnail","hentry","category-colima","category-importantes","category-noticias","category-seguridad"],"jetpack_featured_media_url":"https:\/\/diarioavanzada.com.mx\/wp-content\/uploads\/2025\/01\/img_0629-1.png","jetpack-related-posts":[],"jetpack_sharing_enabled":true,"amp_enabled":true,"_links":{"self":[{"href":"https:\/\/diarioavanzada.com.mx\/index.php?rest_route=\/wp\/v2\/posts\/72821","targetHints":{"allow":["GET"]}}],"collection":[{"href":"https:\/\/diarioavanzada.com.mx\/index.php?rest_route=\/wp\/v2\/posts"}],"about":[{"href":"https:\/\/diarioavanzada.com.mx\/index.php?rest_route=\/wp\/v2\/types\/post"}],"author":[{"embeddable":true,"href":"https:\/\/diarioavanzada.com.mx\/index.php?rest_route=\/wp\/v2\/users\/7"}],"replies":[{"embeddable":true,"href":"https:\/\/diarioavanzada.com.mx\/index.php?rest_route=%2Fwp%2Fv2%2Fcomments&post=72821"}],"version-history":[{"count":2,"href":"https:\/\/diarioavanzada.com.mx\/index.php?rest_route=\/wp\/v2\/posts\/72821\/revisions"}],"predecessor-version":[{"id":72829,"href":"https:\/\/diarioavanzada.com.mx\/index.php?rest_route=\/wp\/v2\/posts\/72821\/revisions\/72829"}],"wp:featuredmedia":[{"embeddable":true,"href":"https:\/\/diarioavanzada.com.mx\/index.php?rest_route=\/wp\/v2\/media\/72822"}],"wp:attachment":[{"href":"https:\/\/diarioavanzada.com.mx\/index.php?rest_route=%2Fwp%2Fv2%2Fmedia&parent=72821"}],"wp:term":[{"taxonomy":"category","embeddable":true,"href":"https:\/\/diarioavanzada.com.mx\/index.php?rest_route=%2Fwp%2Fv2%2Fcategories&post=72821"},{"taxonomy":"post_tag","embeddable":true,"href":"https:\/\/diarioavanzada.com.mx\/index.php?rest_route=%2Fwp%2Fv2%2Ftags&post=72821"}],"curies":[{"name":"wp","href":"https:\/\/api.w.org\/{rel}","templated":true}]}}